{"id":5554,"date":"2025-06-10T19:49:50","date_gmt":"2025-06-10T22:49:50","guid":{"rendered":"https:\/\/noticiasregionais.com.br\/?p=5554"},"modified":"2025-06-10T19:49:54","modified_gmt":"2025-06-10T22:49:54","slug":"refis-2025-contribuintes-tem-ate-5-de-setembro-para-aderir-ao-programa","status":"publish","type":"post","link":"https:\/\/noticiasregionais.com.br\/?p=5554","title":{"rendered":"Refis 2025: Contribuintes t\u00eam at\u00e9 5 de setembro para aderir ao programa"},"content":{"rendered":"\n<p>A Prefeitura de Ourinhos, por interm\u00e9dio da Secretaria Municipal de Finan\u00e7as, decidiu prorrogar o prazo de ades\u00e3o ao Programa de Recupera\u00e7\u00e3o Fiscal (Refis) 2025. Agora, os mun\u00edcipes em d\u00e9bito com a administra\u00e7\u00e3o municipal t\u00eam at\u00e9 o dia <strong>5 de setembro<\/strong> para regularizar suas pend\u00eancias.<\/p>\n\n\n\n<p>Os interessados em participar do programa devem agendar atendimento na Central de Atendimento Tribut\u00e1rio, localizada no Poupatempo Ourinhos. O agendamento pode ser feito pelo site <a class=\"\" href=\"http:\/\/poupatempo.sp.gov.br\" target=\"_blank\" rel=\"noopener\">poupatempo.sp.gov.br<\/a> ou por meio do WhatsApp, pelo n\u00famero (14) 99762-8404.<\/p>\n\n\n\n<p>O Refis 2025 permite a negocia\u00e7\u00e3o de d\u00edvidas tribut\u00e1rias vencidas at\u00e9 dezembro de 2024. O parcelamento pode ser feito em at\u00e9 96 parcelas, com valor m\u00ednimo de R$60 por presta\u00e7\u00e3o. Para quem optar pelo pagamento \u00e0 vista, os descontos sobre juros e multas podem chegar a 100%. J\u00e1 no caso de d\u00e9bitos gerados a partir de 2018, a isen\u00e7\u00e3o incide somente sobre a multa.<\/p>\n\n\n\n<p>As normas completas do programa est\u00e3o previstas na <strong>Lei Complementar n\u00ba 1.202\/2025<\/strong>, publicada no Di\u00e1rio Oficial do Munic\u00edpio em 10 de mar\u00e7o de 2025. \u00c9 recomendada a leitura atenta da legisla\u00e7\u00e3o e, em caso de d\u00favidas, o contribuinte deve procurar orienta\u00e7\u00e3o junto aos servidores da \u00e1rea respons\u00e1vel.<\/p>\n<input type=\"hidden\" id=\"baseurl\" value=\"https:\/\/noticiasregionais.com.br\"><input type=\"hidden\" id=\"audio_nonce\" value=\"3cdc555a10\">","protected":false},"excerpt":{"rendered":"<p>A Prefeitura de Ourinhos, por interm\u00e9dio da Secretaria Municipal de Finan\u00e7as, decidiu prorrogar o prazo de ades\u00e3o ao Programa de&hellip;<\/p>\n","protected":false},"author":1,"featured_media":5555,"comment_status":"closed","ping_status":"open","sticky":false,"template":"","format":"standard","meta":{"sfsi_plus_gutenberg_text_before_share":"","sfsi_plus_gutenberg_show_text_before_share":"","sfsi_plus_gutenberg_icon_type":"","sfsi_plus_gutenberg_icon_alignemt":"","sfsi_plus_gutenburg_max_per_row":"","footnotes":""},"categories":[10,1,5],"tags":[16],"class_list":["post-5554","post","type-post","status-publish","format-standard","has-post-thumbnail","hentry","category-destaques","category-noticias","category-ourinhos","tag-ourinhos"],"_links":{"self":[{"href":"https:\/\/noticiasregionais.com.br\/index.php?rest_route=\/wp\/v2\/posts\/5554","targetHints":{"allow":["GET"]}}],"collection":[{"href":"https:\/\/noticiasregionais.com.br\/index.php?rest_route=\/wp\/v2\/posts"}],"about":[{"href":"https:\/\/noticiasregionais.com.br\/index.php?rest_route=\/wp\/v2\/types\/post"}],"author":[{"embeddable":true,"href":"https:\/\/noticiasregionais.com.br\/index.php?rest_route=\/wp\/v2\/users\/1"}],"replies":[{"embeddable":true,"href":"https:\/\/noticiasregionais.com.br\/index.php?rest_route=%2Fwp%2Fv2%2Fcomments&post=5554"}],"version-history":[{"count":1,"href":"https:\/\/noticiasregionais.com.br\/index.php?rest_route=\/wp\/v2\/posts\/5554\/revisions"}],"predecessor-version":[{"id":5556,"href":"https:\/\/noticiasregionais.com.br\/index.php?rest_route=\/wp\/v2\/posts\/5554\/revisions\/5556"}],"wp:featuredmedia":[{"embeddable":true,"href":"https:\/\/noticiasregionais.com.br\/index.php?rest_route=\/wp\/v2\/media\/5555"}],"wp:attachment":[{"href":"https:\/\/noticiasregionais.com.br\/index.php?rest_route=%2Fwp%2Fv2%2Fmedia&parent=5554"}],"wp:term":[{"taxonomy":"category","embeddable":true,"href":"https:\/\/noticiasregionais.com.br\/index.php?rest_route=%2Fwp%2Fv2%2Fcategories&post=5554"},{"taxonomy":"post_tag","embeddable":true,"href":"https:\/\/noticiasregionais.com.br\/index.php?rest_route=%2Fwp%2Fv2%2Ftags&post=5554"}],"curies":[{"name":"wp","href":"https:\/\/api.w.org\/{rel}","templated":true}]}}