{"id":5557,"date":"2025-06-10T19:55:33","date_gmt":"2025-06-10T22:55:33","guid":{"rendered":"https:\/\/noticiasregionais.com.br\/?p=5557"},"modified":"2025-06-10T19:59:11","modified_gmt":"2025-06-10T22:59:11","slug":"secretaria-do-meio-ambiente-leva-acoes-educativas-e-incentivo-a-agricultura-sustentavel-a-56a-fapi","status":"publish","type":"post","link":"https:\/\/noticiasregionais.com.br\/?p=5557","title":{"rendered":"Secretaria do Meio Ambiente leva a\u00e7\u00f5es educativas e incentivo \u00e0 agricultura sustent\u00e1vel \u00e0 56\u00aa FAPI"},"content":{"rendered":"\n<p>Entre os dias <strong>11 e 15 de junho<\/strong>, a Secretaria Municipal do Meio Ambiente e Agricultura de Ourinhos estar\u00e1 presente na 56\u00aa edi\u00e7\u00e3o da FAPI com uma agenda dedicada \u00e0 educa\u00e7\u00e3o ambiental e ao fortalecimento da agricultura familiar. As atividades acontecer\u00e3o na <strong>Casa do Agricultor<\/strong>, instalada no Recinto Olavo Ferreira de S\u00e1, com atendimento das 8h \u00e0s 20h.<\/p>\n\n\n\n<p>A proposta \u00e9 oferecer conte\u00fados e servi\u00e7os voltados ao produtor rural, destacando pr\u00e1ticas sustent\u00e1veis e solu\u00e7\u00f5es acess\u00edveis para o campo. A programa\u00e7\u00e3o inclui palestras, oficinas, exposi\u00e7\u00f5es e distribui\u00e7\u00e3o de mudas, com foco no desenvolvimento sustent\u00e1vel e na valoriza\u00e7\u00e3o das iniciativas locais.<\/p>\n\n\n\n<p>No s\u00e1bado, <strong>14 de junho, \u00e0s 10h<\/strong>, ser\u00e1 realizada uma apresenta\u00e7\u00e3o sobre <strong>cultivo em aquacultura<\/strong>, abordando a piscicultura na regi\u00e3o, projetos de agricultura familiar e o repovoamento de rios com esp\u00e9cies nativas. O objetivo \u00e9 demonstrar como o setor pode contribuir tanto para a seguran\u00e7a alimentar quanto para a gera\u00e7\u00e3o de renda.<\/p>\n\n\n\n<p>No mesmo dia, \u00e0s <strong>16h<\/strong>, o engenheiro agr\u00f4nomo <strong>Mauro Antonio da Silva<\/strong> conduzir\u00e1 a palestra \u201c<strong>Rastreabilidade e boas pr\u00e1ticas na produ\u00e7\u00e3o de hortali\u00e7as<\/strong>\u201d, compartilhando conhecimentos t\u00e9cnicos sobre cultivo, manejo e seguran\u00e7a no consumo e comercializa\u00e7\u00e3o dos produtos.<\/p>\n\n\n\n<p>Entre as atra\u00e7\u00f5es permanentes da Casa do Agricultor, organizadas em parceria com a <strong>CATI Regional de Ourinhos<\/strong>, estar\u00e3o:<\/p>\n\n\n\n<ul class=\"wp-block-list\">\n<li>Apresenta\u00e7\u00f5es sobre meliponicultura (abelhas sem ferr\u00e3o);<\/li>\n\n\n\n<li>Exibi\u00e7\u00e3o de plantas medicinais e arom\u00e1ticas;<\/li>\n\n\n\n<li>Hortas e viveiros educativos;<\/li>\n\n\n\n<li>Maquetes tem\u00e1ticas sobre o meio rural;<\/li>\n\n\n\n<li>Tanques com peixes nativos da bacia do rio Paranapanema;<\/li>\n\n\n\n<li>Entrega gratuita de mudas frut\u00edferas e de esp\u00e9cies nativas.<\/li>\n<\/ul>\n\n\n\n<p>Al\u00e9m disso, t\u00e9cnicos da CATI e da Secretaria estar\u00e3o dispon\u00edveis durante todo o evento para esclarecer d\u00favidas sobre o <strong>Cadastro Ambiental Rural (CAR)<\/strong> e oferecer suporte t\u00e9cnico a produtores locais. Alunos da rede municipal tamb\u00e9m visitar\u00e3o o espa\u00e7o, participando de a\u00e7\u00f5es de conscientiza\u00e7\u00e3o ambiental.<\/p>\n\n\n\n<p>O secret\u00e1rio municipal Di\u00f3genes Correa Leite destacou a import\u00e2ncia da iniciativa:<\/p>\n\n\n\n<blockquote class=\"wp-block-quote is-layout-flow wp-block-quote-is-layout-flow\">\n<p>\u201cA Casa do Agricultor \u00e9 um ambiente de aprendizado, troca de experi\u00eancias e valoriza\u00e7\u00e3o do trabalho no campo. Convidamos toda a popula\u00e7\u00e3o para conhecer esse espa\u00e7o e se envolver com a causa da agricultura sustent\u00e1vel.\u201d<\/p>\n<\/blockquote>\n\n\n\n<figure class=\"wp-block-gallery has-nested-images columns-default is-cropped wp-block-gallery-1 is-layout-flex wp-block-gallery-is-layout-flex\">\n<figure class=\"wp-block-image size-large\"><a href=\"https:\/\/noticiasregionais.com.br\/wp-content\/uploads\/2025\/06\/WhatsApp-Image-2025-06-10-at-14.42.022.jpeg\"><img decoding=\"async\" width=\"1024\" height=\"771\" data-id=\"5558\" src=\"https:\/\/noticiasregionais.com.br\/wp-content\/uploads\/2025\/06\/WhatsApp-Image-2025-06-10-at-14.42.022-1024x771.jpeg\" alt=\"\" class=\"wp-image-5558\" srcset=\"https:\/\/noticiasregionais.com.br\/wp-content\/uploads\/2025\/06\/WhatsApp-Image-2025-06-10-at-14.42.022-1024x771.jpeg 1024w, https:\/\/noticiasregionais.com.br\/wp-content\/uploads\/2025\/06\/WhatsApp-Image-2025-06-10-at-14.42.022-300x226.jpeg 300w, https:\/\/noticiasregionais.com.br\/wp-content\/uploads\/2025\/06\/WhatsApp-Image-2025-06-10-at-14.42.022-768x578.jpeg 768w, https:\/\/noticiasregionais.com.br\/wp-content\/uploads\/2025\/06\/WhatsApp-Image-2025-06-10-at-14.42.022-1536x1156.jpeg 1536w, https:\/\/noticiasregionais.com.br\/wp-content\/uploads\/2025\/06\/WhatsApp-Image-2025-06-10-at-14.42.022.jpeg 1600w\" sizes=\"(max-width: 1024px) 100vw, 1024px\" \/><\/a><\/figure>\n\n\n\n<figure class=\"wp-block-image size-large\"><a href=\"https:\/\/noticiasregionais.com.br\/wp-content\/uploads\/2025\/06\/WhatsApp-Image-2025-06-10-at-14.42.021.jpeg\"><img decoding=\"async\" width=\"1024\" height=\"576\" data-id=\"5561\" src=\"https:\/\/noticiasregionais.com.br\/wp-content\/uploads\/2025\/06\/WhatsApp-Image-2025-06-10-at-14.42.021-1024x576.jpeg\" alt=\"\" class=\"wp-image-5561\" srcset=\"https:\/\/noticiasregionais.com.br\/wp-content\/uploads\/2025\/06\/WhatsApp-Image-2025-06-10-at-14.42.021-1024x576.jpeg 1024w, https:\/\/noticiasregionais.com.br\/wp-content\/uploads\/2025\/06\/WhatsApp-Image-2025-06-10-at-14.42.021-300x169.jpeg 300w, https:\/\/noticiasregionais.com.br\/wp-content\/uploads\/2025\/06\/WhatsApp-Image-2025-06-10-at-14.42.021-768x432.jpeg 768w, https:\/\/noticiasregionais.com.br\/wp-content\/uploads\/2025\/06\/WhatsApp-Image-2025-06-10-at-14.42.021-1536x864.jpeg 1536w, https:\/\/noticiasregionais.com.br\/wp-content\/uploads\/2025\/06\/WhatsApp-Image-2025-06-10-at-14.42.021.jpeg 1599w\" sizes=\"(max-width: 1024px) 100vw, 1024px\" \/><\/a><\/figure>\n\n\n\n<figure class=\"wp-block-image size-large\"><a href=\"https:\/\/noticiasregionais.com.br\/wp-content\/uploads\/2025\/06\/WhatsApp-Image-2025-06-10-at-14.42.02.jpeg\"><img decoding=\"async\" width=\"576\" height=\"1024\" data-id=\"5560\" src=\"https:\/\/noticiasregionais.com.br\/wp-content\/uploads\/2025\/06\/WhatsApp-Image-2025-06-10-at-14.42.02-576x1024.jpeg\" alt=\"\" class=\"wp-image-5560\" srcset=\"https:\/\/noticiasregionais.com.br\/wp-content\/uploads\/2025\/06\/WhatsApp-Image-2025-06-10-at-14.42.02-576x1024.jpeg 576w, https:\/\/noticiasregionais.com.br\/wp-content\/uploads\/2025\/06\/WhatsApp-Image-2025-06-10-at-14.42.02-169x300.jpeg 169w, https:\/\/noticiasregionais.com.br\/wp-content\/uploads\/2025\/06\/WhatsApp-Image-2025-06-10-at-14.42.02-768x1366.jpeg 768w, https:\/\/noticiasregionais.com.br\/wp-content\/uploads\/2025\/06\/WhatsApp-Image-2025-06-10-at-14.42.02-864x1536.jpeg 864w, https:\/\/noticiasregionais.com.br\/wp-content\/uploads\/2025\/06\/WhatsApp-Image-2025-06-10-at-14.42.02.jpeg 899w\" sizes=\"(max-width: 576px) 100vw, 576px\" \/><\/a><\/figure>\n<\/figure>\n<input type=\"hidden\" id=\"baseurl\" value=\"https:\/\/noticiasregionais.com.br\"><input type=\"hidden\" id=\"audio_nonce\" value=\"5c13e0637f\">","protected":false},"excerpt":{"rendered":"<p>Entre os dias 11 e 15 de junho, a Secretaria Municipal do Meio Ambiente e Agricultura de Ourinhos estar\u00e1 presente&hellip;<\/p>\n","protected":false},"author":1,"featured_media":5559,"comment_status":"closed","ping_status":"open","sticky":false,"template":"","format":"standard","meta":{"sfsi_plus_gutenberg_text_before_share":"","sfsi_plus_gutenberg_show_text_before_share":"","sfsi_plus_gutenberg_icon_type":"","sfsi_plus_gutenberg_icon_alignemt":"","sfsi_plus_gutenburg_max_per_row":"","footnotes":""},"categories":[10,1,5],"tags":[16],"class_list":["post-5557","post","type-post","status-publish","format-standard","has-post-thumbnail","hentry","category-destaques","category-noticias","category-ourinhos","tag-ourinhos"],"_links":{"self":[{"href":"https:\/\/noticiasregionais.com.br\/index.php?rest_route=\/wp\/v2\/posts\/5557","targetHints":{"allow":["GET"]}}],"collection":[{"href":"https:\/\/noticiasregionais.com.br\/index.php?rest_route=\/wp\/v2\/posts"}],"about":[{"href":"https:\/\/noticiasregionais.com.br\/index.php?rest_route=\/wp\/v2\/types\/post"}],"author":[{"embeddable":true,"href":"https:\/\/noticiasregionais.com.br\/index.php?rest_route=\/wp\/v2\/users\/1"}],"replies":[{"embeddable":true,"href":"https:\/\/noticiasregionais.com.br\/index.php?rest_route=%2Fwp%2Fv2%2Fcomments&post=5557"}],"version-history":[{"count":1,"href":"https:\/\/noticiasregionais.com.br\/index.php?rest_route=\/wp\/v2\/posts\/5557\/revisions"}],"predecessor-version":[{"id":5562,"href":"https:\/\/noticiasregionais.com.br\/index.php?rest_route=\/wp\/v2\/posts\/5557\/revisions\/5562"}],"wp:featuredmedia":[{"embeddable":true,"href":"https:\/\/noticiasregionais.com.br\/index.php?rest_route=\/wp\/v2\/media\/5559"}],"wp:attachment":[{"href":"https:\/\/noticiasregionais.com.br\/index.php?rest_route=%2Fwp%2Fv2%2Fmedia&parent=5557"}],"wp:term":[{"taxonomy":"category","embeddable":true,"href":"https:\/\/noticiasregionais.com.br\/index.php?rest_route=%2Fwp%2Fv2%2Fcategories&post=5557"},{"taxonomy":"post_tag","embeddable":true,"href":"https:\/\/noticiasregionais.com.br\/index.php?rest_route=%2Fwp%2Fv2%2Ftags&post=5557"}],"curies":[{"name":"wp","href":"https:\/\/api.w.org\/{rel}","templated":true}]}}