{"id":5564,"date":"2025-06-10T20:06:58","date_gmt":"2025-06-10T23:06:58","guid":{"rendered":"https:\/\/noticiasregionais.com.br\/?p=5564"},"modified":"2025-06-10T20:07:01","modified_gmt":"2025-06-10T23:07:01","slug":"andre-paladino-e-reconduzido-a-presidencia-do-sindicato-dos-eletricitarios-de-ipaussu-com-9853-dos-votos","status":"publish","type":"post","link":"https:\/\/noticiasregionais.com.br\/?p=5564","title":{"rendered":"Andr\u00e9 Paladino \u00e9 reconduzido \u00e0 presid\u00eancia do Sindicato dos Eletricit\u00e1rios de Ipaussu com 98,53% dos votos"},"content":{"rendered":"\n<p>Na \u00faltima segunda-feira, 9 de junho, os trabalhadores do setor el\u00e9trico de Ipaussu participaram de uma elei\u00e7\u00e3o sindical que confirmou a reelei\u00e7\u00e3o de Andr\u00e9 Paladino \u00e0 frente do Sindicato dos Eletricit\u00e1rios. Liderando a Chapa 1, Paladino obteve expressivos 98,53% dos votos v\u00e1lidos \u2014 um total de 336 votos, entre os 342 contabilizados. A vota\u00e7\u00e3o registrou ainda quatro votos em branco e dois nulos.<\/p>\n\n\n\n<p>O processo eleitoral foi coordenado com o apoio da FENATEMA (Federa\u00e7\u00e3o Nacional dos Trabalhadores em Energia, \u00c1gua e Meio Ambiente), que auxiliou na organiza\u00e7\u00e3o e na log\u00edstica da vota\u00e7\u00e3o. A elei\u00e7\u00e3o transcorreu de forma transparente e participativa, com a apura\u00e7\u00e3o conclu\u00edda no mesmo dia.<\/p>\n\n\n\n<p>A mobiliza\u00e7\u00e3o tamb\u00e9m contou com o suporte da For\u00e7a Sindical e do Sintaema, cujas equipes percorreram mais de 40 munic\u00edpios da regi\u00e3o para garantir que todos os trabalhadores tivessem acesso ao voto, refor\u00e7ando o compromisso com a democracia sindical.<\/p>\n\n\n\n<p>Ap\u00f3s o an\u00fancio do resultado, Paladino destacou o papel da uni\u00e3o da categoria e da atua\u00e7\u00e3o sindical diante dos desafios enfrentados. \u201cUm sindicato forte s\u00f3 existe com uma diretoria forte. E \u00e9 essa confian\u00e7a dos trabalhadores que nos motiva a continuar lutando por avan\u00e7os nos acordos coletivos e na defesa dos direitos dos eletricit\u00e1rios\u201d, afirmou.<\/p>\n\n\n\n<p>A ampla vit\u00f3ria da Chapa 1 reflete o reconhecimento ao trabalho cont\u00ednuo junto \u00e0 base, \u00e0 escuta ativa das demandas da categoria e ao compromisso com a valoriza\u00e7\u00e3o profissional. Para muitos, o resultado expressa a consci\u00eancia de que a organiza\u00e7\u00e3o sindical \u00e9 fundamental frente \u00e0s tentativas de desmobiliza\u00e7\u00e3o.<\/p>\n\n\n\n<p>A nova diretoria j\u00e1 anunciou que, mesmo reeleita, n\u00e3o haver\u00e1 tempo para acomoda\u00e7\u00e3o. O foco est\u00e1 na reconstru\u00e7\u00e3o da for\u00e7a sindical, no enfrentamento de amea\u00e7as ao setor el\u00e9trico e na prepara\u00e7\u00e3o para negocia\u00e7\u00f5es futuras. A diretoria promete uma atua\u00e7\u00e3o firme, comprometida com a unidade da categoria e pronta para os embates que se aproximam.<\/p>\n\n\n\n<p>Num cen\u00e1rio nacional marcado por ataques aos direitos trabalhistas e press\u00f5es para enfraquecer a representa\u00e7\u00e3o coletiva, a forte participa\u00e7\u00e3o dos eletricit\u00e1rios de Ipaussu revela consci\u00eancia pol\u00edtica, esp\u00edrito de luta e confian\u00e7a em uma lideran\u00e7a comprometida com o futuro da categoria.<\/p>\n<input type=\"hidden\" id=\"baseurl\" value=\"https:\/\/noticiasregionais.com.br\"><input type=\"hidden\" id=\"audio_nonce\" value=\"533fbb67b1\">","protected":false},"excerpt":{"rendered":"<p>Na \u00faltima segunda-feira, 9 de junho, os trabalhadores do setor el\u00e9trico de Ipaussu participaram de uma elei\u00e7\u00e3o sindical que confirmou&hellip;<\/p>\n","protected":false},"author":1,"featured_media":5565,"comment_status":"closed","ping_status":"open","sticky":false,"template":"","format":"standard","meta":{"sfsi_plus_gutenberg_text_before_share":"","sfsi_plus_gutenberg_show_text_before_share":"","sfsi_plus_gutenberg_icon_type":"","sfsi_plus_gutenberg_icon_alignemt":"","sfsi_plus_gutenburg_max_per_row":"","footnotes":""},"categories":[10,1,6],"tags":[50],"class_list":["post-5564","post","type-post","status-publish","format-standard","has-post-thumbnail","hentry","category-destaques","category-noticias","category-sao_paulo","tag-ipaussu"],"_links":{"self":[{"href":"https:\/\/noticiasregionais.com.br\/index.php?rest_route=\/wp\/v2\/posts\/5564","targetHints":{"allow":["GET"]}}],"collection":[{"href":"https:\/\/noticiasregionais.com.br\/index.php?rest_route=\/wp\/v2\/posts"}],"about":[{"href":"https:\/\/noticiasregionais.com.br\/index.php?rest_route=\/wp\/v2\/types\/post"}],"author":[{"embeddable":true,"href":"https:\/\/noticiasregionais.com.br\/index.php?rest_route=\/wp\/v2\/users\/1"}],"replies":[{"embeddable":true,"href":"https:\/\/noticiasregionais.com.br\/index.php?rest_route=%2Fwp%2Fv2%2Fcomments&post=5564"}],"version-history":[{"count":1,"href":"https:\/\/noticiasregionais.com.br\/index.php?rest_route=\/wp\/v2\/posts\/5564\/revisions"}],"predecessor-version":[{"id":5566,"href":"https:\/\/noticiasregionais.com.br\/index.php?rest_route=\/wp\/v2\/posts\/5564\/revisions\/5566"}],"wp:featuredmedia":[{"embeddable":true,"href":"https:\/\/noticiasregionais.com.br\/index.php?rest_route=\/wp\/v2\/media\/5565"}],"wp:attachment":[{"href":"https:\/\/noticiasregionais.com.br\/index.php?rest_route=%2Fwp%2Fv2%2Fmedia&parent=5564"}],"wp:term":[{"taxonomy":"category","embeddable":true,"href":"https:\/\/noticiasregionais.com.br\/index.php?rest_route=%2Fwp%2Fv2%2Fcategories&post=5564"},{"taxonomy":"post_tag","embeddable":true,"href":"https:\/\/noticiasregionais.com.br\/index.php?rest_route=%2Fwp%2Fv2%2Ftags&post=5564"}],"curies":[{"name":"wp","href":"https:\/\/api.w.org\/{rel}","templated":true}]}}