{"id":5567,"date":"2025-06-10T20:16:25","date_gmt":"2025-06-10T23:16:25","guid":{"rendered":"https:\/\/noticiasregionais.com.br\/?p=5567"},"modified":"2025-06-10T20:23:10","modified_gmt":"2025-06-10T23:23:10","slug":"policia-rodoviaria-apreende-mais-de-7-kg-de-pasta-base-de-cocaina-em-onibus-na-rodovia-orlando-quagliato-em-ourinhos","status":"publish","type":"post","link":"https:\/\/noticiasregionais.com.br\/?p=5567","title":{"rendered":"PRE apreende mais de 7 kg de pasta base de coca\u00edna em \u00f4nibus na Rodovia Orlando Quagliato, em Ourinhos"},"content":{"rendered":"\n<p><strong>Ourinhos (SP), 08 de junho de 2025 \u2013<\/strong> Tr\u00eas mulheres foram presas em flagrante na tarde deste s\u00e1bado (8), ap\u00f3s a Pol\u00edcia Militar Rodovi\u00e1ria localizar <strong>7,158 quilos de pasta base de coca\u00edna<\/strong> em um \u00f4nibus que trafegava pela <strong>Rodovia Orlando Quagliato (SP-327)<\/strong>, na altura do km 28,400, no munic\u00edpio de Ourinhos.<\/p>\n\n\n\n<p>A apreens\u00e3o ocorreu por volta das <strong>18h30<\/strong>, durante fiscaliza\u00e7\u00e3o da <strong>Opera\u00e7\u00e3o Impacto<\/strong>, realizada rotineiramente para o combate ao crime nas estradas estaduais. O ve\u00edculo abordado fazia o trajeto <strong>Corumb\u00e1 (MS) \u2013 S\u00e3o Paulo (SP)<\/strong> e realizava transporte regular de passageiros.<\/p>\n\n\n\n<p>Durante a vistoria no interior do \u00f4nibus, os policiais encontraram <strong>nove inv\u00f3lucros da droga<\/strong> com tr\u00eas passageiras, localizadas nas poltronas <strong>35, 39 e 43<\/strong>. As suspeitas, de <strong>26, 22 e 35 anos<\/strong>, sendo uma brasileira e duas bolivianas, foram detidas e conduzidas \u00e0 <strong>Delegacia da Pol\u00edcia Federal em Mar\u00edlia<\/strong>, onde tiveram a pris\u00e3o em flagrante confirmada.<\/p>\n\n\n\n<p>As drogas apreendidas foram encaminhadas para per\u00edcia e as mulheres permaneceram \u00e0 disposi\u00e7\u00e3o da Justi\u00e7a. A ocorr\u00eancia foi registrada como tr\u00e1fico internacional de entorpecentes.<\/p>\n\n\n\n<p>A <strong>Pol\u00edcia Militar Rodovi\u00e1ria<\/strong> refor\u00e7a seu compromisso com o combate ao tr\u00e1fico de drogas e com a seguran\u00e7a nas rodovias do Estado de S\u00e3o Paulo.<\/p>\n<input type=\"hidden\" id=\"baseurl\" value=\"https:\/\/noticiasregionais.com.br\"><input type=\"hidden\" id=\"audio_nonce\" value=\"533fbb67b1\">","protected":false},"excerpt":{"rendered":"<p>Ourinhos (SP), 08 de junho de 2025 \u2013 Tr\u00eas mulheres foram presas em flagrante na tarde deste s\u00e1bado (8), ap\u00f3s&hellip;<\/p>\n","protected":false},"author":1,"featured_media":5568,"comment_status":"closed","ping_status":"open","sticky":false,"template":"","format":"standard","meta":{"sfsi_plus_gutenberg_text_before_share":"","sfsi_plus_gutenberg_show_text_before_share":"","sfsi_plus_gutenberg_icon_type":"","sfsi_plus_gutenberg_icon_alignemt":"","sfsi_plus_gutenburg_max_per_row":"","footnotes":""},"categories":[12,1,5],"tags":[16],"class_list":["post-5567","post","type-post","status-publish","format-standard","has-post-thumbnail","hentry","category-capa","category-noticias","category-ourinhos","tag-ourinhos"],"_links":{"self":[{"href":"https:\/\/noticiasregionais.com.br\/index.php?rest_route=\/wp\/v2\/posts\/5567","targetHints":{"allow":["GET"]}}],"collection":[{"href":"https:\/\/noticiasregionais.com.br\/index.php?rest_route=\/wp\/v2\/posts"}],"about":[{"href":"https:\/\/noticiasregionais.com.br\/index.php?rest_route=\/wp\/v2\/types\/post"}],"author":[{"embeddable":true,"href":"https:\/\/noticiasregionais.com.br\/index.php?rest_route=\/wp\/v2\/users\/1"}],"replies":[{"embeddable":true,"href":"https:\/\/noticiasregionais.com.br\/index.php?rest_route=%2Fwp%2Fv2%2Fcomments&post=5567"}],"version-history":[{"count":2,"href":"https:\/\/noticiasregionais.com.br\/index.php?rest_route=\/wp\/v2\/posts\/5567\/revisions"}],"predecessor-version":[{"id":5570,"href":"https:\/\/noticiasregionais.com.br\/index.php?rest_route=\/wp\/v2\/posts\/5567\/revisions\/5570"}],"wp:featuredmedia":[{"embeddable":true,"href":"https:\/\/noticiasregionais.com.br\/index.php?rest_route=\/wp\/v2\/media\/5568"}],"wp:attachment":[{"href":"https:\/\/noticiasregionais.com.br\/index.php?rest_route=%2Fwp%2Fv2%2Fmedia&parent=5567"}],"wp:term":[{"taxonomy":"category","embeddable":true,"href":"https:\/\/noticiasregionais.com.br\/index.php?rest_route=%2Fwp%2Fv2%2Fcategories&post=5567"},{"taxonomy":"post_tag","embeddable":true,"href":"https:\/\/noticiasregionais.com.br\/index.php?rest_route=%2Fwp%2Fv2%2Ftags&post=5567"}],"curies":[{"name":"wp","href":"https:\/\/api.w.org\/{rel}","templated":true}]}}