{"id":5574,"date":"2025-06-11T22:10:20","date_gmt":"2025-06-12T01:10:20","guid":{"rendered":"https:\/\/noticiasregionais.com.br\/?p=5574"},"modified":"2025-06-11T22:10:24","modified_gmt":"2025-06-12T01:10:24","slug":"56a-fapi-ja-comecou-com-cinco-dias-de-shows-gratuitos-em-ourinhos","status":"publish","type":"post","link":"https:\/\/noticiasregionais.com.br\/?p=5574","title":{"rendered":"56\u00aa FAPI j\u00e1 come\u00e7ou com cinco dias de shows gratuitos em Ourinhos"},"content":{"rendered":"\n<h3 class=\"wp-block-heading has-text-align-center\">Evento segue at\u00e9 domingo (15) com m\u00fasica, rodeio, exposi\u00e7\u00f5es e a\u00e7\u00f5es sociais. Entrada \u00e9 gratuita e atra\u00e7\u00f5es s\u00e3o voltadas para toda a fam\u00edlia<\/h3>\n\n\n\n<p>A <strong>56\u00aa Feira Agropecu\u00e1ria e Industrial de Ourinhos (FAPI)<\/strong> come\u00e7ou nesta <strong>quarta-feira (11)<\/strong> e segue at\u00e9 <strong>domingo (15)<\/strong>, no Recinto de Exposi\u00e7\u00f5es Olavo Ferreira de S\u00e1. A maior feira popular do interior paulista j\u00e1 movimenta milhares de visitantes com uma programa\u00e7\u00e3o que inclui <strong>shows gratuitos, parque de divers\u00f5es, rodeio, exposi\u00e7\u00f5es e iniciativas sociais<\/strong>.<\/p>\n\n\n\n<p>\u201c<strong>A FAPI \u00e9 s\u00edmbolo da identidade ourinhense.<\/strong> Fizemos todos os esfor\u00e7os para oferecer uma feira grandiosa, inclusiva e acess\u00edvel para toda a popula\u00e7\u00e3o\u201d, afirmou o prefeito <strong>Guilherme Gon\u00e7alves<\/strong> na abertura do evento.<\/p>\n\n\n\n<p>O vice-prefeito <strong>Alexandre Z\u00f3io<\/strong> tamb\u00e9m comemorou o impacto positivo da feira: \u201cA FAPI fortalece o com\u00e9rcio local, movimenta a economia e promove o encontro das fam\u00edlias.\u201d<\/p>\n\n\n\n<hr class=\"wp-block-separator has-alpha-channel-opacity\"\/>\n\n\n\n<h3 class=\"wp-block-heading\">Shows gratuitos at\u00e9 domingo<\/h3>\n\n\n\n<p>A programa\u00e7\u00e3o musical da FAPI 2025 conta com <strong>15 apresenta\u00e7\u00f5es gratuitas<\/strong> de artistas nacionais, abrangendo estilos como <strong>sertanejo, agrofunk, pop rock, pagode, infantil e gospel<\/strong>.<\/p>\n\n\n\n<p><strong>Programa\u00e7\u00e3o de shows:<\/strong><\/p>\n\n\n\n<ul class=\"wp-block-list\">\n<li><strong>11\/06:<\/strong> Israel &amp; Rodolffo, Traia V\u00e9ia, DJ Chris no Beat<\/li>\n\n\n\n<li><strong>12\/06:<\/strong> Maiara &amp; Mara\u00edsa, Pedro Paulo &amp; Alex, Thaeme &amp; Thiago<\/li>\n\n\n\n<li><strong>13\/06:<\/strong> Z\u00e9 Roberto, Jota Quest, Fernando &amp; Sorocaba<\/li>\n\n\n\n<li><strong>14\/06:<\/strong> DJ Anabzzi, Luan Pereira, Jirayauai<\/li>\n\n\n\n<li><strong>15\/06:<\/strong> R\u00e9gis Danese, Patati Patat\u00e1, Grupo Pixote<\/li>\n<\/ul>\n\n\n\n<hr class=\"wp-block-separator has-alpha-channel-opacity\"\/>\n\n\n\n<h3 class=\"wp-block-heading\">Parques de divers\u00f5es com brinquedos para todas as idades<\/h3>\n\n\n\n<p>Os parques <strong>Riquinho e Vitinho<\/strong> est\u00e3o instalados na \u00e1rea acima da escadaria, com brinquedos como <strong>Roda-Gigante<\/strong>, <strong>Skip Dance<\/strong> e <strong>Kamikaze<\/strong>.<\/p>\n\n\n\n<ul class=\"wp-block-list\">\n<li>De <strong>quarta a sexta-feira, das 13h \u00e0s 17h<\/strong>, os ingressos t\u00eam <strong>valor promocional de R$10<\/strong>.<\/li>\n\n\n\n<li><strong>Pessoas com defici\u00eancia (PCDs)<\/strong> t\u00eam entrada gratuita, mediante credenciamento pr\u00e9vio na <strong>Casa do Autista<\/strong>.<\/li>\n\n\n\n<li>Fora do hor\u00e1rio promocional, os ingressos custam <strong>R$15<\/strong>, e brinquedos especiais (como Fly Zone) saem por <strong>R$20<\/strong>.<\/li>\n\n\n\n<li>H\u00e1 ainda <strong>combo de quatro ingressos por R$50<\/strong>.<\/li>\n<\/ul>\n\n\n\n<hr class=\"wp-block-separator has-alpha-channel-opacity\"\/>\n\n\n\n<h3 class=\"wp-block-heading\">Rodeio e atra\u00e7\u00f5es com animais<\/h3>\n\n\n\n<p>O tradicional <strong>rodeio em touros<\/strong> acontece de <strong>12 a 15 de junho<\/strong>, a partir das 20h, com uma etapa da <strong>B&amp;B Rodeo Super Cup<\/strong>. Tamb\u00e9m est\u00e3o programadas as <strong>provas de tr\u00eas tambores<\/strong> e o <strong>Rodeio Mirim<\/strong>, com montaria em carneiros.<\/p>\n\n\n\n<p>A ra\u00e7a <strong>Cavalo Crioulo<\/strong> est\u00e1 em destaque com exposi\u00e7\u00e3o e o <strong>Julgamento Morfol\u00f3gico Passaporte<\/strong>, no s\u00e1bado e domingo, no N\u00facleo Sem Fronteiras. Os vencedores ser\u00e3o premiados como os grandes campe\u00f5es da edi\u00e7\u00e3o.<\/p>\n\n\n\n<p>No <strong>Parque do Pe\u00e3ozinho<\/strong>, as crian\u00e7as podem visitar a exposi\u00e7\u00e3o de <strong>mini animais<\/strong>.<\/p>\n\n\n\n<hr class=\"wp-block-separator has-alpha-channel-opacity\"\/>\n\n\n\n<h3 class=\"wp-block-heading\">Pra\u00e7a de alimenta\u00e7\u00e3o e pavilh\u00e3o solid\u00e1rio<\/h3>\n\n\n\n<p>A <strong>pra\u00e7a de alimenta\u00e7\u00e3o<\/strong> conta com diversas op\u00e7\u00f5es culin\u00e1rias, incluindo o tradicional <strong>Yakisoba do Fundo Social<\/strong>, com renda revertida a projetos sociais.<\/p>\n\n\n\n<p>Entidades assistenciais de Ourinhos tamb\u00e9m participam da FAPI com um <strong>pavilh\u00e3o exclusivo<\/strong>, estruturado para receber o p\u00fablico com conforto e acessibilidade. No local, \u00e9 poss\u00edvel encontrar alimentos e produtos de bazar beneficente. As institui\u00e7\u00f5es participantes s\u00e3o:<\/p>\n\n\n\n<ul class=\"wp-block-list\">\n<li><strong>APAE<\/strong> \u2013 pizzas e chopp<\/li>\n\n\n\n<li><strong>AADF<\/strong> \u2013 caldos<\/li>\n\n\n\n<li><strong>Lar Santa Teresa Jornet<\/strong> \u2013 cachorro-quente<\/li>\n\n\n\n<li><strong>ASO<\/strong> \u2013 doces<\/li>\n\n\n\n<li><strong>RECCO<\/strong> \u2013 artesanato e doces<\/li>\n\n\n\n<li><strong>SOS Ourinhos<\/strong> \u2013 pastel<\/li>\n\n\n\n<li><strong>Associa\u00e7\u00e3o dos Diab\u00e9ticos<\/strong> \u2013 p\u00e3o com calabresa<\/li>\n\n\n\n<li><strong>Associa\u00e7\u00e3o Bom Combate<\/strong> \u2013 chocolate quente e batata frita<\/li>\n<\/ul>\n\n\n\n<hr class=\"wp-block-separator has-alpha-channel-opacity\"\/>\n\n\n\n<h3 class=\"wp-block-heading\">Sistema S marca presen\u00e7a in\u00e9dita<\/h3>\n\n\n\n<p>Pela primeira vez, todos os bra\u00e7os do <strong>Sistema S<\/strong> com atua\u00e7\u00e3o em Ourinhos est\u00e3o reunidos no <strong>Sal\u00e3o Laser<\/strong>: <strong>Sebrae, Senai, Sesi, Senac e Sest Senat<\/strong>. O espa\u00e7o oferece <strong>atendimentos gratuitos<\/strong>, oficinas, orienta\u00e7\u00e3o profissional, experi\u00eancias interativas e informa\u00e7\u00f5es sobre <strong>inova\u00e7\u00e3o, capacita\u00e7\u00e3o e empreendedorismo<\/strong>.<\/p>\n\n\n\n<hr class=\"wp-block-separator has-alpha-channel-opacity\"\/>\n\n\n\n<h3 class=\"wp-block-heading\">Casa do Autista oferece acolhimento<\/h3>\n\n\n\n<p>A <strong>Secretaria Municipal de Inclus\u00e3o<\/strong> est\u00e1 \u00e0 frente da <strong>Casa de Apoio ao Autista<\/strong>, criada para garantir conforto e seguran\u00e7a a <strong>pessoas autistas e neurodivergentes<\/strong> durante o evento. O local conta com o apoio de estudantes do curso de Terapia Ocupacional da <strong>Unifio<\/strong>.<\/p>\n\n\n\n<p>No espa\u00e7o, tamb\u00e9m \u00e9 poss\u00edvel realizar o <strong>cadastro da carteirinha CIPTEA<\/strong> e retirar o <strong>cord\u00e3o girassol<\/strong>, mediante apresenta\u00e7\u00e3o de documentos e laudo m\u00e9dico.<\/p>\n<input type=\"hidden\" id=\"baseurl\" value=\"https:\/\/noticiasregionais.com.br\"><input type=\"hidden\" id=\"audio_nonce\" value=\"533fbb67b1\">","protected":false},"excerpt":{"rendered":"<p>Evento segue at\u00e9 domingo (15) com m\u00fasica, rodeio, exposi\u00e7\u00f5es e a\u00e7\u00f5es sociais. Entrada \u00e9 gratuita e atra\u00e7\u00f5es s\u00e3o voltadas para&hellip;<\/p>\n","protected":false},"author":1,"featured_media":5575,"comment_status":"closed","ping_status":"open","sticky":false,"template":"","format":"standard","meta":{"sfsi_plus_gutenberg_text_before_share":"","sfsi_plus_gutenberg_show_text_before_share":"","sfsi_plus_gutenberg_icon_type":"","sfsi_plus_gutenberg_icon_alignemt":"","sfsi_plus_gutenburg_max_per_row":"","footnotes":""},"categories":[12,1,5],"tags":[16],"class_list":["post-5574","post","type-post","status-publish","format-standard","has-post-thumbnail","hentry","category-capa","category-noticias","category-ourinhos","tag-ourinhos"],"_links":{"self":[{"href":"https:\/\/noticiasregionais.com.br\/index.php?rest_route=\/wp\/v2\/posts\/5574","targetHints":{"allow":["GET"]}}],"collection":[{"href":"https:\/\/noticiasregionais.com.br\/index.php?rest_route=\/wp\/v2\/posts"}],"about":[{"href":"https:\/\/noticiasregionais.com.br\/index.php?rest_route=\/wp\/v2\/types\/post"}],"author":[{"embeddable":true,"href":"https:\/\/noticiasregionais.com.br\/index.php?rest_route=\/wp\/v2\/users\/1"}],"replies":[{"embeddable":true,"href":"https:\/\/noticiasregionais.com.br\/index.php?rest_route=%2Fwp%2Fv2%2Fcomments&post=5574"}],"version-history":[{"count":1,"href":"https:\/\/noticiasregionais.com.br\/index.php?rest_route=\/wp\/v2\/posts\/5574\/revisions"}],"predecessor-version":[{"id":5576,"href":"https:\/\/noticiasregionais.com.br\/index.php?rest_route=\/wp\/v2\/posts\/5574\/revisions\/5576"}],"wp:featuredmedia":[{"embeddable":true,"href":"https:\/\/noticiasregionais.com.br\/index.php?rest_route=\/wp\/v2\/media\/5575"}],"wp:attachment":[{"href":"https:\/\/noticiasregionais.com.br\/index.php?rest_route=%2Fwp%2Fv2%2Fmedia&parent=5574"}],"wp:term":[{"taxonomy":"category","embeddable":true,"href":"https:\/\/noticiasregionais.com.br\/index.php?rest_route=%2Fwp%2Fv2%2Fcategories&post=5574"},{"taxonomy":"post_tag","embeddable":true,"href":"https:\/\/noticiasregionais.com.br\/index.php?rest_route=%2Fwp%2Fv2%2Ftags&post=5574"}],"curies":[{"name":"wp","href":"https:\/\/api.w.org\/{rel}","templated":true}]}}