{"id":5577,"date":"2025-06-11T22:34:19","date_gmt":"2025-06-12T01:34:19","guid":{"rendered":"https:\/\/noticiasregionais.com.br\/?p=5577"},"modified":"2025-06-11T22:34:23","modified_gmt":"2025-06-12T01:34:23","slug":"homem-e-preso-por-porte-ilegal-de-arma-de-fogo-durante-operacao-impacto-em-santa-cruz-do-rio-pardo","status":"publish","type":"post","link":"https:\/\/noticiasregionais.com.br\/?p=5577","title":{"rendered":"Homem \u00e9 preso por porte ilegal de arma de fogo durante Opera\u00e7\u00e3o Impacto em Santa Cruz do Rio Pardo"},"content":{"rendered":"\n<h3 class=\"wp-block-heading has-text-align-center\">Arma com numera\u00e7\u00e3o suprimida e muni\u00e7\u00f5es foram encontradas dentro de ve\u00edculo na Rodovia Jo\u00e3o Baptista Cabral Renn\u00f3<\/h3>\n\n\n\n<p>Um homem foi preso em flagrante por <strong>porte ilegal de arma de fogo<\/strong> na manh\u00e3 desta quarta-feira (11), durante uma a\u00e7\u00e3o da <strong>Pol\u00edcia Militar Rodovi\u00e1ria<\/strong> na <strong>Rodovia Eng. Jo\u00e3o Baptista Cabral Renn\u00f3 (SP-225), altura do km 301<\/strong>, em <strong>Santa Cruz do Rio Pardo (SP)<\/strong>.<\/p>\n\n\n\n<p>A pris\u00e3o ocorreu durante a <strong>Opera\u00e7\u00e3o Impacto<\/strong>, quando os policiais abordaram uma <strong>Toyota Hilux<\/strong>. Durante a vistoria no interior do ve\u00edculo, foi localizada <strong>uma garrucha calibre .22 da marca Rossi<\/strong>, sem muni\u00e7\u00e3o e com a numera\u00e7\u00e3o parcialmente suprimida, escondida no console central.<\/p>\n\n\n\n<p>Al\u00e9m da arma, os policiais tamb\u00e9m encontraram <strong>14 muni\u00e7\u00f5es intactas<\/strong> e <strong>2 cartuchos deflagrados<\/strong> do mesmo calibre.<\/p>\n\n\n\n<hr class=\"wp-block-separator has-alpha-channel-opacity\"\/>\n\n\n\n<h3 class=\"wp-block-heading\">Flagrante e fian\u00e7a<\/h3>\n\n\n\n<p>O suspeito foi encaminhado \u00e0 <strong>Central de Pol\u00edcia Judici\u00e1ria (CPJ) de Santa Cruz do Rio Pardo<\/strong>, onde foi lavrado o <strong>auto de pris\u00e3o em flagrante<\/strong> por porte ilegal de arma de fogo. A autoridade policial <strong>arbitrou fian\u00e7a no valor de R$ 1.518,00<\/strong>, que <strong>n\u00e3o foi paga<\/strong> at\u00e9 o momento da ocorr\u00eancia.<\/p>\n\n\n\n<p>Com isso, o homem permanece <strong>\u00e0 disposi\u00e7\u00e3o da Justi\u00e7a<\/strong> e aguarda audi\u00eancia de cust\u00f3dia.<\/p>\n\n\n\n<hr class=\"wp-block-separator has-alpha-channel-opacity\"\/>\n\n\n\n<h3 class=\"wp-block-heading\">A\u00e7\u00e3o faz parte de opera\u00e7\u00e3o estadual<\/h3>\n\n\n\n<p>A pris\u00e3o faz parte das a\u00e7\u00f5es da <strong>Opera\u00e7\u00e3o Impacto<\/strong>, realizada pela Pol\u00edcia Militar em todo o Estado de S\u00e3o Paulo com foco no <strong>combate \u00e0 criminalidade nas rodovias<\/strong>.<\/p>\n\n\n\n<p>A <strong>Pol\u00edcia Militar Rodovi\u00e1ria<\/strong> segue atuando de forma intensiva para garantir a seguran\u00e7a vi\u00e1ria e coibir o porte ilegal de armas e o transporte de il\u00edcitos.<\/p>\n\n\n\n<blockquote class=\"wp-block-quote is-layout-flow wp-block-quote-is-layout-flow\">\n<p><em>POL\u00cdCIA MILITAR, RUMO AOS 200 ANOS! VAMOS TODOS JUNTOS. NINGU\u00c9M FICA PARA TR\u00c1S.<\/em><\/p>\n<\/blockquote>\n\n\n\n<figure class=\"wp-block-gallery has-nested-images columns-default is-cropped wp-block-gallery-1 is-layout-flex wp-block-gallery-is-layout-flex\">\n<figure class=\"wp-block-image size-large\"><a href=\"https:\/\/noticiasregionais.com.br\/wp-content\/uploads\/2025\/06\/WhatsApp-Image-2025-06-11-at-17.15.12-scaled.jpeg\"><img decoding=\"async\" width=\"768\" height=\"1024\" data-id=\"5580\" src=\"https:\/\/noticiasregionais.com.br\/wp-content\/uploads\/2025\/06\/WhatsApp-Image-2025-06-11-at-17.15.12-768x1024.jpeg\" alt=\"\" class=\"wp-image-5580\" srcset=\"https:\/\/noticiasregionais.com.br\/wp-content\/uploads\/2025\/06\/WhatsApp-Image-2025-06-11-at-17.15.12-768x1024.jpeg 768w, https:\/\/noticiasregionais.com.br\/wp-content\/uploads\/2025\/06\/WhatsApp-Image-2025-06-11-at-17.15.12-225x300.jpeg 225w, https:\/\/noticiasregionais.com.br\/wp-content\/uploads\/2025\/06\/WhatsApp-Image-2025-06-11-at-17.15.12-1152x1536.jpeg 1152w, https:\/\/noticiasregionais.com.br\/wp-content\/uploads\/2025\/06\/WhatsApp-Image-2025-06-11-at-17.15.12-1536x2048.jpeg 1536w, https:\/\/noticiasregionais.com.br\/wp-content\/uploads\/2025\/06\/WhatsApp-Image-2025-06-11-at-17.15.12-scaled.jpeg 1920w\" sizes=\"(max-width: 768px) 100vw, 768px\" \/><\/a><\/figure>\n\n\n\n<figure class=\"wp-block-image size-large\"><a href=\"https:\/\/noticiasregionais.com.br\/wp-content\/uploads\/2025\/06\/WhatsApp-Image-2025-06-11-at-17.15.11.jpeg\"><img decoding=\"async\" width=\"1024\" height=\"576\" data-id=\"5579\" src=\"https:\/\/noticiasregionais.com.br\/wp-content\/uploads\/2025\/06\/WhatsApp-Image-2025-06-11-at-17.15.11-1024x576.jpeg\" alt=\"\" class=\"wp-image-5579\" srcset=\"https:\/\/noticiasregionais.com.br\/wp-content\/uploads\/2025\/06\/WhatsApp-Image-2025-06-11-at-17.15.11-1024x576.jpeg 1024w, https:\/\/noticiasregionais.com.br\/wp-content\/uploads\/2025\/06\/WhatsApp-Image-2025-06-11-at-17.15.11-300x169.jpeg 300w, https:\/\/noticiasregionais.com.br\/wp-content\/uploads\/2025\/06\/WhatsApp-Image-2025-06-11-at-17.15.11-768x432.jpeg 768w, https:\/\/noticiasregionais.com.br\/wp-content\/uploads\/2025\/06\/WhatsApp-Image-2025-06-11-at-17.15.11-1536x864.jpeg 1536w, https:\/\/noticiasregionais.com.br\/wp-content\/uploads\/2025\/06\/WhatsApp-Image-2025-06-11-at-17.15.11.jpeg 1600w\" sizes=\"(max-width: 1024px) 100vw, 1024px\" \/><\/a><\/figure>\n\n\n\n<figure class=\"wp-block-image size-large\"><a href=\"https:\/\/noticiasregionais.com.br\/wp-content\/uploads\/2025\/06\/WhatsApp-Image-2025-06-11-at-17.15.101.jpeg\"><img decoding=\"async\" width=\"1024\" height=\"576\" data-id=\"5578\" src=\"https:\/\/noticiasregionais.com.br\/wp-content\/uploads\/2025\/06\/WhatsApp-Image-2025-06-11-at-17.15.101-1024x576.jpeg\" alt=\"\" class=\"wp-image-5578\" srcset=\"https:\/\/noticiasregionais.com.br\/wp-content\/uploads\/2025\/06\/WhatsApp-Image-2025-06-11-at-17.15.101-1024x576.jpeg 1024w, https:\/\/noticiasregionais.com.br\/wp-content\/uploads\/2025\/06\/WhatsApp-Image-2025-06-11-at-17.15.101-300x169.jpeg 300w, https:\/\/noticiasregionais.com.br\/wp-content\/uploads\/2025\/06\/WhatsApp-Image-2025-06-11-at-17.15.101-768x432.jpeg 768w, https:\/\/noticiasregionais.com.br\/wp-content\/uploads\/2025\/06\/WhatsApp-Image-2025-06-11-at-17.15.101-1536x864.jpeg 1536w, https:\/\/noticiasregionais.com.br\/wp-content\/uploads\/2025\/06\/WhatsApp-Image-2025-06-11-at-17.15.101.jpeg 1600w\" sizes=\"(max-width: 1024px) 100vw, 1024px\" \/><\/a><\/figure>\n<\/figure>\n<input type=\"hidden\" id=\"baseurl\" value=\"https:\/\/noticiasregionais.com.br\"><input type=\"hidden\" id=\"audio_nonce\" value=\"533fbb67b1\">","protected":false},"excerpt":{"rendered":"<p>Arma com numera\u00e7\u00e3o suprimida e muni\u00e7\u00f5es foram encontradas dentro de ve\u00edculo na Rodovia Jo\u00e3o Baptista Cabral Renn\u00f3 Um homem foi&hellip;<\/p>\n","protected":false},"author":1,"featured_media":5581,"comment_status":"closed","ping_status":"open","sticky":false,"template":"","format":"standard","meta":{"sfsi_plus_gutenberg_text_before_share":"","sfsi_plus_gutenberg_show_text_before_share":"","sfsi_plus_gutenberg_icon_type":"","sfsi_plus_gutenberg_icon_alignemt":"","sfsi_plus_gutenburg_max_per_row":"","footnotes":""},"categories":[10,1,6],"tags":[17],"class_list":["post-5577","post","type-post","status-publish","format-standard","has-post-thumbnail","hentry","category-destaques","category-noticias","category-sao_paulo","tag-santa_cruz"],"_links":{"self":[{"href":"https:\/\/noticiasregionais.com.br\/index.php?rest_route=\/wp\/v2\/posts\/5577","targetHints":{"allow":["GET"]}}],"collection":[{"href":"https:\/\/noticiasregionais.com.br\/index.php?rest_route=\/wp\/v2\/posts"}],"about":[{"href":"https:\/\/noticiasregionais.com.br\/index.php?rest_route=\/wp\/v2\/types\/post"}],"author":[{"embeddable":true,"href":"https:\/\/noticiasregionais.com.br\/index.php?rest_route=\/wp\/v2\/users\/1"}],"replies":[{"embeddable":true,"href":"https:\/\/noticiasregionais.com.br\/index.php?rest_route=%2Fwp%2Fv2%2Fcomments&post=5577"}],"version-history":[{"count":1,"href":"https:\/\/noticiasregionais.com.br\/index.php?rest_route=\/wp\/v2\/posts\/5577\/revisions"}],"predecessor-version":[{"id":5582,"href":"https:\/\/noticiasregionais.com.br\/index.php?rest_route=\/wp\/v2\/posts\/5577\/revisions\/5582"}],"wp:featuredmedia":[{"embeddable":true,"href":"https:\/\/noticiasregionais.com.br\/index.php?rest_route=\/wp\/v2\/media\/5581"}],"wp:attachment":[{"href":"https:\/\/noticiasregionais.com.br\/index.php?rest_route=%2Fwp%2Fv2%2Fmedia&parent=5577"}],"wp:term":[{"taxonomy":"category","embeddable":true,"href":"https:\/\/noticiasregionais.com.br\/index.php?rest_route=%2Fwp%2Fv2%2Fcategories&post=5577"},{"taxonomy":"post_tag","embeddable":true,"href":"https:\/\/noticiasregionais.com.br\/index.php?rest_route=%2Fwp%2Fv2%2Ftags&post=5577"}],"curies":[{"name":"wp","href":"https:\/\/api.w.org\/{rel}","templated":true}]}}