{"id":558,"date":"2023-09-26T07:39:06","date_gmt":"2023-09-26T10:39:06","guid":{"rendered":"https:\/\/noticiasregionais.com.br\/?p=558"},"modified":"2023-09-26T07:39:06","modified_gmt":"2023-09-26T10:39:06","slug":"dispositivos-moveis-nas-viaturas-darao-acesso-a-processos-de-reus-em-liberdade-condicional","status":"publish","type":"post","link":"https:\/\/noticiasregionais.com.br\/?p=558","title":{"rendered":"Dispositivos m\u00f3veis nas viaturas dar\u00e3o acesso a processos de r\u00e9us em liberdade condicional"},"content":{"rendered":"\n<p>No estado de S\u00e3o Paulo, a parceria entre a Secretaria da Seguran\u00e7a P\u00fablica e a Justi\u00e7a proporciona monitoramento in\u00e9dito, permitindo acesso dos policiais em dispositivos m\u00f3veis das viaturas aos processos dos r\u00e9us que cumprem a pena fora das pris\u00f5es durante o per\u00edodo determinado. O especialista em seguran\u00e7a p\u00fablica Leonardo Sant\u2019Anna informa que o acordo favorece a prote\u00e7\u00e3o da comunidade.&nbsp;<\/p>\n\n\n\n<p>\u201cAntes, isso n\u00e3o acontecia e esse passa a ser um divisor de \u00e1guas para que essa mudan\u00e7a de comportamento consiga contemplar a quem realmente precisa, que \u00e9 o cidad\u00e3o, que \u00e9 aquela pessoa para quem o Estado deve prestar o servi\u00e7o de prote\u00e7\u00e3o e seguran\u00e7a, inclusive, com essas atitudes\u201d, explica o especialista.<\/p>\n\n\n\n<p>De acordo com Sant\u2019Anna, antes da parceria, a captura de infratores que n\u00e3o respeitavam as medidas cautelares n\u00e3o era feita de forma direta, ou seja, s\u00f3 era poss\u00edvel verificar a condi\u00e7\u00e3o do infrator junto \u00e0 Justi\u00e7a na delegacia. \u201cAgora temos uma celeridade no processo de verifica\u00e7\u00e3o daquela pessoa que cumpre pena e que achava que ficaria oculta. Retirar esses criminosos das ruas sem esse tipo de informa\u00e7\u00e3o, n\u00e3o era poss\u00edvel.\u201d<\/p>\n\n\n\n<p>Agora, o acordo permite aos policiais checar se as regras da sa\u00edda tempor\u00e1ria da Justi\u00e7a est\u00e3o sendo seguidas durante a abordagem, como verificar se o condenado est\u00e1 fora de casa em hor\u00e1rios n\u00e3o autorizados. \u201cTemos tamb\u00e9m um duro golpe no crime organizado, uma vez que algumas dessas pessoas que cumprem a pena e s\u00e3o liberados temporariamente s\u00e3o como uma m\u00e3o de obra para praticar novos delitos\u201d, destaca.<\/p>\n\n\n\n<h2 class=\"wp-block-heading\">Mudan\u00e7a de comportamentos dos r\u00e9us<\/h2>\n\n\n\n<p>Sant\u2019Anna ainda explica que com a parceria, uma mudan\u00e7a de comportamento dos r\u00e9us deve acontecer, j\u00e1 que eles v\u00e3o repensar a postura no momento em que estiverem fora do sistema carcer\u00e1rio, mesmo que temporariamente.&nbsp;<\/p>\n\n\n\n<p>Entre 12 e 16 de setembro, o acordo possibilitou que 118 condenados que descumpriram as medidas impostas pelo judici\u00e1rio durante a sa\u00eddas tempor\u00e1rias fossem presos.<\/p>\n\n\n\n<p>Al\u00e9m disso, na sa\u00edda tempor\u00e1ria de julho, quando a Secretaria da Seguran\u00e7a P\u00fablica ordenou que qualquer detento que n\u00e3o cumprisse essas regras fosse levado imediatamente de volta \u00e0 pris\u00e3o pela pol\u00edcia, o n\u00famero de furtos diminuiu de 14.972 para 11.920. Da mesma forma, os roubos ca\u00edram de 5.907 para 4.822, em compara\u00e7\u00e3o com o ano anterior, antes da aplica\u00e7\u00e3o da medida de toler\u00e2ncia zero aos detentos em sa\u00edda tempor\u00e1ria.<\/p>\n\n\n\n<p><strong>Leia mais:<\/strong><\/p>\n\n\n\n<p><a href=\"https:\/\/brasil61.com\/n\/cachaca-sp-governo-do-estado-promove-o-1-concurso-estadual-de-cachaca-bras239641\" target=\"_blank\" rel=\"noopener\">Cacha\u00e7a SP: governo do estado promove o 1\u00ba concurso estadual de cacha\u00e7a<\/a><\/p>\n\n\n\n<p><a href=\"https:\/\/brasil61.com\/n\/sp-rodovias-vicinais-e-estaduais-recebem-modernizacao-em-41-municipios-bras239601\" target=\"_blank\" rel=\"noopener\">SP: rodovias vicinais e estaduais recebem moderniza\u00e7\u00e3o em 41 munic\u00edpios<\/a><br>&nbsp;<\/p>\n\n\n\n<p>Fonte: <a href=\"https:\/\/brasil61.com\/n\/sp-parceria-entre-a-seguranca-publica-e-justica-garante-maior-seguranca-aos-cidadaos-bras239666\" target=\"_blank\" rel=\"noreferrer noopener\">Brasil 61<\/a><\/p>\n<input type=\"hidden\" id=\"baseurl\" value=\"https:\/\/noticiasregionais.com.br\"><input type=\"hidden\" id=\"audio_nonce\" value=\"533fbb67b1\">","protected":false},"excerpt":{"rendered":"<p>No estado de S\u00e3o Paulo, a parceria entre a Secretaria da Seguran\u00e7a P\u00fablica e a Justi\u00e7a proporciona monitoramento in\u00e9dito, permitindo&hellip;<\/p>\n","protected":false},"author":1,"featured_media":559,"comment_status":"closed","ping_status":"open","sticky":false,"template":"","format":"standard","meta":{"sfsi_plus_gutenberg_text_before_share":"","sfsi_plus_gutenberg_show_text_before_share":"","sfsi_plus_gutenberg_icon_type":"","sfsi_plus_gutenberg_icon_alignemt":"","sfsi_plus_gutenburg_max_per_row":"","footnotes":""},"categories":[6,10,1],"tags":[],"class_list":["post-558","post","type-post","status-publish","format-standard","has-post-thumbnail","hentry","category-sao_paulo","category-destaques","category-noticias"],"_links":{"self":[{"href":"https:\/\/noticiasregionais.com.br\/index.php?rest_route=\/wp\/v2\/posts\/558","targetHints":{"allow":["GET"]}}],"collection":[{"href":"https:\/\/noticiasregionais.com.br\/index.php?rest_route=\/wp\/v2\/posts"}],"about":[{"href":"https:\/\/noticiasregionais.com.br\/index.php?rest_route=\/wp\/v2\/types\/post"}],"author":[{"embeddable":true,"href":"https:\/\/noticiasregionais.com.br\/index.php?rest_route=\/wp\/v2\/users\/1"}],"replies":[{"embeddable":true,"href":"https:\/\/noticiasregionais.com.br\/index.php?rest_route=%2Fwp%2Fv2%2Fcomments&post=558"}],"version-history":[{"count":1,"href":"https:\/\/noticiasregionais.com.br\/index.php?rest_route=\/wp\/v2\/posts\/558\/revisions"}],"predecessor-version":[{"id":560,"href":"https:\/\/noticiasregionais.com.br\/index.php?rest_route=\/wp\/v2\/posts\/558\/revisions\/560"}],"wp:featuredmedia":[{"embeddable":true,"href":"https:\/\/noticiasregionais.com.br\/index.php?rest_route=\/wp\/v2\/media\/559"}],"wp:attachment":[{"href":"https:\/\/noticiasregionais.com.br\/index.php?rest_route=%2Fwp%2Fv2%2Fmedia&parent=558"}],"wp:term":[{"taxonomy":"category","embeddable":true,"href":"https:\/\/noticiasregionais.com.br\/index.php?rest_route=%2Fwp%2Fv2%2Fcategories&post=558"},{"taxonomy":"post_tag","embeddable":true,"href":"https:\/\/noticiasregionais.com.br\/index.php?rest_route=%2Fwp%2Fv2%2Ftags&post=558"}],"curies":[{"name":"wp","href":"https:\/\/api.w.org\/{rel}","templated":true}]}}