{"id":5583,"date":"2025-06-11T22:41:11","date_gmt":"2025-06-12T01:41:11","guid":{"rendered":"https:\/\/noticiasregionais.com.br\/?p=5583"},"modified":"2025-06-11T22:41:14","modified_gmt":"2025-06-12T01:41:14","slug":"inclusao-em-foco-secretaria-marca-presenca-na-56a-fapi-com-espaco-dedicado-a-pessoas-autistas","status":"publish","type":"post","link":"https:\/\/noticiasregionais.com.br\/?p=5583","title":{"rendered":"Inclus\u00e3o em foco: Secretaria marca presen\u00e7a na 56\u00aa FAPI com espa\u00e7o dedicado a pessoas autistas"},"content":{"rendered":"\n<h3 class=\"wp-block-heading has-text-align-center\">Estrutura especial oferece acolhimento, brinquedos sensoriais e \u00e1rea exclusiva para PCDs durante os shows<\/h3>\n\n\n\n<p>A <strong>Secretaria Municipal de Inclus\u00e3o<\/strong> de Ourinhos est\u00e1 participando ativamente da <strong>56\u00aa edi\u00e7\u00e3o da FAPI<\/strong>, levando a\u00e7\u00f5es que promovem acessibilidade e respeito \u00e0 diversidade. A iniciativa refor\u00e7a o compromisso da administra\u00e7\u00e3o municipal em tornar o maior evento da cidade mais acolhedor para <strong>todas as fam\u00edlias<\/strong>, com destaque para a implanta\u00e7\u00e3o da <strong>Casa de Apoio ao Autista<\/strong> e espa\u00e7os inclusivos durante a festa.<\/p>\n\n\n\n<blockquote class=\"wp-block-quote is-layout-flow wp-block-quote-is-layout-flow\">\n<p>\u201c<strong>A inclus\u00e3o n\u00e3o \u00e9 um favor, \u00e9 um direito<\/strong>. Ver a FAPI avan\u00e7ando com espa\u00e7os pensados para acolher a todos mostra o quanto estamos comprometidos com uma cidade mais acess\u00edvel\u201d, afirmou o vice-prefeito <strong>Alexandre Z\u00f3io<\/strong>.<\/p>\n<\/blockquote>\n\n\n\n<hr class=\"wp-block-separator has-alpha-channel-opacity\"\/>\n\n\n\n<h3 class=\"wp-block-heading\">Casa do Autista: acolhimento e suporte<\/h3>\n\n\n\n<p>Montada no espa\u00e7o do Frald\u00e1rio, a <strong>Casa do Autista<\/strong> foi desenvolvida para oferecer acolhimento a <strong>pessoas autistas e neurodivergentes<\/strong> que possam apresentar <strong>sobrecarga sensorial ou emocional<\/strong> durante a feira. A a\u00e7\u00e3o \u00e9 realizada em parceria com o curso de <strong>Terapia Ocupacional da Unifio<\/strong>.<\/p>\n\n\n\n<p>O local oferece:<\/p>\n\n\n\n<ul class=\"wp-block-list\">\n<li><strong>Brinquedos sensoriais<\/strong><\/li>\n\n\n\n<li><strong>Abafadores de ru\u00eddo<\/strong><\/li>\n\n\n\n<li><strong>Ambiente calmo e com ilumina\u00e7\u00e3o suave<\/strong><\/li>\n\n\n\n<li><strong>Espa\u00e7o seguro e confort\u00e1vel<\/strong><\/li>\n<\/ul>\n\n\n\n<p>A perman\u00eancia no local deve ser apenas pelo tempo necess\u00e1rio, a fim de garantir que outras pessoas tamb\u00e9m possam utiliz\u00e1-lo, caso precisem.<\/p>\n\n\n\n<blockquote class=\"wp-block-quote is-layout-flow wp-block-quote-is-layout-flow\">\n<p>\u201cNosso objetivo \u00e9 fazer com que cada pessoa se sinta bem-vinda e respeitada. A presen\u00e7a da Secretaria na FAPI \u00e9 o reflexo do que acreditamos: <strong>uma cidade mais humana e acess\u00edvel<\/strong>\u201d, destacou a secret\u00e1ria de Inclus\u00e3o, <strong>Patr\u00edcia Miranda<\/strong>.<\/p>\n<\/blockquote>\n\n\n\n<hr class=\"wp-block-separator has-alpha-channel-opacity\"\/>\n\n\n\n<h3 class=\"wp-block-heading\">Acesso exclusivo a shows para PCDs<\/h3>\n\n\n\n<p>Outra a\u00e7\u00e3o in\u00e9dita da FAPI 2025 \u00e9 a cria\u00e7\u00e3o de uma <strong>\u00e1rea exclusiva para pessoas com defici\u00eancia (PCDs) assistirem aos shows com seguran\u00e7a e conforto<\/strong>. O acesso ao espa\u00e7o foi concedido mediante <strong>inscri\u00e7\u00e3o pr\u00e9via<\/strong>, garantindo controle e organiza\u00e7\u00e3o. A \u00e1rea tem <strong>capacidade limitada<\/strong>, respeitando as dimens\u00f5es f\u00edsicas do local.<\/p>\n\n\n\n<hr class=\"wp-block-separator has-alpha-channel-opacity\"\/>\n\n\n\n<h3 class=\"wp-block-heading\">Parque de divers\u00f5es com entrada gratuita para PCDs<\/h3>\n\n\n\n<p>Entre <strong>quarta e s\u00e1bado<\/strong>, <strong>pessoas com defici\u00eancia ter\u00e3o entrada gratuita nos brinquedos do parque de divers\u00f5es<\/strong>. Para obter o benef\u00edcio, \u00e9 necess\u00e1rio apresentar <strong>laudo m\u00e9dico na Casa do Autista<\/strong>, onde ser\u00e1 feito o credenciamento oficial.<\/p>\n\n\n\n<p>A medida visa promover uma experi\u00eancia de lazer mais justa e inclusiva, assegurando que todos possam participar das atra\u00e7\u00f5es com igualdade de condi\u00e7\u00f5es.<\/p>\n\n\n\n<hr class=\"wp-block-separator has-alpha-channel-opacity\"\/>\n\n\n\n<p>A participa\u00e7\u00e3o da Secretaria de Inclus\u00e3o na FAPI refor\u00e7a a proposta de transformar a tradicional feira de Ourinhos em um evento cada vez mais <strong>democr\u00e1tico, sens\u00edvel \u00e0s necessidades individuais e acess\u00edvel para todos os p\u00fablicos<\/strong><\/p>\n<input type=\"hidden\" id=\"baseurl\" value=\"https:\/\/noticiasregionais.com.br\"><input type=\"hidden\" id=\"audio_nonce\" value=\"3cdc555a10\">","protected":false},"excerpt":{"rendered":"<p>Estrutura especial oferece acolhimento, brinquedos sensoriais e \u00e1rea exclusiva para PCDs durante os shows A Secretaria Municipal de Inclus\u00e3o de&hellip;<\/p>\n","protected":false},"author":1,"featured_media":5584,"comment_status":"closed","ping_status":"open","sticky":false,"template":"","format":"standard","meta":{"sfsi_plus_gutenberg_text_before_share":"","sfsi_plus_gutenberg_show_text_before_share":"","sfsi_plus_gutenberg_icon_type":"","sfsi_plus_gutenberg_icon_alignemt":"","sfsi_plus_gutenburg_max_per_row":"","footnotes":""},"categories":[10,1,5],"tags":[16],"class_list":["post-5583","post","type-post","status-publish","format-standard","has-post-thumbnail","hentry","category-destaques","category-noticias","category-ourinhos","tag-ourinhos"],"_links":{"self":[{"href":"https:\/\/noticiasregionais.com.br\/index.php?rest_route=\/wp\/v2\/posts\/5583","targetHints":{"allow":["GET"]}}],"collection":[{"href":"https:\/\/noticiasregionais.com.br\/index.php?rest_route=\/wp\/v2\/posts"}],"about":[{"href":"https:\/\/noticiasregionais.com.br\/index.php?rest_route=\/wp\/v2\/types\/post"}],"author":[{"embeddable":true,"href":"https:\/\/noticiasregionais.com.br\/index.php?rest_route=\/wp\/v2\/users\/1"}],"replies":[{"embeddable":true,"href":"https:\/\/noticiasregionais.com.br\/index.php?rest_route=%2Fwp%2Fv2%2Fcomments&post=5583"}],"version-history":[{"count":1,"href":"https:\/\/noticiasregionais.com.br\/index.php?rest_route=\/wp\/v2\/posts\/5583\/revisions"}],"predecessor-version":[{"id":5585,"href":"https:\/\/noticiasregionais.com.br\/index.php?rest_route=\/wp\/v2\/posts\/5583\/revisions\/5585"}],"wp:featuredmedia":[{"embeddable":true,"href":"https:\/\/noticiasregionais.com.br\/index.php?rest_route=\/wp\/v2\/media\/5584"}],"wp:attachment":[{"href":"https:\/\/noticiasregionais.com.br\/index.php?rest_route=%2Fwp%2Fv2%2Fmedia&parent=5583"}],"wp:term":[{"taxonomy":"category","embeddable":true,"href":"https:\/\/noticiasregionais.com.br\/index.php?rest_route=%2Fwp%2Fv2%2Fcategories&post=5583"},{"taxonomy":"post_tag","embeddable":true,"href":"https:\/\/noticiasregionais.com.br\/index.php?rest_route=%2Fwp%2Fv2%2Ftags&post=5583"}],"curies":[{"name":"wp","href":"https:\/\/api.w.org\/{rel}","templated":true}]}}