{"id":5586,"date":"2025-06-15T10:56:40","date_gmt":"2025-06-15T13:56:40","guid":{"rendered":"https:\/\/noticiasregionais.com.br\/?p=5586"},"modified":"2025-06-15T10:57:36","modified_gmt":"2025-06-15T13:57:36","slug":"salto-grande-se-prepara-para-o-4o-arraia-praiano-festa-junina-promete-agitar-a-cidade-nos-dias-4-e-5-de-julho","status":"publish","type":"post","link":"https:\/\/noticiasregionais.com.br\/?p=5586","title":{"rendered":"Salto Grande se Prepara para o 4\u00ba Arrai\u00e1 Praiano: Festa Junina Promete Agitar a Cidade nos Dias 4 e 5 de Julho"},"content":{"rendered":"\n<p>A cidade de Salto Grande j\u00e1 entra no clima de festa. O prefeito M\u00e1rio Rosa anunciou oficialmente a realiza\u00e7\u00e3o do <strong>4\u00ba Arrai\u00e1 Praiano<\/strong>, que acontecer\u00e1 nos dias <strong>4 e 5 de julho<\/strong>, na <strong>Pra\u00e7a Francisco Campacci<\/strong>, um dos principais cart\u00f5es-postais da cidade.<\/p>\n\n\n\n<p>Com <strong>entrada e estacionamento gratuitos<\/strong>, o evento promete dois dias de muita anima\u00e7\u00e3o, resgatando tradi\u00e7\u00f5es juninas e reunindo moradores e visitantes em uma grande confraterniza\u00e7\u00e3o.<\/p>\n\n\n\n<h3 class=\"wp-block-heading\">M\u00fasica, Cultura e Tradi\u00e7\u00e3o<\/h3>\n\n\n\n<p>O Arrai\u00e1 contar\u00e1 com uma <strong>programa\u00e7\u00e3o cultural variada a partir das 19h<\/strong>, com apresenta\u00e7\u00f5es de:<\/p>\n\n\n\n<ul class=\"wp-block-list\">\n<li><strong>Alunos da rede municipal de ensino<\/strong>,<\/li>\n\n\n\n<li><strong>Grupos da terceira idade<\/strong>,<\/li>\n\n\n\n<li><strong>Quadrilhas juninas locais<\/strong>,<\/li>\n<\/ul>\n\n\n\n<p>A programa\u00e7\u00e3o musical tamb\u00e9m \u00e9 destaque. As noites de festa ser\u00e3o embaladas por <strong>duas grandes atra\u00e7\u00f5es<\/strong>:<\/p>\n\n\n\n<ul class=\"wp-block-list\">\n<li><strong>Dia 4 de julho (quinta-feira):<\/strong> Show com <strong>Jad &amp; Jefferson<\/strong>, a partir das 23h.<\/li>\n\n\n\n<li><strong>Dia 5 de julho (sexta-feira):<\/strong> Show com a dupla <strong>Lucca &amp; Mateus<\/strong>, tamb\u00e9m \u00e0s 23h.<\/li>\n<\/ul>\n\n\n\n<h3 class=\"wp-block-heading\">Sabores Juninos<\/h3>\n\n\n\n<p>Para completar a experi\u00eancia, o Arrai\u00e1 contar\u00e1 com uma <strong>pra\u00e7a de alimenta\u00e7\u00e3o recheada de comidas t\u00edpicas<\/strong>, como pamonha, canjica, milho verde, espetinhos, doces caseiros e outras del\u00edcias que fazem parte das festas juninas brasileiras.<\/p>\n\n\n\n<h3 class=\"wp-block-heading\">Mais que uma Festa<\/h3>\n\n\n\n<p>O prefeito M\u00e1rio Rosa refor\u00e7a o esp\u00edrito da celebra\u00e7\u00e3o:<\/p>\n\n\n\n<blockquote class=\"wp-block-quote is-layout-flow wp-block-quote-is-layout-flow\">\n<p>\u201c\u00c9 um momento de confraterniza\u00e7\u00e3o, valoriza\u00e7\u00e3o da nossa cultura e fortalecimento dos la\u00e7os com a comunidade. Tudo est\u00e1 sendo preparado com muito carinho para receber nossa popula\u00e7\u00e3o com alegria e seguran\u00e7a.\u201d<\/p>\n<\/blockquote>\n\n\n\n<h3 class=\"wp-block-heading\">Organiza\u00e7\u00e3o<\/h3>\n\n\n\n<p>O evento \u00e9 uma <strong>realiza\u00e7\u00e3o da Prefeitura Municipal de Salto Grande<\/strong>, com apoio das <strong>Secretarias de Educa\u00e7\u00e3o, Cultura e Assist\u00eancia Social<\/strong>. A expectativa \u00e9 de um p\u00fablico expressivo nos dois dias de festa, fortalecendo ainda mais o Arrai\u00e1 Praiano como um dos eventos mais queridos do munic\u00edpio<\/p>\n\n\n\n<figure class=\"wp-block-gallery has-nested-images columns-default is-cropped wp-block-gallery-1 is-layout-flex wp-block-gallery-is-layout-flex\">\n<figure class=\"wp-block-image size-large\"><img decoding=\"async\" width=\"819\" height=\"1024\" data-id=\"5587\" src=\"https:\/\/noticiasregionais.com.br\/wp-content\/uploads\/2025\/06\/WhatsApp-Image-2025-06-13-at-17.02.261-819x1024.jpeg\" alt=\"\" class=\"wp-image-5587\" srcset=\"https:\/\/noticiasregionais.com.br\/wp-content\/uploads\/2025\/06\/WhatsApp-Image-2025-06-13-at-17.02.261-819x1024.jpeg 819w, https:\/\/noticiasregionais.com.br\/wp-content\/uploads\/2025\/06\/WhatsApp-Image-2025-06-13-at-17.02.261-240x300.jpeg 240w, https:\/\/noticiasregionais.com.br\/wp-content\/uploads\/2025\/06\/WhatsApp-Image-2025-06-13-at-17.02.261-768x960.jpeg 768w, https:\/\/noticiasregionais.com.br\/wp-content\/uploads\/2025\/06\/WhatsApp-Image-2025-06-13-at-17.02.261.jpeg 1080w\" sizes=\"(max-width: 819px) 100vw, 819px\" \/><\/figure>\n\n\n\n<figure class=\"wp-block-image size-large\"><img decoding=\"async\" width=\"819\" height=\"1024\" data-id=\"5588\" src=\"https:\/\/noticiasregionais.com.br\/wp-content\/uploads\/2025\/06\/WhatsApp-Image-2025-06-13-at-17.02.26-819x1024.jpeg\" alt=\"\" class=\"wp-image-5588\" srcset=\"https:\/\/noticiasregionais.com.br\/wp-content\/uploads\/2025\/06\/WhatsApp-Image-2025-06-13-at-17.02.26-819x1024.jpeg 819w, https:\/\/noticiasregionais.com.br\/wp-content\/uploads\/2025\/06\/WhatsApp-Image-2025-06-13-at-17.02.26-240x300.jpeg 240w, https:\/\/noticiasregionais.com.br\/wp-content\/uploads\/2025\/06\/WhatsApp-Image-2025-06-13-at-17.02.26-768x960.jpeg 768w, https:\/\/noticiasregionais.com.br\/wp-content\/uploads\/2025\/06\/WhatsApp-Image-2025-06-13-at-17.02.26.jpeg 1080w\" sizes=\"(max-width: 819px) 100vw, 819px\" \/><\/figure>\n<\/figure>\n<input type=\"hidden\" id=\"baseurl\" value=\"https:\/\/noticiasregionais.com.br\"><input type=\"hidden\" id=\"audio_nonce\" value=\"533fbb67b1\">","protected":false},"excerpt":{"rendered":"<p>A cidade de Salto Grande j\u00e1 entra no clima de festa. O prefeito M\u00e1rio Rosa anunciou oficialmente a realiza\u00e7\u00e3o do&hellip;<\/p>\n","protected":false},"author":1,"featured_media":5589,"comment_status":"closed","ping_status":"open","sticky":false,"template":"","format":"standard","meta":{"sfsi_plus_gutenberg_text_before_share":"","sfsi_plus_gutenberg_show_text_before_share":"","sfsi_plus_gutenberg_icon_type":"","sfsi_plus_gutenberg_icon_alignemt":"","sfsi_plus_gutenburg_max_per_row":"","footnotes":""},"categories":[10,1,6],"tags":[15],"class_list":["post-5586","post","type-post","status-publish","format-standard","has-post-thumbnail","hentry","category-destaques","category-noticias","category-sao_paulo","tag-salto_grande"],"_links":{"self":[{"href":"https:\/\/noticiasregionais.com.br\/index.php?rest_route=\/wp\/v2\/posts\/5586","targetHints":{"allow":["GET"]}}],"collection":[{"href":"https:\/\/noticiasregionais.com.br\/index.php?rest_route=\/wp\/v2\/posts"}],"about":[{"href":"https:\/\/noticiasregionais.com.br\/index.php?rest_route=\/wp\/v2\/types\/post"}],"author":[{"embeddable":true,"href":"https:\/\/noticiasregionais.com.br\/index.php?rest_route=\/wp\/v2\/users\/1"}],"replies":[{"embeddable":true,"href":"https:\/\/noticiasregionais.com.br\/index.php?rest_route=%2Fwp%2Fv2%2Fcomments&post=5586"}],"version-history":[{"count":1,"href":"https:\/\/noticiasregionais.com.br\/index.php?rest_route=\/wp\/v2\/posts\/5586\/revisions"}],"predecessor-version":[{"id":5590,"href":"https:\/\/noticiasregionais.com.br\/index.php?rest_route=\/wp\/v2\/posts\/5586\/revisions\/5590"}],"wp:featuredmedia":[{"embeddable":true,"href":"https:\/\/noticiasregionais.com.br\/index.php?rest_route=\/wp\/v2\/media\/5589"}],"wp:attachment":[{"href":"https:\/\/noticiasregionais.com.br\/index.php?rest_route=%2Fwp%2Fv2%2Fmedia&parent=5586"}],"wp:term":[{"taxonomy":"category","embeddable":true,"href":"https:\/\/noticiasregionais.com.br\/index.php?rest_route=%2Fwp%2Fv2%2Fcategories&post=5586"},{"taxonomy":"post_tag","embeddable":true,"href":"https:\/\/noticiasregionais.com.br\/index.php?rest_route=%2Fwp%2Fv2%2Ftags&post=5586"}],"curies":[{"name":"wp","href":"https:\/\/api.w.org\/{rel}","templated":true}]}}