{"id":5591,"date":"2025-06-16T10:47:02","date_gmt":"2025-06-16T13:47:02","guid":{"rendered":"https:\/\/noticiasregionais.com.br\/?p=5591"},"modified":"2025-06-16T10:47:07","modified_gmt":"2025-06-16T13:47:07","slug":"homem-e-preso-por-ameaca-e-incendio-criminoso-em-contexto-de-violencia-domestica-em-santo-antonio-da-platina","status":"publish","type":"post","link":"https:\/\/noticiasregionais.com.br\/?p=5591","title":{"rendered":"Homem \u00e9 preso por amea\u00e7a e inc\u00eandio criminoso em contexto de viol\u00eancia dom\u00e9stica em Santo Ant\u00f4nio da Platina"},"content":{"rendered":"\n<p>Na manh\u00e3 deste s\u00e1bado (14), a Pol\u00edcia Militar do 2\u00ba Batalh\u00e3o prendeu um homem acusado de amea\u00e7a e inc\u00eandio criminoso em Santo Ant\u00f4nio da Platina, no norte pioneiro do Paran\u00e1. A ocorr\u00eancia, marcada por viol\u00eancia dom\u00e9stica e destrui\u00e7\u00e3o de patrim\u00f4nio, se desenrolou entre as 9h e 12h30 e mobilizou tamb\u00e9m o Corpo de Bombeiros.<\/p>\n\n\n\n<p>De acordo com a PM, a v\u00edtima, irm\u00e3 do suspeito, relatou ter sofrido amea\u00e7as nos dois dias anteriores, motivadas por comportamento agressivo do homem, que \u00e9 dependente qu\u00edmico. No s\u00e1bado, ela recebeu a informa\u00e7\u00e3o de que o irm\u00e3o estaria em sua casa com inten\u00e7\u00f5es violentas, o que motivou o primeiro acionamento das equipes policiais. No entanto, o suspeito n\u00e3o foi localizado naquele momento.<\/p>\n\n\n\n<p>Horas depois, um novo chamado foi feito, desta vez pelo Corpo de Bombeiros, que atuava em um inc\u00eandio em um ve\u00edculo na Rua \u00d4nix, no bairro Platina. Ao chegarem ao local, os policiais constataram que o carro incendiado pertencia ao suspeito e estava estacionado em frente \u00e0 casa da v\u00edtima. Segundo testemunhas, ele havia amea\u00e7ado a pr\u00f3pria m\u00e3e dizendo que colocaria fogo no autom\u00f3vel com a inten\u00e7\u00e3o de atingir a resid\u00eancia da irm\u00e3.<\/p>\n\n\n\n<p>Com base em imagens de c\u00e2meras de seguran\u00e7a e relatos obtidos na cena do crime, os policiais localizaram o autor em sua resid\u00eancia. Ele foi encontrado destruindo objetos e reagiu \u00e0 tentativa de pris\u00e3o, sendo necess\u00e1rio o uso de t\u00e9cnicas de imobiliza\u00e7\u00e3o para cont\u00ea-lo.<\/p>\n\n\n\n<p>Ap\u00f3s ser detido, o homem foi levado \u00e0 sede da 4\u00aa Companhia da PM, passou por atendimento no Pronto-Socorro e, em seguida, foi encaminhado \u00e0 Delegacia de Pol\u00edcia Civil, onde permanece \u00e0 disposi\u00e7\u00e3o da Justi\u00e7a.<\/p>\n\n\n\n<p>O caso segue sob investiga\u00e7\u00e3o e deve ser enquadrado na Lei Maria da Penha, dada a natureza das amea\u00e7as e o hist\u00f3rico de viol\u00eancia dom\u00e9stica relatado pela v\u00edtima.<\/p>\n\n\n\n<p><\/p>\n<input type=\"hidden\" id=\"baseurl\" value=\"https:\/\/noticiasregionais.com.br\"><input type=\"hidden\" id=\"audio_nonce\" value=\"533fbb67b1\">","protected":false},"excerpt":{"rendered":"<p>Na manh\u00e3 deste s\u00e1bado (14), a Pol\u00edcia Militar do 2\u00ba Batalh\u00e3o prendeu um homem acusado de amea\u00e7a e inc\u00eandio criminoso&hellip;<\/p>\n","protected":false},"author":1,"featured_media":5592,"comment_status":"closed","ping_status":"open","sticky":false,"template":"","format":"standard","meta":{"sfsi_plus_gutenberg_text_before_share":"","sfsi_plus_gutenberg_show_text_before_share":"","sfsi_plus_gutenberg_icon_type":"","sfsi_plus_gutenberg_icon_alignemt":"","sfsi_plus_gutenburg_max_per_row":"","footnotes":""},"categories":[10,1,7],"tags":[35],"class_list":["post-5591","post","type-post","status-publish","format-standard","has-post-thumbnail","hentry","category-destaques","category-noticias","category-parana","tag-santo_antonio_da_platina"],"_links":{"self":[{"href":"https:\/\/noticiasregionais.com.br\/index.php?rest_route=\/wp\/v2\/posts\/5591","targetHints":{"allow":["GET"]}}],"collection":[{"href":"https:\/\/noticiasregionais.com.br\/index.php?rest_route=\/wp\/v2\/posts"}],"about":[{"href":"https:\/\/noticiasregionais.com.br\/index.php?rest_route=\/wp\/v2\/types\/post"}],"author":[{"embeddable":true,"href":"https:\/\/noticiasregionais.com.br\/index.php?rest_route=\/wp\/v2\/users\/1"}],"replies":[{"embeddable":true,"href":"https:\/\/noticiasregionais.com.br\/index.php?rest_route=%2Fwp%2Fv2%2Fcomments&post=5591"}],"version-history":[{"count":1,"href":"https:\/\/noticiasregionais.com.br\/index.php?rest_route=\/wp\/v2\/posts\/5591\/revisions"}],"predecessor-version":[{"id":5593,"href":"https:\/\/noticiasregionais.com.br\/index.php?rest_route=\/wp\/v2\/posts\/5591\/revisions\/5593"}],"wp:featuredmedia":[{"embeddable":true,"href":"https:\/\/noticiasregionais.com.br\/index.php?rest_route=\/wp\/v2\/media\/5592"}],"wp:attachment":[{"href":"https:\/\/noticiasregionais.com.br\/index.php?rest_route=%2Fwp%2Fv2%2Fmedia&parent=5591"}],"wp:term":[{"taxonomy":"category","embeddable":true,"href":"https:\/\/noticiasregionais.com.br\/index.php?rest_route=%2Fwp%2Fv2%2Fcategories&post=5591"},{"taxonomy":"post_tag","embeddable":true,"href":"https:\/\/noticiasregionais.com.br\/index.php?rest_route=%2Fwp%2Fv2%2Ftags&post=5591"}],"curies":[{"name":"wp","href":"https:\/\/api.w.org\/{rel}","templated":true}]}}