{"id":5594,"date":"2025-06-16T11:34:30","date_gmt":"2025-06-16T14:34:30","guid":{"rendered":"https:\/\/noticiasregionais.com.br\/?p=5594"},"modified":"2025-06-16T11:34:43","modified_gmt":"2025-06-16T14:34:43","slug":"reuniao-durante-a-fapi-reforca-avancos-para-a-causa-animal-em-ourinhos","status":"publish","type":"post","link":"https:\/\/noticiasregionais.com.br\/?p=5594","title":{"rendered":"Reuni\u00e3o durante a FAPI refor\u00e7a avan\u00e7os para a causa animal em Ourinhos"},"content":{"rendered":"\n<p>Na manh\u00e3 de s\u00e1bado, 14 de junho, foi realizada uma importante reuni\u00e3o no stand do Canil Gaiolas Abertas durante a 56\u00aa edi\u00e7\u00e3o da Feira Agropecu\u00e1ria e Industrial de Ourinhos (FAPI). O encontro contou com a presen\u00e7a do prefeito municipal Guilherme Gon\u00e7alves, ativistas da causa animal, representantes do poder p\u00fablico e apoiadores da prote\u00e7\u00e3o animal. A reuni\u00e3o foi considerada altamente produtiva e trouxe uma s\u00e9rie de conquistas e encaminhamentos importantes para a causa em Ourinhos.<\/p>\n\n\n\n<p>Durante o evento, foi anunciada a renova\u00e7\u00e3o do contrato com o Canil Gaiolas Abertas por mais quatro anos, garantindo a continuidade dos servi\u00e7os de acolhimento e cuidado com os animais resgatados. Outro destaque foi a confirma\u00e7\u00e3o da emenda parlamentar de R$ 200 mil conquistada pelo vereador Kita, destinada \u00e0 constru\u00e7\u00e3o de um gatil municipal. A nova estrutura ser\u00e1 constru\u00edda ao lado do atual canil e tamb\u00e9m ficar\u00e1 sob a administra\u00e7\u00e3o do Gaiolas Abertas.<\/p>\n\n\n\n<p>O prefeito Guilherme Gon\u00e7alves refor\u00e7ou seu apoio \u00e0 causa e afirmou que o ambulat\u00f3rio veterin\u00e1rio municipal deve come\u00e7ar a funcionar em cerca de 60 dias, caso o processo de licita\u00e7\u00e3o transcorra sem impugna\u00e7\u00f5es. Ap\u00f3s a defini\u00e7\u00e3o da empresa vencedora, uma nova reuni\u00e3o ser\u00e1 marcada para esclarecer o funcionamento do servi\u00e7o e sanar d\u00favidas da comunidade protetora.<\/p>\n\n\n\n<p>As a\u00e7\u00f5es de castra\u00e7\u00e3o seguem em ritmo intenso, com prioridade para animais de rua e para fam\u00edlias de baixa renda inscritas no CRAS. J\u00e1 o fornecimento de ra\u00e7\u00e3o deve ser retomado em aproximadamente dois meses.<\/p>\n\n\n\n<p>Com o objetivo de combater o abandono, ser\u00e3o instaladas c\u00e2meras em pontos estrat\u00e9gicos da cidade onde h\u00e1 suspeitas de que animais estejam sendo deixados por pessoas de outras localidades. Essa medida visa coibir a pr\u00e1tica e responsabilizar os infratores.<\/p>\n\n\n\n<p>Outro avan\u00e7o discutido foi a cria\u00e7\u00e3o de uma casa de acolhimento e passagem para animais resgatados, especialmente no p\u00f3s-operat\u00f3rio de castra\u00e7\u00e3o. A ideia \u00e9 que os animais sejam acolhidos temporariamente e tenham a chance de serem adotados. Caso n\u00e3o sejam adotados nesse per\u00edodo, ser\u00e3o devolvidos ao local onde foram encontrados. O prefeito Guilherme se comprometeu a viabilizar um im\u00f3vel para a implanta\u00e7\u00e3o do projeto, que contar\u00e1 com a orienta\u00e7\u00e3o jur\u00eddica da Dra. Anna Merege para garantir sua regulariza\u00e7\u00e3o.<\/p>\n\n\n\n<p>A reuni\u00e3o tamb\u00e9m trouxe pautas relacionadas \u00e0 educa\u00e7\u00e3o. Foi sugerida a inclus\u00e3o de conte\u00fados sobre prote\u00e7\u00e3o animal e combate aos maus-tratos nas escolas municipais. A Dra. Anna afirmou que a proposta \u00e9 vi\u00e1vel e que deve ser marcada uma reuni\u00e3o com o vereador Kita para discutir sua implementa\u00e7\u00e3o.<\/p>\n\n\n\n<p>Embora n\u00e3o tenha atuado anteriormente na causa animal, o vereador Kita demonstrou disposi\u00e7\u00e3o em contribuir, reconhecendo os desafios enfrentados pelos protetores. A expectativa \u00e9 que o parlamentar continue apoiando os projetos e a\u00e7\u00f5es voltadas ao bem-estar animal.<\/p>\n\n\n\n<p>Outro ponto levantado pelo prefeito Guilherme foi a busca por emendas parlamentares junto a deputados estaduais e federais, com o objetivo de adquirir medicamentos para o atendimento de animais resgatados, de rua e de fam\u00edlias em situa\u00e7\u00e3o de vulnerabilidade.<\/p>\n\n\n\n<p>A Dra. Anna Merege tamb\u00e9m anunciou que ministrar\u00e1 um curso para capacitar os envolvidos na causa em rela\u00e7\u00e3o \u00e0 legisla\u00e7\u00e3o de prote\u00e7\u00e3o animal, fortalecendo ainda mais as a\u00e7\u00f5es locais.<\/p>\n\n\n\n<p>A participa\u00e7\u00e3o do Canil Gaiolas Abertas na FAPI foi um sucesso. Durante o evento, foram doados 21 c\u00e3es, incluindo 8 animais idosos \u2014 um marco significativo, considerando as dificuldades normalmente enfrentadas para a ado\u00e7\u00e3o de animais com mais idade.<\/p>\n\n\n\n<p>O encontro foi avaliado como uma grande conquista para a causa animal em Ourinhos. A uni\u00e3o entre poder p\u00fablico, volunt\u00e1rios e entidades protetoras refor\u00e7a o compromisso coletivo com o bem-estar dos animais. \u201cDevemos seguir firmes e unidos neste prop\u00f3sito\u201d, destacou uma das participantes.<\/p>\n\n\n\n<p>A luta continua, agora com ainda mais for\u00e7a, estrutura e apoio para transformar a realidade dos animais na cidade.<\/p>\n<input type=\"hidden\" id=\"baseurl\" value=\"https:\/\/noticiasregionais.com.br\"><input type=\"hidden\" id=\"audio_nonce\" value=\"533fbb67b1\">","protected":false},"excerpt":{"rendered":"<p>Na manh\u00e3 de s\u00e1bado, 14 de junho, foi realizada uma importante reuni\u00e3o no stand do Canil Gaiolas Abertas durante a&hellip;<\/p>\n","protected":false},"author":1,"featured_media":5595,"comment_status":"closed","ping_status":"open","sticky":false,"template":"","format":"standard","meta":{"sfsi_plus_gutenberg_text_before_share":"","sfsi_plus_gutenberg_show_text_before_share":"","sfsi_plus_gutenberg_icon_type":"","sfsi_plus_gutenberg_icon_alignemt":"","sfsi_plus_gutenburg_max_per_row":"","footnotes":""},"categories":[12,1,5],"tags":[16],"class_list":["post-5594","post","type-post","status-publish","format-standard","has-post-thumbnail","hentry","category-capa","category-noticias","category-ourinhos","tag-ourinhos"],"_links":{"self":[{"href":"https:\/\/noticiasregionais.com.br\/index.php?rest_route=\/wp\/v2\/posts\/5594","targetHints":{"allow":["GET"]}}],"collection":[{"href":"https:\/\/noticiasregionais.com.br\/index.php?rest_route=\/wp\/v2\/posts"}],"about":[{"href":"https:\/\/noticiasregionais.com.br\/index.php?rest_route=\/wp\/v2\/types\/post"}],"author":[{"embeddable":true,"href":"https:\/\/noticiasregionais.com.br\/index.php?rest_route=\/wp\/v2\/users\/1"}],"replies":[{"embeddable":true,"href":"https:\/\/noticiasregionais.com.br\/index.php?rest_route=%2Fwp%2Fv2%2Fcomments&post=5594"}],"version-history":[{"count":1,"href":"https:\/\/noticiasregionais.com.br\/index.php?rest_route=\/wp\/v2\/posts\/5594\/revisions"}],"predecessor-version":[{"id":5596,"href":"https:\/\/noticiasregionais.com.br\/index.php?rest_route=\/wp\/v2\/posts\/5594\/revisions\/5596"}],"wp:featuredmedia":[{"embeddable":true,"href":"https:\/\/noticiasregionais.com.br\/index.php?rest_route=\/wp\/v2\/media\/5595"}],"wp:attachment":[{"href":"https:\/\/noticiasregionais.com.br\/index.php?rest_route=%2Fwp%2Fv2%2Fmedia&parent=5594"}],"wp:term":[{"taxonomy":"category","embeddable":true,"href":"https:\/\/noticiasregionais.com.br\/index.php?rest_route=%2Fwp%2Fv2%2Fcategories&post=5594"},{"taxonomy":"post_tag","embeddable":true,"href":"https:\/\/noticiasregionais.com.br\/index.php?rest_route=%2Fwp%2Fv2%2Ftags&post=5594"}],"curies":[{"name":"wp","href":"https:\/\/api.w.org\/{rel}","templated":true}]}}