{"id":5597,"date":"2025-06-16T11:52:44","date_gmt":"2025-06-16T14:52:44","guid":{"rendered":"https:\/\/noticiasregionais.com.br\/?p=5597"},"modified":"2025-06-16T11:52:48","modified_gmt":"2025-06-16T14:52:48","slug":"fapi-2025-encerra-com-sucesso-de-publico-e-marca-nova-fase-da-feira-em-ourinhos","status":"publish","type":"post","link":"https:\/\/noticiasregionais.com.br\/?p=5597","title":{"rendered":"FAPI 2025 encerra com sucesso de p\u00fablico e marca nova fase da feira em Ourinhos"},"content":{"rendered":"\n<p>A 56\u00aa edi\u00e7\u00e3o da FAPI (Feira Agropecu\u00e1ria e Industrial de Ourinhos) chegou ao fim neste domingo (15), consolidando-se como um grande sucesso de p\u00fablico e organiza\u00e7\u00e3o. Realizada de 11 a 15 de junho no Recinto de Exposi\u00e7\u00f5es Olavo Ferreira de S\u00e1, a feira teve entrada gratuita e superou expectativas ao atrair milhares de visitantes, reunindo fam\u00edlias, entidades, empreendedores e lideran\u00e7as em um ambiente inclusivo, moderno e voltado ao desenvolvimento da cidade.<\/p>\n\n\n\n<p>Pela primeira vez sob a realiza\u00e7\u00e3o da ACE Ourinhos (Associa\u00e7\u00e3o Comercial e Empresarial), com apoio da Prefeitura, a FAPI 2025 destacou-se pelo novo formato, que resgatou a ess\u00eancia comunit\u00e1ria da feira e deu protagonismo a entidades, empresas locais e institui\u00e7\u00f5es de ensino.<\/p>\n\n\n\n<p><strong>Est\u00e1cio de S\u00e1 leva viv\u00eancia universit\u00e1ria \u00e0 popula\u00e7\u00e3o<\/strong><\/p>\n\n\n\n<p>Um dos grandes destaques desta edi\u00e7\u00e3o foi a participa\u00e7\u00e3o da Est\u00e1cio de S\u00e1 de Ourinhos, que marcou presen\u00e7a logo na entrada do evento com um estande interativo e educativo. Com o slogan <em>\u201cVenha brilhar voc\u00ea tamb\u00e9m\u201d<\/em>, a institui\u00e7\u00e3o ofereceu atividades pr\u00e1ticas, atendimentos gratuitos e experi\u00eancias promovidas por professores, alunos e colaboradores dos cursos de Direito, Psicologia, Enfermagem, Biomedicina, Nutri\u00e7\u00e3o e Fisioterapia.<\/p>\n\n\n\n<p>Durante os cinco dias, o espa\u00e7o se tornou ponto de encontro entre o saber acad\u00eamico e a vida cotidiana, oferecendo avalia\u00e7\u00f5es corporais, orienta\u00e7\u00f5es de sa\u00fade e a\u00e7\u00f5es de cidadania que aproximaram a popula\u00e7\u00e3o da viv\u00eancia universit\u00e1ria. A proposta refor\u00e7ou o compromisso social e educacional da Est\u00e1cio em Ourinhos, tornando o estande um dos mais visitados da feira.<\/p>\n\n\n\n<p><strong>Feira mais acess\u00edvel e com foco no desenvolvimento<\/strong><\/p>\n\n\n\n<p>Al\u00e9m da forte presen\u00e7a institucional e educacional, a FAPI 2025 inovou ao reunir todo o Sistema S \u2014 Sebrae, Senac, Sesi, Senai e Sest Senat \u2014 em um \u00fanico espa\u00e7o, oferecendo servi\u00e7os e informa\u00e7\u00f5es voltados \u00e0 qualifica\u00e7\u00e3o profissional. O evento tamb\u00e9m manteve a tradi\u00e7\u00e3o com rodeio, cavalo crioulo, shows de artistas nacionais como Maiara &amp; Mara\u00edsa e Jota Quest, parque de divers\u00f5es com acessibilidade, pra\u00e7a de alimenta\u00e7\u00e3o diversificada e espa\u00e7os para descanso e inclus\u00e3o.<\/p>\n\n\n\n<p>A edi\u00e7\u00e3o foi marcada pelo acolhimento \u00e0s fam\u00edlias, o est\u00edmulo \u00e0 economia local e a constru\u00e7\u00e3o de um novo modelo de feira: mais pr\u00f3xima da popula\u00e7\u00e3o, conectada \u00e0s necessidades do presente e preparada para os desafios do futuro.<\/p>\n<input type=\"hidden\" id=\"baseurl\" value=\"https:\/\/noticiasregionais.com.br\"><input type=\"hidden\" id=\"audio_nonce\" value=\"533fbb67b1\">","protected":false},"excerpt":{"rendered":"<p>A 56\u00aa edi\u00e7\u00e3o da FAPI (Feira Agropecu\u00e1ria e Industrial de Ourinhos) chegou ao fim neste domingo (15), consolidando-se como um&hellip;<\/p>\n","protected":false},"author":1,"featured_media":5598,"comment_status":"closed","ping_status":"open","sticky":false,"template":"","format":"standard","meta":{"sfsi_plus_gutenberg_text_before_share":"","sfsi_plus_gutenberg_show_text_before_share":"","sfsi_plus_gutenberg_icon_type":"","sfsi_plus_gutenberg_icon_alignemt":"","sfsi_plus_gutenburg_max_per_row":"","footnotes":""},"categories":[10,1,5],"tags":[16],"class_list":["post-5597","post","type-post","status-publish","format-standard","has-post-thumbnail","hentry","category-destaques","category-noticias","category-ourinhos","tag-ourinhos"],"_links":{"self":[{"href":"https:\/\/noticiasregionais.com.br\/index.php?rest_route=\/wp\/v2\/posts\/5597","targetHints":{"allow":["GET"]}}],"collection":[{"href":"https:\/\/noticiasregionais.com.br\/index.php?rest_route=\/wp\/v2\/posts"}],"about":[{"href":"https:\/\/noticiasregionais.com.br\/index.php?rest_route=\/wp\/v2\/types\/post"}],"author":[{"embeddable":true,"href":"https:\/\/noticiasregionais.com.br\/index.php?rest_route=\/wp\/v2\/users\/1"}],"replies":[{"embeddable":true,"href":"https:\/\/noticiasregionais.com.br\/index.php?rest_route=%2Fwp%2Fv2%2Fcomments&post=5597"}],"version-history":[{"count":1,"href":"https:\/\/noticiasregionais.com.br\/index.php?rest_route=\/wp\/v2\/posts\/5597\/revisions"}],"predecessor-version":[{"id":5599,"href":"https:\/\/noticiasregionais.com.br\/index.php?rest_route=\/wp\/v2\/posts\/5597\/revisions\/5599"}],"wp:featuredmedia":[{"embeddable":true,"href":"https:\/\/noticiasregionais.com.br\/index.php?rest_route=\/wp\/v2\/media\/5598"}],"wp:attachment":[{"href":"https:\/\/noticiasregionais.com.br\/index.php?rest_route=%2Fwp%2Fv2%2Fmedia&parent=5597"}],"wp:term":[{"taxonomy":"category","embeddable":true,"href":"https:\/\/noticiasregionais.com.br\/index.php?rest_route=%2Fwp%2Fv2%2Fcategories&post=5597"},{"taxonomy":"post_tag","embeddable":true,"href":"https:\/\/noticiasregionais.com.br\/index.php?rest_route=%2Fwp%2Fv2%2Ftags&post=5597"}],"curies":[{"name":"wp","href":"https:\/\/api.w.org\/{rel}","templated":true}]}}