{"id":5600,"date":"2025-06-17T14:46:39","date_gmt":"2025-06-17T17:46:39","guid":{"rendered":"https:\/\/noticiasregionais.com.br\/?p=5600"},"modified":"2025-06-17T14:46:52","modified_gmt":"2025-06-17T17:46:52","slug":"cpfl-da-inicio-a-substituicao-de-medidores-em-ourinhos-com-tecnologia-inteligente","status":"publish","type":"post","link":"https:\/\/noticiasregionais.com.br\/?p=5600","title":{"rendered":"CPFL d\u00e1 in\u00edcio \u00e0 substitui\u00e7\u00e3o de medidores em Ourinhos com tecnologia inteligente"},"content":{"rendered":"\n<p>A cidade de Ourinhos est\u00e1 passando por uma importante atualiza\u00e7\u00e3o no sistema de medi\u00e7\u00e3o de energia el\u00e9trica. A CPFL Santa Cruz come\u00e7ou nesta ter\u00e7a-feira (17) a implanta\u00e7\u00e3o de medidores inteligentes nas resid\u00eancias do munic\u00edpio, promovendo uma moderniza\u00e7\u00e3o significativa na forma como o consumo de energia ser\u00e1 monitorado.<\/p>\n\n\n\n<p>A primeira substitui\u00e7\u00e3o foi acompanhada de perto pelo prefeito Guilherme Gon\u00e7alves, que esteve em uma resid\u00eancia no Jardim Paulista para acompanhar o in\u00edcio dos trabalhos. A demonstra\u00e7\u00e3o evidenciou a agilidade do processo, que ser\u00e1 gratuito para os moradores.<\/p>\n\n\n\n<p>Com os novos equipamentos, a leitura do consumo ser\u00e1 realizada remotamente, eliminando a necessidade de visitas peri\u00f3dicas para coleta de dados. Al\u00e9m disso, em breve, os clientes poder\u00e3o acompanhar em tempo real o uso de energia por meio de aplicativos, facilitando o controle e planejamento do consumo dom\u00e9stico.<\/p>\n\n\n\n<p>A CPFL informou que a troca ser\u00e1 obrigat\u00f3ria e est\u00e1 sendo comunicada previamente aos consumidores por meio de correspond\u00eancias f\u00edsicas e eletr\u00f4nicas. Os t\u00e9cnicos respons\u00e1veis pela instala\u00e7\u00e3o s\u00e3o da empresa Sirtec e estar\u00e3o devidamente identificados com uniforme e crach\u00e1.<\/p>\n\n\n\n<p>Mais informa\u00e7\u00f5es sobre a iniciativa e sobre os medidores inteligentes podem ser obtidas no site oficial da CPFL: <a class=\"\" href=\"https:\/\/www.cpfl.com.br\/medidordeenergia\" target=\"_blank\" rel=\"noopener\">www.cpfl.com.br\/medidordeenergia<\/a>.<\/p>\n\n\n\n<figure class=\"wp-block-gallery has-nested-images columns-default is-cropped wp-block-gallery-1 is-layout-flex wp-block-gallery-is-layout-flex\">\n<figure class=\"wp-block-image size-large\"><img decoding=\"async\" width=\"1024\" height=\"682\" data-id=\"5603\" src=\"https:\/\/noticiasregionais.com.br\/wp-content\/uploads\/2025\/06\/WhatsApp-Image-2025-06-17-at-11.27.48-1024x682.jpeg\" alt=\"\" class=\"wp-image-5603\" srcset=\"https:\/\/noticiasregionais.com.br\/wp-content\/uploads\/2025\/06\/WhatsApp-Image-2025-06-17-at-11.27.48-1024x682.jpeg 1024w, https:\/\/noticiasregionais.com.br\/wp-content\/uploads\/2025\/06\/WhatsApp-Image-2025-06-17-at-11.27.48-300x200.jpeg 300w, https:\/\/noticiasregionais.com.br\/wp-content\/uploads\/2025\/06\/WhatsApp-Image-2025-06-17-at-11.27.48-768x512.jpeg 768w, https:\/\/noticiasregionais.com.br\/wp-content\/uploads\/2025\/06\/WhatsApp-Image-2025-06-17-at-11.27.48.jpeg 1280w\" sizes=\"(max-width: 1024px) 100vw, 1024px\" \/><\/figure>\n\n\n\n<figure class=\"wp-block-image size-large\"><img decoding=\"async\" width=\"1024\" height=\"682\" data-id=\"5602\" src=\"https:\/\/noticiasregionais.com.br\/wp-content\/uploads\/2025\/06\/WhatsApp-Image-2025-06-17-at-11.27.33-1024x682.jpeg\" alt=\"\" class=\"wp-image-5602\" srcset=\"https:\/\/noticiasregionais.com.br\/wp-content\/uploads\/2025\/06\/WhatsApp-Image-2025-06-17-at-11.27.33-1024x682.jpeg 1024w, https:\/\/noticiasregionais.com.br\/wp-content\/uploads\/2025\/06\/WhatsApp-Image-2025-06-17-at-11.27.33-300x200.jpeg 300w, https:\/\/noticiasregionais.com.br\/wp-content\/uploads\/2025\/06\/WhatsApp-Image-2025-06-17-at-11.27.33-768x512.jpeg 768w, https:\/\/noticiasregionais.com.br\/wp-content\/uploads\/2025\/06\/WhatsApp-Image-2025-06-17-at-11.27.33.jpeg 1280w\" sizes=\"(max-width: 1024px) 100vw, 1024px\" \/><\/figure>\n<\/figure>\n<input type=\"hidden\" id=\"baseurl\" value=\"https:\/\/noticiasregionais.com.br\"><input type=\"hidden\" id=\"audio_nonce\" value=\"533fbb67b1\">","protected":false},"excerpt":{"rendered":"<p>A cidade de Ourinhos est\u00e1 passando por uma importante atualiza\u00e7\u00e3o no sistema de medi\u00e7\u00e3o de energia el\u00e9trica. A CPFL Santa&hellip;<\/p>\n","protected":false},"author":1,"featured_media":5601,"comment_status":"closed","ping_status":"open","sticky":false,"template":"","format":"standard","meta":{"sfsi_plus_gutenberg_text_before_share":"","sfsi_plus_gutenberg_show_text_before_share":"","sfsi_plus_gutenberg_icon_type":"","sfsi_plus_gutenberg_icon_alignemt":"","sfsi_plus_gutenburg_max_per_row":"","footnotes":""},"categories":[10,1,5],"tags":[16],"class_list":["post-5600","post","type-post","status-publish","format-standard","has-post-thumbnail","hentry","category-destaques","category-noticias","category-ourinhos","tag-ourinhos"],"_links":{"self":[{"href":"https:\/\/noticiasregionais.com.br\/index.php?rest_route=\/wp\/v2\/posts\/5600","targetHints":{"allow":["GET"]}}],"collection":[{"href":"https:\/\/noticiasregionais.com.br\/index.php?rest_route=\/wp\/v2\/posts"}],"about":[{"href":"https:\/\/noticiasregionais.com.br\/index.php?rest_route=\/wp\/v2\/types\/post"}],"author":[{"embeddable":true,"href":"https:\/\/noticiasregionais.com.br\/index.php?rest_route=\/wp\/v2\/users\/1"}],"replies":[{"embeddable":true,"href":"https:\/\/noticiasregionais.com.br\/index.php?rest_route=%2Fwp%2Fv2%2Fcomments&post=5600"}],"version-history":[{"count":1,"href":"https:\/\/noticiasregionais.com.br\/index.php?rest_route=\/wp\/v2\/posts\/5600\/revisions"}],"predecessor-version":[{"id":5604,"href":"https:\/\/noticiasregionais.com.br\/index.php?rest_route=\/wp\/v2\/posts\/5600\/revisions\/5604"}],"wp:featuredmedia":[{"embeddable":true,"href":"https:\/\/noticiasregionais.com.br\/index.php?rest_route=\/wp\/v2\/media\/5601"}],"wp:attachment":[{"href":"https:\/\/noticiasregionais.com.br\/index.php?rest_route=%2Fwp%2Fv2%2Fmedia&parent=5600"}],"wp:term":[{"taxonomy":"category","embeddable":true,"href":"https:\/\/noticiasregionais.com.br\/index.php?rest_route=%2Fwp%2Fv2%2Fcategories&post=5600"},{"taxonomy":"post_tag","embeddable":true,"href":"https:\/\/noticiasregionais.com.br\/index.php?rest_route=%2Fwp%2Fv2%2Ftags&post=5600"}],"curies":[{"name":"wp","href":"https:\/\/api.w.org\/{rel}","templated":true}]}}