{"id":5605,"date":"2025-06-17T14:51:04","date_gmt":"2025-06-17T17:51:04","guid":{"rendered":"https:\/\/noticiasregionais.com.br\/?p=5605"},"modified":"2025-06-17T14:51:16","modified_gmt":"2025-06-17T17:51:16","slug":"prf-intensifica-fiscalizacao-na-br-153-durante-feriado-de-corpus-christi-2025","status":"publish","type":"post","link":"https:\/\/noticiasregionais.com.br\/?p=5605","title":{"rendered":"PRF intensifica fiscaliza\u00e7\u00e3o na BR-153 durante feriado de Corpus Christi 2025"},"content":{"rendered":"\n<p>A Pol\u00edcia Rodovi\u00e1ria Federal (PRF) d\u00e1 in\u00edcio, \u00e0 meia-noite desta quarta-feira (18), \u00e0 Opera\u00e7\u00e3o Corpus Christi 2025, que seguir\u00e1 at\u00e9 as 23h59 do pr\u00f3ximo domingo (22). A a\u00e7\u00e3o tem como foco principal garantir mais seguran\u00e7a nas estradas e melhorar o fluxo de ve\u00edculos durante o feriado prolongado, especialmente na BR-153, importante corredor rodovi\u00e1rio do noroeste paulista.<\/p>\n\n\n\n<p>Segundo a concession\u00e1ria Triunfo Transbrasiliana, respons\u00e1vel pelo trecho, cerca de 150 mil ve\u00edculos devem passar pela rodovia ao longo do per\u00edodo da opera\u00e7\u00e3o. O aumento no tr\u00e1fego ser\u00e1 mais evidente nos acessos \u00e0s principais cidades da regi\u00e3o.<\/p>\n\n\n\n<h3 class=\"wp-block-heading\">Previs\u00e3o de hor\u00e1rios de pico<\/h3>\n\n\n\n<p>A PRF prev\u00ea maior concentra\u00e7\u00e3o de ve\u00edculos entre 16h e 20h desta quarta-feira, al\u00e9m do retorno intenso no domingo \u00e0 tarde. Para evitar lentid\u00e3o e minimizar riscos, a orienta\u00e7\u00e3o \u00e9 que os motoristas programem suas viagens fora desses hor\u00e1rios, sempre que poss\u00edvel.<\/p>\n\n\n\n<h3 class=\"wp-block-heading\">Fiscaliza\u00e7\u00e3o refor\u00e7ada para coibir imprud\u00eancias<\/h3>\n\n\n\n<p>A opera\u00e7\u00e3o contar\u00e1 com refor\u00e7o no n\u00famero de agentes nas estradas, que estar\u00e3o posicionados estrategicamente em trechos de maior movimento. A fiscaliza\u00e7\u00e3o ser\u00e1 intensificada para coibir condutas perigosas como o excesso de velocidade, dirigir sob influ\u00eancia de \u00e1lcool e ultrapassagens irregulares \u2014 atitudes que est\u00e3o entre as principais causas de acidentes com gravidade nas rodovias federais.<\/p>\n\n\n\n<h3 class=\"wp-block-heading\">Dicas para uma viagem mais segura<\/h3>\n\n\n\n<p>A PRF orienta os condutores a tomarem algumas medidas simples, mas essenciais, para garantir uma viagem tranquila:<\/p>\n\n\n\n<ul class=\"wp-block-list\">\n<li>Fa\u00e7a revis\u00e3o preventiva do ve\u00edculo antes de pegar a estrada.<\/li>\n\n\n\n<li>Verifique as condi\u00e7\u00f5es clim\u00e1ticas e o estado das vias.<\/li>\n\n\n\n<li>Planeje a rota e escolha hor\u00e1rios com menor fluxo de ve\u00edculos.<\/li>\n\n\n\n<li>Respeite os limites de velocidade e sinaliza\u00e7\u00e3o.<\/li>\n\n\n\n<li>Pare a cada duas horas ou a cada 150 km para descansar e se reidratar.<\/li>\n\n\n\n<li>Utilize sempre o cinto de seguran\u00e7a e os dispositivos apropriados para transporte de crian\u00e7as.<\/li>\n\n\n\n<li>Mantenha a aten\u00e7\u00e3o total ao dirigir: n\u00e3o use o celular ao volante.<\/li>\n\n\n\n<li>Nunca conduza ap\u00f3s consumir bebida alco\u00f3lica ou subst\u00e2ncias que alterem a capacidade de dire\u00e7\u00e3o.<\/li>\n\n\n\n<li>S\u00f3 realize ultrapassagens em locais permitidos e com visibilidade adequada.<\/li>\n\n\n\n<li>Redobre os cuidados em \u00e1reas com curvas acentuadas, obras ou tr\u00e1fego de animais.<\/li>\n\n\n\n<li>Verifique se os itens obrigat\u00f3rios do carro est\u00e3o em ordem: estepe, macaco, tri\u00e2ngulo e chave de roda.<\/li>\n<\/ul>\n\n\n\n<p>Em caso de pane mec\u00e2nica ou imprevistos, sinalize corretamente o local com o tri\u00e2ngulo e procure manter-se em seguran\u00e7a, afastado da pista. A PRF pode ser acionada pelo n\u00famero 191.<\/p>\n\n\n\n<p>Motoristas tamb\u00e9m s\u00e3o incentivados a acompanhar as atualiza\u00e7\u00f5es sobre as condi\u00e7\u00f5es do tr\u00e2nsito e da rodovia por meio dos canais oficiais da PRF e das concession\u00e1rias.<\/p>\n<input type=\"hidden\" id=\"baseurl\" value=\"https:\/\/noticiasregionais.com.br\"><input type=\"hidden\" id=\"audio_nonce\" value=\"533fbb67b1\">","protected":false},"excerpt":{"rendered":"<p>A Pol\u00edcia Rodovi\u00e1ria Federal (PRF) d\u00e1 in\u00edcio, \u00e0 meia-noite desta quarta-feira (18), \u00e0 Opera\u00e7\u00e3o Corpus Christi 2025, que seguir\u00e1 at\u00e9&hellip;<\/p>\n","protected":false},"author":1,"featured_media":5606,"comment_status":"closed","ping_status":"open","sticky":false,"template":"","format":"standard","meta":{"sfsi_plus_gutenberg_text_before_share":"","sfsi_plus_gutenberg_show_text_before_share":"","sfsi_plus_gutenberg_icon_type":"","sfsi_plus_gutenberg_icon_alignemt":"","sfsi_plus_gutenburg_max_per_row":"","footnotes":""},"categories":[12,1,6],"tags":[16],"class_list":["post-5605","post","type-post","status-publish","format-standard","has-post-thumbnail","hentry","category-capa","category-noticias","category-sao_paulo","tag-ourinhos"],"_links":{"self":[{"href":"https:\/\/noticiasregionais.com.br\/index.php?rest_route=\/wp\/v2\/posts\/5605","targetHints":{"allow":["GET"]}}],"collection":[{"href":"https:\/\/noticiasregionais.com.br\/index.php?rest_route=\/wp\/v2\/posts"}],"about":[{"href":"https:\/\/noticiasregionais.com.br\/index.php?rest_route=\/wp\/v2\/types\/post"}],"author":[{"embeddable":true,"href":"https:\/\/noticiasregionais.com.br\/index.php?rest_route=\/wp\/v2\/users\/1"}],"replies":[{"embeddable":true,"href":"https:\/\/noticiasregionais.com.br\/index.php?rest_route=%2Fwp%2Fv2%2Fcomments&post=5605"}],"version-history":[{"count":1,"href":"https:\/\/noticiasregionais.com.br\/index.php?rest_route=\/wp\/v2\/posts\/5605\/revisions"}],"predecessor-version":[{"id":5607,"href":"https:\/\/noticiasregionais.com.br\/index.php?rest_route=\/wp\/v2\/posts\/5605\/revisions\/5607"}],"wp:featuredmedia":[{"embeddable":true,"href":"https:\/\/noticiasregionais.com.br\/index.php?rest_route=\/wp\/v2\/media\/5606"}],"wp:attachment":[{"href":"https:\/\/noticiasregionais.com.br\/index.php?rest_route=%2Fwp%2Fv2%2Fmedia&parent=5605"}],"wp:term":[{"taxonomy":"category","embeddable":true,"href":"https:\/\/noticiasregionais.com.br\/index.php?rest_route=%2Fwp%2Fv2%2Fcategories&post=5605"},{"taxonomy":"post_tag","embeddable":true,"href":"https:\/\/noticiasregionais.com.br\/index.php?rest_route=%2Fwp%2Fv2%2Ftags&post=5605"}],"curies":[{"name":"wp","href":"https:\/\/api.w.org\/{rel}","templated":true}]}}