{"id":5608,"date":"2025-06-17T15:35:16","date_gmt":"2025-06-17T18:35:16","guid":{"rendered":"https:\/\/noticiasregionais.com.br\/?p=5608"},"modified":"2025-06-17T15:35:21","modified_gmt":"2025-06-17T18:35:21","slug":"goias-confirma-novo-foco-de-gripe-aviaria-em-criacao-domestica-pais-soma-cinco-ocorrencias","status":"publish","type":"post","link":"https:\/\/noticiasregionais.com.br\/?p=5608","title":{"rendered":"Goi\u00e1s confirma novo foco de gripe avi\u00e1ria em cria\u00e7\u00e3o dom\u00e9stica; pa\u00eds soma cinco ocorr\u00eancias"},"content":{"rendered":"\n<p>Foi confirmado um novo caso de influenza avi\u00e1ria de alta patogenicidade (H5N1) em territ\u00f3rio brasileiro. O foco foi identificado em uma cria\u00e7\u00e3o dom\u00e9stica de subsist\u00eancia no munic\u00edpio de Santo Ant\u00f4nio da Barra, em Goi\u00e1s. A informa\u00e7\u00e3o foi divulgada na \u00faltima sexta-feira (13) pela Ag\u00eancia Goiana de Defesa Agropecu\u00e1ria (Agrodefesa).<\/p>\n\n\n\n<p>Segundo o presidente da Agrodefesa, Jos\u00e9 Ricardo Caixeta Ramos, o caso n\u00e3o altera o status sanit\u00e1rio do Brasil junto \u00e0 Organiza\u00e7\u00e3o Mundial de Sa\u00fade Animal (OMSA), j\u00e1 que envolve apenas aves n\u00e3o comerciais. De acordo com ele, as exporta\u00e7\u00f5es de carne de frango e ovos tamb\u00e9m n\u00e3o ser\u00e3o afetadas pela ocorr\u00eancia.<\/p>\n\n\n\n<h3 class=\"wp-block-heading\">Medidas de conten\u00e7\u00e3o j\u00e1 est\u00e3o em andamento<\/h3>\n\n\n\n<p>Com base no Plano Estadual de Conting\u00eancia para Influenza Avi\u00e1ria, a Agrodefesa mobilizou o Grupo Especial de Emerg\u00eancia Zoossanit\u00e1ria, que atua em conjunto com a Defesa Civil, for\u00e7as de seguran\u00e7a e a administra\u00e7\u00e3o municipal para conter a dissemina\u00e7\u00e3o do v\u00edrus. Entre as a\u00e7\u00f5es emergenciais adotadas est\u00e3o o monitoramento rigoroso num raio de 10 km ao redor da propriedade afetada, o controle do tr\u00e2nsito de aves e derivados, e a suspens\u00e3o tempor\u00e1ria de eventos que envolvam a exposi\u00e7\u00e3o de aves vivas na regi\u00e3o.<\/p>\n\n\n\n<p>Al\u00e9m disso, cerca de 180 propriedades est\u00e3o sendo acompanhadas por equipes t\u00e9cnicas do governo estadual, com a instala\u00e7\u00e3o de barreiras sanit\u00e1rias em pontos estrat\u00e9gicos.<\/p>\n\n\n\n<h3 class=\"wp-block-heading\">Como foi feita a identifica\u00e7\u00e3o<\/h3>\n\n\n\n<p>A suspeita foi reportada \u00e0 Agrodefesa no dia 9 de junho, ap\u00f3s a morte de aproximadamente 100 galinhas com sintomas compat\u00edveis com a gripe avi\u00e1ria, como prostra\u00e7\u00e3o, dificuldade para respirar, secre\u00e7\u00e3o nasal e asas ca\u00eddas. O atendimento \u00e0 notifica\u00e7\u00e3o foi imediato, seguindo os protocolos de biosseguran\u00e7a.<\/p>\n\n\n\n<h3 class=\"wp-block-heading\">Situa\u00e7\u00e3o da influenza avi\u00e1ria no Brasil<\/h3>\n\n\n\n<p>Com o caso em Santo Ant\u00f4nio da Barra, o Brasil totaliza cinco focos confirmados de H5N1 neste ano. Veja a situa\u00e7\u00e3o atual:<\/p>\n\n\n\n<ul class=\"wp-block-list\">\n<li><strong>Santo Ant\u00f4nio da Barra (GO):<\/strong> aves dom\u00e9sticas de subsist\u00eancia<\/li>\n\n\n\n<li><strong>Bras\u00edlia (DF):<\/strong> animal silvestre<\/li>\n\n\n\n<li><strong>Mateus Leme (MG):<\/strong> animal silvestre<\/li>\n\n\n\n<li><strong>Sapucaia do Sul (RS):<\/strong> animal silvestre<\/li>\n\n\n\n<li><strong>Montenegro (RS):<\/strong> propriedade comercial \u2013 atualmente em per\u00edodo de vazio sanit\u00e1rio, com t\u00e9rmino previsto para 18 de junho<\/li>\n<\/ul>\n\n\n\n<p>Se nenhum novo foco for identificado em Montenegro at\u00e9 essa data, a regi\u00e3o poder\u00e1 ser considerada livre da doen\u00e7a novamente, conforme estabelecido por normas internacionais.<\/p>\n\n\n\n<h3 class=\"wp-block-heading\">Casos em an\u00e1lise<\/h3>\n\n\n\n<p>Al\u00e9m dos registros confirmados, sete casos suspeitos est\u00e3o sob investiga\u00e7\u00e3o pelo Minist\u00e9rio da Agricultura e Pecu\u00e1ria (Mapa). Seis deles envolvem cria\u00e7\u00f5es dom\u00e9sticas localizadas nos munic\u00edpios de Parauapebas (PA), Cedro (CE), Novo Cruzeiro (MG), Sacramento (MG), S\u00e3o Joaquim de Bicas (MG) e Terenos (MS). O s\u00e9timo \u00e9 referente a um animal silvestre em S\u00e3o Valentim (RS).<\/p>\n\n\n\n<p>As informa\u00e7\u00f5es constam no painel oficial de monitoramento de doen\u00e7as respirat\u00f3rias e neurol\u00f3gicas em aves, atualizado na segunda-feira (16).<\/p>\n\n\n\n<h3 class=\"wp-block-heading\">Consumo de carne e ovos segue seguro<\/h3>\n\n\n\n<p>Em nota, o Mapa refor\u00e7ou que a gripe avi\u00e1ria n\u00e3o oferece risco \u00e0 sa\u00fade humana por meio do consumo de carnes de frango ou ovos devidamente inspecionados e preparados, mantendo o consumo seguro para a popula\u00e7\u00e3o.<\/p>\n\n\n\n<h3 class=\"wp-block-heading\">Impacto nas exporta\u00e7\u00f5es<\/h3>\n\n\n\n<p>A detec\u00e7\u00e3o do v\u00edrus em uma granja comercial no munic\u00edpio de Montenegro (RS) levou \u00e0 suspens\u00e3o tempor\u00e1ria das exporta\u00e7\u00f5es de carne de aves para 21 pa\u00edses. Em alguns casos, as restri\u00e7\u00f5es se aplicam apenas ao estado do Rio Grande do Sul ou ao pr\u00f3prio munic\u00edpio.<\/p>\n\n\n\n<p>Veja a divis\u00e3o atual:<\/p>\n\n\n\n<p><strong>Exporta\u00e7\u00f5es suspensas para todo o Brasil:<\/strong><br>China, Uni\u00e3o Europeia, Coreia do Sul, Chile, Filipinas, \u00c1frica do Sul, Peru, Uruguai, Mal\u00e1sia, Maurit\u00e2nia, Argentina, \u00cdndia, Canad\u00e1, entre outros.<\/p>\n\n\n\n<p><strong>Suspens\u00f5es restritas ao Rio Grande do Sul:<\/strong><br>M\u00e9xico, Ar\u00e1bia Saudita, Reino Unido, R\u00fassia, Bielorr\u00fassia, Om\u00e3, Kuwait, entre outros.<\/p>\n\n\n\n<p><strong>Suspens\u00f5es limitadas apenas a Montenegro (RS):<\/strong><br>Emirados \u00c1rabes Unidos, Jap\u00e3o, Catar e Jord\u00e2nia.<\/p>\n\n\n\n<p>As atualiza\u00e7\u00f5es s\u00e3o monitoradas pelo governo federal em di\u00e1logo com os parceiros comerciais, com o objetivo de garantir transpar\u00eancia e controle da situa\u00e7\u00e3o sanit\u00e1ria.<\/p>\n<input type=\"hidden\" id=\"baseurl\" value=\"https:\/\/noticiasregionais.com.br\"><input type=\"hidden\" id=\"audio_nonce\" value=\"533fbb67b1\">","protected":false},"excerpt":{"rendered":"<p>Foi confirmado um novo caso de influenza avi\u00e1ria de alta patogenicidade (H5N1) em territ\u00f3rio brasileiro. O foco foi identificado em&hellip;<\/p>\n","protected":false},"author":1,"featured_media":5609,"comment_status":"closed","ping_status":"open","sticky":false,"template":"","format":"standard","meta":{"sfsi_plus_gutenberg_text_before_share":"","sfsi_plus_gutenberg_show_text_before_share":"","sfsi_plus_gutenberg_icon_type":"","sfsi_plus_gutenberg_icon_alignemt":"","sfsi_plus_gutenburg_max_per_row":"","footnotes":""},"categories":[8,10,1],"tags":[],"class_list":["post-5608","post","type-post","status-publish","format-standard","has-post-thumbnail","hentry","category-brasil","category-destaques","category-noticias"],"_links":{"self":[{"href":"https:\/\/noticiasregionais.com.br\/index.php?rest_route=\/wp\/v2\/posts\/5608","targetHints":{"allow":["GET"]}}],"collection":[{"href":"https:\/\/noticiasregionais.com.br\/index.php?rest_route=\/wp\/v2\/posts"}],"about":[{"href":"https:\/\/noticiasregionais.com.br\/index.php?rest_route=\/wp\/v2\/types\/post"}],"author":[{"embeddable":true,"href":"https:\/\/noticiasregionais.com.br\/index.php?rest_route=\/wp\/v2\/users\/1"}],"replies":[{"embeddable":true,"href":"https:\/\/noticiasregionais.com.br\/index.php?rest_route=%2Fwp%2Fv2%2Fcomments&post=5608"}],"version-history":[{"count":1,"href":"https:\/\/noticiasregionais.com.br\/index.php?rest_route=\/wp\/v2\/posts\/5608\/revisions"}],"predecessor-version":[{"id":5610,"href":"https:\/\/noticiasregionais.com.br\/index.php?rest_route=\/wp\/v2\/posts\/5608\/revisions\/5610"}],"wp:featuredmedia":[{"embeddable":true,"href":"https:\/\/noticiasregionais.com.br\/index.php?rest_route=\/wp\/v2\/media\/5609"}],"wp:attachment":[{"href":"https:\/\/noticiasregionais.com.br\/index.php?rest_route=%2Fwp%2Fv2%2Fmedia&parent=5608"}],"wp:term":[{"taxonomy":"category","embeddable":true,"href":"https:\/\/noticiasregionais.com.br\/index.php?rest_route=%2Fwp%2Fv2%2Fcategories&post=5608"},{"taxonomy":"post_tag","embeddable":true,"href":"https:\/\/noticiasregionais.com.br\/index.php?rest_route=%2Fwp%2Fv2%2Ftags&post=5608"}],"curies":[{"name":"wp","href":"https:\/\/api.w.org\/{rel}","templated":true}]}}