{"id":561,"date":"2023-09-26T08:07:00","date_gmt":"2023-09-26T11:07:00","guid":{"rendered":"https:\/\/noticiasregionais.com.br\/?p=561"},"modified":"2023-09-26T09:32:05","modified_gmt":"2023-09-26T12:32:05","slug":"lucas-pocay-anuncia-praia-publica-em-ourinhos-e-divide-opinioes","status":"publish","type":"post","link":"https:\/\/noticiasregionais.com.br\/?p=561","title":{"rendered":"Lucas Pocay anuncia praia p\u00fablica em Ourinhos e divide opini\u00f5es"},"content":{"rendered":"\n<p>O an\u00fancio aconteceu nesta segunda-feira, dia 25\/09\/2023, e causou um grande alvoro\u00e7o em toda a cidade. Divididos entre entusiastas e c\u00e9ticos, os Ourinhenses se manifestaram das mais diversas formas nas redes sociais e em rodas de conversa. Segundo nota divulgada pelo setor de comunica\u00e7\u00e3o da Prefeitura Municipal:<\/p>\n\n\n\n<div class=\"wp-block-group has-very-light-gray-to-cyan-bluish-gray-gradient-background has-background\"><div class=\"wp-block-group__inner-container is-layout-constrained wp-block-group-is-layout-constrained\">\n<p>OURINHOS TER\u00c1 PRAIA O Parque Olavo Ferreira de S\u00e1 ser\u00e1 transformado em um destino de lazer \u00e0 beira d&#8217;\u00e1gua.<\/p>\n\n\n\n<p>Preparem-se para um novo cap\u00edtulo emocionante na hist\u00f3ria de Ourinhos! A cidade est\u00e1 prestes a ganhar sua pr\u00f3pria praia, gra\u00e7as \u00e0 vis\u00e3o do prefeito Lucas Pocay e coordena\u00e7\u00e3o do secret\u00e1rio de Governo, Caio Lima. Esta iniciativa promete transformar o Parque Olavo Ferreira de S\u00e1 em um destino de lazer \u00e0 beira d&#8217;\u00e1gua, proporcionando \u00e0 popula\u00e7\u00e3o uma experi\u00eancia \u00fanica e memor\u00e1vel.<\/p>\n\n\n\n<p>A decis\u00e3o de criar uma praia no Parque Olavo Ferreira de S\u00e1 \u00e9 um testemunho do compromisso da gest\u00e3o Lucas Pocay com o bem-estar dos cidad\u00e3os de Ourinhos. Este parque, que j\u00e1 \u00e9 querido pelos moradores, se tornar\u00e1 ainda mais especial com essa nova atra\u00e7\u00e3o.<\/p>\n\n\n\n<p>O lago existente, abastecido com \u00e1gua de mina, servir\u00e1 como a base para a praia, proporcionando um ambiente tranquilo e natural para atividades aqu\u00e1ticas e momentos de relaxamento. Com praias de areia branca, \u00e1reas de lazer e comodidades para toda a fam\u00edlia, o Parque Olavo Ferreira de S\u00e1 se tornar\u00e1 um ponto de encontro privilegiado para os moradores de Ourinhos.<\/p>\n\n\n\n<p>Esta iniciativa \u00e9 mais do que apenas um projeto de infraestrutura; \u00e9 um legado que ficar\u00e1 na mem\u00f3ria de Ourinhos por gera\u00e7\u00f5es. O prefeito Lucas Pocay, conhecido por sua gest\u00e3o inovadora, est\u00e1 transformando um sonho em realidade, proporcionando \u00e0 cidade um espa\u00e7o de lazer \u00e0 beira d&#8217;\u00e1gua que ser\u00e1 apreciado por muitos anos.<\/p>\n\n\n\n<p>Al\u00e9m de ser uma atra\u00e7\u00e3o tur\u00edstica, a praia do Parque Olavo Ferreira de S\u00e1 tamb\u00e9m promete fortalecer o senso de comunidade em Ourinhos. Ser\u00e1 um local para as fam\u00edlias se reunirem, os amigos se divertirem e novas amizades serem feitas.<\/p>\n\n\n\n<p>\u00c0 medida que a cidade se prepara para esta emocionante transforma\u00e7\u00e3o, os moradores podem esperar um futuro brilhante. O prefeito Lucas Pocay est\u00e1 comprometido em tornar Ourinhos um lugar ainda melhor para se viver, investindo em projetos que enriquecem a qualidade de vida de todos.<\/p>\n\n\n\n<p>Preparem-se, em breve, Ourinhos ter\u00e1 praia!<\/p>\n<\/div><\/div>\n\n\n\n<p>Em poucos minutos surgiram questionamentos sobre a necessidade da Gest\u00e3o realizar um gasto como esse em pleno decreto de conten\u00e7\u00e3o de despesas, que tem obrigado os \u00f3rg\u00e3os p\u00fablicos a fechar as portas \u00e0s 13 horas, reduzindo assim a oferta de servi\u00e7os \u00e0 popula\u00e7\u00e3o.<\/p>\n\n\n\n<p>Outro ponto abordado pelos mun\u00edcipes \u00e9 a qualidade da \u00e1gua escolhida para abrigar a obra, haja visto o Lago do Parque Olavo Ferreira de S\u00e1 receber um c\u00f3rrego que corta diversos bairros e ter sido alvo de den\u00fancias de polui\u00e7\u00e3o por esgoto e afins.<\/p>\n\n\n\n<p>Conhecido por pescadores amadores, o local certamente deixar\u00e1 de ser um ref\u00fagio de tranquilidade,  passando a abrigar a famosa &#8220;Muvuca&#8221;. H\u00e1 quem comente que a Guarda Civil Municipal certamente ter\u00e1 muito trabalho organizando os banhistas e evitando os poss\u00edveis excessos de grupos adolescentes como m\u00fasica alta, bebedeira e afins, comuns em todas as praias.&#8221;<\/p>\n<input type=\"hidden\" id=\"baseurl\" value=\"https:\/\/noticiasregionais.com.br\"><input type=\"hidden\" id=\"audio_nonce\" value=\"533fbb67b1\">","protected":false},"excerpt":{"rendered":"<p>O an\u00fancio aconteceu nesta segunda-feira, dia 25\/09\/2023, e causou um grande alvoro\u00e7o em toda a cidade. Divididos entre entusiastas e&hellip;<\/p>\n","protected":false},"author":1,"featured_media":562,"comment_status":"closed","ping_status":"open","sticky":false,"template":"","format":"standard","meta":{"sfsi_plus_gutenberg_text_before_share":"","sfsi_plus_gutenberg_show_text_before_share":"","sfsi_plus_gutenberg_icon_type":"","sfsi_plus_gutenberg_icon_alignemt":"","sfsi_plus_gutenburg_max_per_row":"","footnotes":""},"categories":[5,12,1],"tags":[],"class_list":["post-561","post","type-post","status-publish","format-standard","has-post-thumbnail","hentry","category-ourinhos","category-capa","category-noticias"],"_links":{"self":[{"href":"https:\/\/noticiasregionais.com.br\/index.php?rest_route=\/wp\/v2\/posts\/561","targetHints":{"allow":["GET"]}}],"collection":[{"href":"https:\/\/noticiasregionais.com.br\/index.php?rest_route=\/wp\/v2\/posts"}],"about":[{"href":"https:\/\/noticiasregionais.com.br\/index.php?rest_route=\/wp\/v2\/types\/post"}],"author":[{"embeddable":true,"href":"https:\/\/noticiasregionais.com.br\/index.php?rest_route=\/wp\/v2\/users\/1"}],"replies":[{"embeddable":true,"href":"https:\/\/noticiasregionais.com.br\/index.php?rest_route=%2Fwp%2Fv2%2Fcomments&post=561"}],"version-history":[{"count":2,"href":"https:\/\/noticiasregionais.com.br\/index.php?rest_route=\/wp\/v2\/posts\/561\/revisions"}],"predecessor-version":[{"id":564,"href":"https:\/\/noticiasregionais.com.br\/index.php?rest_route=\/wp\/v2\/posts\/561\/revisions\/564"}],"wp:featuredmedia":[{"embeddable":true,"href":"https:\/\/noticiasregionais.com.br\/index.php?rest_route=\/wp\/v2\/media\/562"}],"wp:attachment":[{"href":"https:\/\/noticiasregionais.com.br\/index.php?rest_route=%2Fwp%2Fv2%2Fmedia&parent=561"}],"wp:term":[{"taxonomy":"category","embeddable":true,"href":"https:\/\/noticiasregionais.com.br\/index.php?rest_route=%2Fwp%2Fv2%2Fcategories&post=561"},{"taxonomy":"post_tag","embeddable":true,"href":"https:\/\/noticiasregionais.com.br\/index.php?rest_route=%2Fwp%2Fv2%2Ftags&post=561"}],"curies":[{"name":"wp","href":"https:\/\/api.w.org\/{rel}","templated":true}]}}