{"id":5615,"date":"2025-06-24T08:52:41","date_gmt":"2025-06-24T11:52:41","guid":{"rendered":"https:\/\/noticiasregionais.com.br\/?p=5615"},"modified":"2025-06-24T09:01:55","modified_gmt":"2025-06-24T12:01:55","slug":"megaoperacao-sulmassp-e-lancada-para-reforcar-seguranca-na-divisa-do-sul-e-sudeste-do-pais","status":"publish","type":"post","link":"https:\/\/noticiasregionais.com.br\/?p=5615","title":{"rendered":"Megaopera\u00e7\u00e3o SULMASSP \u00e9 lan\u00e7ada para refor\u00e7ar seguran\u00e7a na divisa do Sul e Sudeste do pa\u00eds"},"content":{"rendered":"\n<h3 class=\"wp-block-heading has-text-align-center\"><em>For\u00e7as de seguran\u00e7a de cinco estados se unem em a\u00e7\u00e3o in\u00e9dita para combater o crime organizado nas fronteiras interestaduais<\/em><\/h3>\n\n\n\n<p>Uma ampla opera\u00e7\u00e3o integrada entre os estados do Paran\u00e1, S\u00e3o Paulo, Mato Grosso do Sul, Santa Catarina e Rio Grande do Sul foi deflagrada na manh\u00e3 desta segunda-feira (23), com o lan\u00e7amento oficial da <strong>Opera\u00e7\u00e3o SULMASSP<\/strong>. A cerim\u00f4nia de abertura ocorreu na BR-369, na divisa entre Jacarezinho (PR) e Ourinhos (SP), \u00e1rea sob responsabilidade do 2\u00ba Batalh\u00e3o da Pol\u00edcia Militar do Paran\u00e1.<\/p>\n\n\n\n<p>A a\u00e7\u00e3o marca o in\u00edcio de uma for\u00e7a-tarefa com foco na repress\u00e3o a crimes transfronteiri\u00e7os, como o tr\u00e1fico de drogas e armas, contrabando, descaminho, roubos de carga e crimes violentos. A opera\u00e7\u00e3o segue at\u00e9 o dia 26 de junho e mobiliza centenas de agentes das pol\u00edcias militares, Pol\u00edcia Rodovi\u00e1ria Federal (PRF), Pol\u00edcia Penal e unidades especializadas.<\/p>\n\n\n\n<h3 class=\"wp-block-heading\">Opera\u00e7\u00e3o estrat\u00e9gica entre cinco estados<\/h3>\n\n\n\n<p>A sigla <strong>SULMASSP<\/strong> representa a coopera\u00e7\u00e3o in\u00e9dita entre os estados do Sul (RS, SC e PR), o Sudeste (SP) e o Centro-Oeste (MS). A iniciativa visa fortalecer a seguran\u00e7a nas divisas e promover a\u00e7\u00f5es conjuntas que desarticulem organiza\u00e7\u00f5es criminosas que atuam entre fronteiras estaduais.<\/p>\n\n\n\n<p>Entre as medidas executadas est\u00e3o:<\/p>\n\n\n\n<ul class=\"wp-block-list\">\n<li>Bloqueios vi\u00e1rios com verifica\u00e7\u00e3o de ve\u00edculos e documentos;<\/li>\n\n\n\n<li>Fiscaliza\u00e7\u00f5es em rodovias, \u00e1reas rurais e zonas urbanas;<\/li>\n\n\n\n<li>Abordagens em terminais rodovi\u00e1rios e vias n\u00e3o pavimentadas;<\/li>\n\n\n\n<li>Cumprimento de mandados de pris\u00e3o;<\/li>\n\n\n\n<li>Patrulhamentos com equipes t\u00e1ticas e unidades a\u00e9reas.<\/li>\n<\/ul>\n\n\n\n<h3 class=\"wp-block-heading\">Suporte a\u00e9reo refor\u00e7a o combate<\/h3>\n\n\n\n<p>Um dos destaques da opera\u00e7\u00e3o \u00e9 a atua\u00e7\u00e3o do <strong>Batalh\u00e3o de Pol\u00edcia Militar de Opera\u00e7\u00f5es A\u00e9reas (BPMOA)<\/strong>, da PM do Paran\u00e1, que oferece apoio a\u00e9reo com a aeronave <em>Falc\u00e3o 01<\/em>. Com tecnologia de ponta, o helic\u00f3ptero realiza sobrevoos estrat\u00e9gicos para identificar movimenta\u00e7\u00f5es suspeitas e auxiliar diretamente as equipes em solo em \u00e1reas de dif\u00edcil acesso.<\/p>\n\n\n\n<h3 class=\"wp-block-heading\">Tropas especializadas ampliam poder de resposta<\/h3>\n\n\n\n<p>As for\u00e7as envolvidas contam com refor\u00e7os de unidades t\u00e1ticas como <strong>ROTAM<\/strong>, <strong>ROCAM<\/strong>, <strong>Patrulha Rural<\/strong> e <strong>Equipes de Opera\u00e7\u00f5es com C\u00e3es<\/strong>. A atua\u00e7\u00e3o dessas equipes \u00e9 coordenada com grupos t\u00e1ticos da Pol\u00edcia Militar de S\u00e3o Paulo, o que garante mobilidade em diferentes terrenos, al\u00e9m da detec\u00e7\u00e3o de drogas e armamentos durante as buscas.<\/p>\n\n\n\n<p>O Subcomandante do 2\u00ba BPM, <strong>Major Carlos Ricelle Leal<\/strong>, est\u00e1 \u00e0 frente do Comando de Policiamento Especializado (CPE) na opera\u00e7\u00e3o.<\/p>\n\n\n\n<h3 class=\"wp-block-heading\">Coopera\u00e7\u00e3o que gera resultados<\/h3>\n\n\n\n<p>O comandante do 2\u00ba Batalh\u00e3o da PM do Paran\u00e1, <strong>Tenente-Coronel M\u00e1rcio Jaquetti<\/strong>, lidera a opera\u00e7\u00e3o na regi\u00e3o e destacou a import\u00e2ncia da uni\u00e3o entre os estados:<\/p>\n\n\n\n<blockquote class=\"wp-block-quote is-layout-flow wp-block-quote-is-layout-flow\">\n<p>\u201cA uni\u00e3o das for\u00e7as de seguran\u00e7a p\u00fablica \u00e9 a resposta mais eficaz contra o crime organizado. A\u00e7\u00f5es como essa demonstram que, quando os estados trabalham juntos, conseguimos sufocar as rotas do tr\u00e1fico, combater o \u2018novo canga\u00e7o\u2019 e proteger nossas comunidades com mais efici\u00eancia\u201d, afirmou o oficial.<\/p>\n<\/blockquote>\n\n\n\n<h3 class=\"wp-block-heading\">Exemplo de integra\u00e7\u00e3o nacional<\/h3>\n\n\n\n<p>A Opera\u00e7\u00e3o SULMASSP simboliza um novo modelo de atua\u00e7\u00e3o integrada, com compartilhamento de informa\u00e7\u00f5es, recursos e intelig\u00eancia policial. A expectativa \u00e9 que a a\u00e7\u00e3o contribua para a redu\u00e7\u00e3o da viol\u00eancia nas regi\u00f5es de divisa e se consolide como refer\u00eancia para futuras opera\u00e7\u00f5es de seguran\u00e7a p\u00fablica em \u00e2mbito nacional.<\/p>\n\n\n\n<figure class=\"wp-block-gallery has-nested-images columns-default is-cropped wp-block-gallery-1 is-layout-flex wp-block-gallery-is-layout-flex\">\n<figure data-wp-context=\"{&quot;imageId&quot;:&quot;69ee626100b74&quot;}\" data-wp-interactive=\"core\/image\" data-wp-key=\"69ee626100b74\" class=\"wp-block-image size-large wp-lightbox-container\"><img decoding=\"async\" width=\"1024\" height=\"768\" data-wp-class--hide=\"state.isContentHidden\" data-wp-class--show=\"state.isContentVisible\" data-wp-init=\"callbacks.setButtonStyles\" data-wp-on--click=\"actions.showLightbox\" data-wp-on--load=\"callbacks.setButtonStyles\" data-wp-on-window--resize=\"callbacks.setButtonStyles\" data-id=\"5620\" src=\"https:\/\/noticiasregionais.com.br\/wp-content\/uploads\/2025\/06\/WhatsApp-Image-2025-06-23-at-15.56.041-1024x768.jpeg\" alt=\"\" class=\"wp-image-5620\" srcset=\"https:\/\/noticiasregionais.com.br\/wp-content\/uploads\/2025\/06\/WhatsApp-Image-2025-06-23-at-15.56.041-1024x768.jpeg 1024w, https:\/\/noticiasregionais.com.br\/wp-content\/uploads\/2025\/06\/WhatsApp-Image-2025-06-23-at-15.56.041-300x225.jpeg 300w, https:\/\/noticiasregionais.com.br\/wp-content\/uploads\/2025\/06\/WhatsApp-Image-2025-06-23-at-15.56.041-768x576.jpeg 768w, https:\/\/noticiasregionais.com.br\/wp-content\/uploads\/2025\/06\/WhatsApp-Image-2025-06-23-at-15.56.041-1536x1152.jpeg 1536w, https:\/\/noticiasregionais.com.br\/wp-content\/uploads\/2025\/06\/WhatsApp-Image-2025-06-23-at-15.56.041.jpeg 1600w\" sizes=\"(max-width: 1024px) 100vw, 1024px\" \/><button\n\t\t\tclass=\"lightbox-trigger\"\n\t\t\ttype=\"button\"\n\t\t\taria-haspopup=\"dialog\"\n\t\t\taria-label=\"Ampliar\"\n\t\t\tdata-wp-init=\"callbacks.initTriggerButton\"\n\t\t\tdata-wp-on--click=\"actions.showLightbox\"\n\t\t\tdata-wp-style--right=\"state.imageButtonRight\"\n\t\t\tdata-wp-style--top=\"state.imageButtonTop\"\n\t\t>\n\t\t\t<svg xmlns=\"http:\/\/www.w3.org\/2000\/svg\" width=\"12\" height=\"12\" fill=\"none\" viewBox=\"0 0 12 12\">\n\t\t\t\t<path fill=\"#fff\" d=\"M2 0a2 2 0 0 0-2 2v2h1.5V2a.5.5 0 0 1 .5-.5h2V0H2Zm2 10.5H2a.5.5 0 0 1-.5-.5V8H0v2a2 2 0 0 0 2 2h2v-1.5ZM8 12v-1.5h2a.5.5 0 0 0 .5-.5V8H12v2a2 2 0 0 1-2 2H8Zm2-12a2 2 0 0 1 2 2v2h-1.5V2a.5.5 0 0 0-.5-.5H8V0h2Z\" \/>\n\t\t\t<\/svg>\n\t\t<\/button><\/figure>\n\n\n\n<figure data-wp-context=\"{&quot;imageId&quot;:&quot;69ee62610100b&quot;}\" data-wp-interactive=\"core\/image\" data-wp-key=\"69ee62610100b\" class=\"wp-block-image size-large wp-lightbox-container\"><img decoding=\"async\" width=\"1024\" height=\"768\" data-wp-class--hide=\"state.isContentHidden\" data-wp-class--show=\"state.isContentVisible\" data-wp-init=\"callbacks.setButtonStyles\" data-wp-on--click=\"actions.showLightbox\" data-wp-on--load=\"callbacks.setButtonStyles\" data-wp-on-window--resize=\"callbacks.setButtonStyles\" data-id=\"5626\" src=\"https:\/\/noticiasregionais.com.br\/wp-content\/uploads\/2025\/06\/WhatsApp-Image-2025-06-23-at-15.56.04-1-1024x768.jpeg\" alt=\"\" class=\"wp-image-5626\" srcset=\"https:\/\/noticiasregionais.com.br\/wp-content\/uploads\/2025\/06\/WhatsApp-Image-2025-06-23-at-15.56.04-1-1024x768.jpeg 1024w, https:\/\/noticiasregionais.com.br\/wp-content\/uploads\/2025\/06\/WhatsApp-Image-2025-06-23-at-15.56.04-1-300x225.jpeg 300w, https:\/\/noticiasregionais.com.br\/wp-content\/uploads\/2025\/06\/WhatsApp-Image-2025-06-23-at-15.56.04-1-768x576.jpeg 768w, https:\/\/noticiasregionais.com.br\/wp-content\/uploads\/2025\/06\/WhatsApp-Image-2025-06-23-at-15.56.04-1-1536x1152.jpeg 1536w, https:\/\/noticiasregionais.com.br\/wp-content\/uploads\/2025\/06\/WhatsApp-Image-2025-06-23-at-15.56.04-1.jpeg 1600w\" sizes=\"(max-width: 1024px) 100vw, 1024px\" \/><button\n\t\t\tclass=\"lightbox-trigger\"\n\t\t\ttype=\"button\"\n\t\t\taria-haspopup=\"dialog\"\n\t\t\taria-label=\"Ampliar\"\n\t\t\tdata-wp-init=\"callbacks.initTriggerButton\"\n\t\t\tdata-wp-on--click=\"actions.showLightbox\"\n\t\t\tdata-wp-style--right=\"state.imageButtonRight\"\n\t\t\tdata-wp-style--top=\"state.imageButtonTop\"\n\t\t>\n\t\t\t<svg xmlns=\"http:\/\/www.w3.org\/2000\/svg\" width=\"12\" height=\"12\" fill=\"none\" viewBox=\"0 0 12 12\">\n\t\t\t\t<path fill=\"#fff\" d=\"M2 0a2 2 0 0 0-2 2v2h1.5V2a.5.5 0 0 1 .5-.5h2V0H2Zm2 10.5H2a.5.5 0 0 1-.5-.5V8H0v2a2 2 0 0 0 2 2h2v-1.5ZM8 12v-1.5h2a.5.5 0 0 0 .5-.5V8H12v2a2 2 0 0 1-2 2H8Zm2-12a2 2 0 0 1 2 2v2h-1.5V2a.5.5 0 0 0-.5-.5H8V0h2Z\" \/>\n\t\t\t<\/svg>\n\t\t<\/button><\/figure>\n\n\n\n<figure data-wp-context=\"{&quot;imageId&quot;:&quot;69ee6261013cf&quot;}\" data-wp-interactive=\"core\/image\" data-wp-key=\"69ee6261013cf\" class=\"wp-block-image size-large wp-lightbox-container\"><img decoding=\"async\" width=\"1024\" height=\"768\" data-wp-class--hide=\"state.isContentHidden\" data-wp-class--show=\"state.isContentVisible\" data-wp-init=\"callbacks.setButtonStyles\" data-wp-on--click=\"actions.showLightbox\" data-wp-on--load=\"callbacks.setButtonStyles\" data-wp-on-window--resize=\"callbacks.setButtonStyles\" data-id=\"5619\" src=\"https:\/\/noticiasregionais.com.br\/wp-content\/uploads\/2025\/06\/WhatsApp-Image-2025-06-23-at-15.56.03-1024x768.jpeg\" alt=\"\" class=\"wp-image-5619\" srcset=\"https:\/\/noticiasregionais.com.br\/wp-content\/uploads\/2025\/06\/WhatsApp-Image-2025-06-23-at-15.56.03-1024x768.jpeg 1024w, https:\/\/noticiasregionais.com.br\/wp-content\/uploads\/2025\/06\/WhatsApp-Image-2025-06-23-at-15.56.03-300x225.jpeg 300w, https:\/\/noticiasregionais.com.br\/wp-content\/uploads\/2025\/06\/WhatsApp-Image-2025-06-23-at-15.56.03-768x576.jpeg 768w, https:\/\/noticiasregionais.com.br\/wp-content\/uploads\/2025\/06\/WhatsApp-Image-2025-06-23-at-15.56.03-1536x1152.jpeg 1536w, https:\/\/noticiasregionais.com.br\/wp-content\/uploads\/2025\/06\/WhatsApp-Image-2025-06-23-at-15.56.03.jpeg 1600w\" sizes=\"(max-width: 1024px) 100vw, 1024px\" \/><button\n\t\t\tclass=\"lightbox-trigger\"\n\t\t\ttype=\"button\"\n\t\t\taria-haspopup=\"dialog\"\n\t\t\taria-label=\"Ampliar\"\n\t\t\tdata-wp-init=\"callbacks.initTriggerButton\"\n\t\t\tdata-wp-on--click=\"actions.showLightbox\"\n\t\t\tdata-wp-style--right=\"state.imageButtonRight\"\n\t\t\tdata-wp-style--top=\"state.imageButtonTop\"\n\t\t>\n\t\t\t<svg xmlns=\"http:\/\/www.w3.org\/2000\/svg\" width=\"12\" height=\"12\" fill=\"none\" viewBox=\"0 0 12 12\">\n\t\t\t\t<path fill=\"#fff\" d=\"M2 0a2 2 0 0 0-2 2v2h1.5V2a.5.5 0 0 1 .5-.5h2V0H2Zm2 10.5H2a.5.5 0 0 1-.5-.5V8H0v2a2 2 0 0 0 2 2h2v-1.5ZM8 12v-1.5h2a.5.5 0 0 0 .5-.5V8H12v2a2 2 0 0 1-2 2H8Zm2-12a2 2 0 0 1 2 2v2h-1.5V2a.5.5 0 0 0-.5-.5H8V0h2Z\" \/>\n\t\t\t<\/svg>\n\t\t<\/button><\/figure>\n\n\n\n<figure data-wp-context=\"{&quot;imageId&quot;:&quot;69ee62610181b&quot;}\" data-wp-interactive=\"core\/image\" data-wp-key=\"69ee62610181b\" class=\"wp-block-image size-large wp-lightbox-container\"><img decoding=\"async\" width=\"1024\" height=\"768\" data-wp-class--hide=\"state.isContentHidden\" data-wp-class--show=\"state.isContentVisible\" data-wp-init=\"callbacks.setButtonStyles\" data-wp-on--click=\"actions.showLightbox\" data-wp-on--load=\"callbacks.setButtonStyles\" data-wp-on-window--resize=\"callbacks.setButtonStyles\" data-id=\"5618\" src=\"https:\/\/noticiasregionais.com.br\/wp-content\/uploads\/2025\/06\/WhatsApp-Image-2025-06-23-at-15.56.031-1024x768.jpeg\" alt=\"\" class=\"wp-image-5618\" srcset=\"https:\/\/noticiasregionais.com.br\/wp-content\/uploads\/2025\/06\/WhatsApp-Image-2025-06-23-at-15.56.031-1024x768.jpeg 1024w, https:\/\/noticiasregionais.com.br\/wp-content\/uploads\/2025\/06\/WhatsApp-Image-2025-06-23-at-15.56.031-300x225.jpeg 300w, https:\/\/noticiasregionais.com.br\/wp-content\/uploads\/2025\/06\/WhatsApp-Image-2025-06-23-at-15.56.031-768x576.jpeg 768w, https:\/\/noticiasregionais.com.br\/wp-content\/uploads\/2025\/06\/WhatsApp-Image-2025-06-23-at-15.56.031-1536x1152.jpeg 1536w, https:\/\/noticiasregionais.com.br\/wp-content\/uploads\/2025\/06\/WhatsApp-Image-2025-06-23-at-15.56.031.jpeg 1600w\" sizes=\"(max-width: 1024px) 100vw, 1024px\" \/><button\n\t\t\tclass=\"lightbox-trigger\"\n\t\t\ttype=\"button\"\n\t\t\taria-haspopup=\"dialog\"\n\t\t\taria-label=\"Ampliar\"\n\t\t\tdata-wp-init=\"callbacks.initTriggerButton\"\n\t\t\tdata-wp-on--click=\"actions.showLightbox\"\n\t\t\tdata-wp-style--right=\"state.imageButtonRight\"\n\t\t\tdata-wp-style--top=\"state.imageButtonTop\"\n\t\t>\n\t\t\t<svg xmlns=\"http:\/\/www.w3.org\/2000\/svg\" width=\"12\" height=\"12\" fill=\"none\" viewBox=\"0 0 12 12\">\n\t\t\t\t<path fill=\"#fff\" d=\"M2 0a2 2 0 0 0-2 2v2h1.5V2a.5.5 0 0 1 .5-.5h2V0H2Zm2 10.5H2a.5.5 0 0 1-.5-.5V8H0v2a2 2 0 0 0 2 2h2v-1.5ZM8 12v-1.5h2a.5.5 0 0 0 .5-.5V8H12v2a2 2 0 0 1-2 2H8Zm2-12a2 2 0 0 1 2 2v2h-1.5V2a.5.5 0 0 0-.5-.5H8V0h2Z\" \/>\n\t\t\t<\/svg>\n\t\t<\/button><\/figure>\n\n\n\n<figure data-wp-context=\"{&quot;imageId&quot;:&quot;69ee626101b9b&quot;}\" data-wp-interactive=\"core\/image\" data-wp-key=\"69ee626101b9b\" class=\"wp-block-image size-large wp-lightbox-container\"><img decoding=\"async\" width=\"1024\" height=\"768\" data-wp-class--hide=\"state.isContentHidden\" data-wp-class--show=\"state.isContentVisible\" data-wp-init=\"callbacks.setButtonStyles\" data-wp-on--click=\"actions.showLightbox\" data-wp-on--load=\"callbacks.setButtonStyles\" data-wp-on-window--resize=\"callbacks.setButtonStyles\" data-id=\"5617\" src=\"https:\/\/noticiasregionais.com.br\/wp-content\/uploads\/2025\/06\/WhatsApp-Image-2025-06-23-at-15.56.02-1024x768.jpeg\" alt=\"\" class=\"wp-image-5617\" srcset=\"https:\/\/noticiasregionais.com.br\/wp-content\/uploads\/2025\/06\/WhatsApp-Image-2025-06-23-at-15.56.02-1024x768.jpeg 1024w, https:\/\/noticiasregionais.com.br\/wp-content\/uploads\/2025\/06\/WhatsApp-Image-2025-06-23-at-15.56.02-300x225.jpeg 300w, https:\/\/noticiasregionais.com.br\/wp-content\/uploads\/2025\/06\/WhatsApp-Image-2025-06-23-at-15.56.02-768x576.jpeg 768w, https:\/\/noticiasregionais.com.br\/wp-content\/uploads\/2025\/06\/WhatsApp-Image-2025-06-23-at-15.56.02-1536x1152.jpeg 1536w, https:\/\/noticiasregionais.com.br\/wp-content\/uploads\/2025\/06\/WhatsApp-Image-2025-06-23-at-15.56.02.jpeg 1600w\" sizes=\"(max-width: 1024px) 100vw, 1024px\" \/><button\n\t\t\tclass=\"lightbox-trigger\"\n\t\t\ttype=\"button\"\n\t\t\taria-haspopup=\"dialog\"\n\t\t\taria-label=\"Ampliar\"\n\t\t\tdata-wp-init=\"callbacks.initTriggerButton\"\n\t\t\tdata-wp-on--click=\"actions.showLightbox\"\n\t\t\tdata-wp-style--right=\"state.imageButtonRight\"\n\t\t\tdata-wp-style--top=\"state.imageButtonTop\"\n\t\t>\n\t\t\t<svg xmlns=\"http:\/\/www.w3.org\/2000\/svg\" width=\"12\" height=\"12\" fill=\"none\" viewBox=\"0 0 12 12\">\n\t\t\t\t<path fill=\"#fff\" d=\"M2 0a2 2 0 0 0-2 2v2h1.5V2a.5.5 0 0 1 .5-.5h2V0H2Zm2 10.5H2a.5.5 0 0 1-.5-.5V8H0v2a2 2 0 0 0 2 2h2v-1.5ZM8 12v-1.5h2a.5.5 0 0 0 .5-.5V8H12v2a2 2 0 0 1-2 2H8Zm2-12a2 2 0 0 1 2 2v2h-1.5V2a.5.5 0 0 0-.5-.5H8V0h2Z\" \/>\n\t\t\t<\/svg>\n\t\t<\/button><\/figure>\n<\/figure>\n<input type=\"hidden\" id=\"baseurl\" value=\"https:\/\/noticiasregionais.com.br\"><input type=\"hidden\" id=\"audio_nonce\" value=\"533fbb67b1\">","protected":false},"excerpt":{"rendered":"<p>For\u00e7as de seguran\u00e7a de cinco estados se unem em a\u00e7\u00e3o in\u00e9dita para combater o crime organizado nas fronteiras interestaduais Uma&hellip;<\/p>\n","protected":false},"author":1,"featured_media":5622,"comment_status":"closed","ping_status":"open","sticky":false,"template":"","format":"standard","meta":{"sfsi_plus_gutenberg_text_before_share":"","sfsi_plus_gutenberg_show_text_before_share":"","sfsi_plus_gutenberg_icon_type":"","sfsi_plus_gutenberg_icon_alignemt":"","sfsi_plus_gutenburg_max_per_row":"","footnotes":""},"categories":[12,1,5],"tags":[18,16],"class_list":["post-5615","post","type-post","status-publish","format-standard","has-post-thumbnail","hentry","category-capa","category-noticias","category-ourinhos","tag-jacarezinho","tag-ourinhos"],"_links":{"self":[{"href":"https:\/\/noticiasregionais.com.br\/index.php?rest_route=\/wp\/v2\/posts\/5615","targetHints":{"allow":["GET"]}}],"collection":[{"href":"https:\/\/noticiasregionais.com.br\/index.php?rest_route=\/wp\/v2\/posts"}],"about":[{"href":"https:\/\/noticiasregionais.com.br\/index.php?rest_route=\/wp\/v2\/types\/post"}],"author":[{"embeddable":true,"href":"https:\/\/noticiasregionais.com.br\/index.php?rest_route=\/wp\/v2\/users\/1"}],"replies":[{"embeddable":true,"href":"https:\/\/noticiasregionais.com.br\/index.php?rest_route=%2Fwp%2Fv2%2Fcomments&post=5615"}],"version-history":[{"count":1,"href":"https:\/\/noticiasregionais.com.br\/index.php?rest_route=\/wp\/v2\/posts\/5615\/revisions"}],"predecessor-version":[{"id":5627,"href":"https:\/\/noticiasregionais.com.br\/index.php?rest_route=\/wp\/v2\/posts\/5615\/revisions\/5627"}],"wp:featuredmedia":[{"embeddable":true,"href":"https:\/\/noticiasregionais.com.br\/index.php?rest_route=\/wp\/v2\/media\/5622"}],"wp:attachment":[{"href":"https:\/\/noticiasregionais.com.br\/index.php?rest_route=%2Fwp%2Fv2%2Fmedia&parent=5615"}],"wp:term":[{"taxonomy":"category","embeddable":true,"href":"https:\/\/noticiasregionais.com.br\/index.php?rest_route=%2Fwp%2Fv2%2Fcategories&post=5615"},{"taxonomy":"post_tag","embeddable":true,"href":"https:\/\/noticiasregionais.com.br\/index.php?rest_route=%2Fwp%2Fv2%2Ftags&post=5615"}],"curies":[{"name":"wp","href":"https:\/\/api.w.org\/{rel}","templated":true}]}}