{"id":5630,"date":"2025-06-24T09:19:22","date_gmt":"2025-06-24T12:19:22","guid":{"rendered":"https:\/\/noticiasregionais.com.br\/?p=5630"},"modified":"2025-06-24T09:19:53","modified_gmt":"2025-06-24T12:19:53","slug":"operacao-corpus-christi-registra-mais-de-2-400-flagrantes-de-excesso-de-velocidade-e-uma-vitima-fatal","status":"publish","type":"post","link":"https:\/\/noticiasregionais.com.br\/?p=5630","title":{"rendered":"Opera\u00e7\u00e3o Corpus Christi registra mais de 2.400 flagrantes de excesso de velocidade e uma v\u00edtima fatal"},"content":{"rendered":"\n<h3 class=\"wp-block-heading has-text-align-center\"><em>A\u00e7\u00e3o da Pol\u00edcia Militar Rodovi\u00e1ria visou refor\u00e7ar a seguran\u00e7a vi\u00e1ria nas regi\u00f5es de Assis, Mar\u00edlia e Ourinhos entre os dias 18 de abril e 22 de junho<\/em><\/h3>\n\n\n\n<p>A <strong>3\u00aa Companhia do 2\u00ba Batalh\u00e3o de Pol\u00edcia Rodovi\u00e1ria<\/strong>, da Pol\u00edcia Militar do Estado de S\u00e3o Paulo, divulgou o balan\u00e7o final da <strong>Opera\u00e7\u00e3o Corpus Christi 2025<\/strong>, encerrada no \u00faltimo dia 22 de junho. A a\u00e7\u00e3o, que teve in\u00edcio em 18 de abril, foi realizada ao longo de mais de dois meses e cobriu cerca de <strong>1.700 km de rodovias estaduais<\/strong> que atravessam <strong>64 munic\u00edpios<\/strong> das regi\u00f5es de Assis, Mar\u00edlia e Ourinhos.<\/p>\n\n\n\n<p>Com o objetivo de preservar vidas e reduzir acidentes nas estradas durante o per\u00edodo de maior movimenta\u00e7\u00e3o de ve\u00edculos, a opera\u00e7\u00e3o mobilizou <strong>todo o efetivo operacional e administrativo<\/strong> da corpora\u00e7\u00e3o, com apoio do <strong>DER<\/strong>, <strong>concession\u00e1rias de rodovias<\/strong>, <strong>ARTESP<\/strong> e outras institui\u00e7\u00f5es parceiras.<\/p>\n\n\n\n<h3 class=\"wp-block-heading\">Fiscaliza\u00e7\u00e3o intensa e autua\u00e7\u00f5es expressivas<\/h3>\n\n\n\n<p>Durante a opera\u00e7\u00e3o, foram aplicadas <strong>397 autua\u00e7\u00f5es<\/strong> por diversas infra\u00e7\u00f5es de tr\u00e2nsito. Os destaques incluem:<\/p>\n\n\n\n<ul class=\"wp-block-list\">\n<li><strong>87 autos<\/strong> por n\u00e3o utiliza\u00e7\u00e3o de cinto de seguran\u00e7a ou dispositivos de reten\u00e7\u00e3o;<\/li>\n\n\n\n<li><strong>24 multas<\/strong> por ultrapassagens em locais proibidos;<\/li>\n\n\n\n<li><strong>20 casos<\/strong> de motoristas flagrados dirigindo sob efeito de \u00e1lcool ou que se recusaram ao teste do etil\u00f4metro.<\/li>\n<\/ul>\n\n\n\n<p>Ao todo, <strong>978 motoristas<\/strong> foram submetidos ao teste de alcoolemia. A imprud\u00eancia no tr\u00e2nsito tamb\u00e9m ficou evidente com a captura de <strong>2.437 imagens de ve\u00edculos em excesso de velocidade<\/strong>, refor\u00e7ando a preocupa\u00e7\u00e3o com o desrespeito \u00e0s normas de circula\u00e7\u00e3o.<\/p>\n\n\n\n<h3 class=\"wp-block-heading\">Acidentes e consequ\u00eancias<\/h3>\n\n\n\n<p>No per\u00edodo da opera\u00e7\u00e3o, foram registrados <strong>15 sinistros de tr\u00e2nsito<\/strong> nas rodovias sob a responsabilidade da 3\u00aa Companhia. A maioria dos acidentes, segundo a PM Rodovi\u00e1ria, poderia ter sido evitada. As causas principais permanecem ligadas ao comportamento inadequado dos condutores, como:<\/p>\n\n\n\n<ul class=\"wp-block-list\">\n<li>Imprud\u00eancia;<\/li>\n\n\n\n<li>Neglig\u00eancia;<\/li>\n\n\n\n<li>Imper\u00edcia;<\/li>\n\n\n\n<li>Desrespeito \u00e0 sinaliza\u00e7\u00e3o.<\/li>\n<\/ul>\n\n\n\n<p>Infelizmente, um dos acidentes resultou em <strong>uma v\u00edtima fatal<\/strong>.<\/p>\n\n\n\n<h3 class=\"wp-block-heading\">Compromisso com a vida<\/h3>\n\n\n\n<p>A Pol\u00edcia Militar Rodovi\u00e1ria refor\u00e7a seu compromisso com a <strong>defesa da vida, da integridade f\u00edsica e da dignidade da pessoa humana<\/strong>, lema que norteou toda a execu\u00e7\u00e3o da opera\u00e7\u00e3o. Mesmo com a fiscaliza\u00e7\u00e3o refor\u00e7ada, o \u00f3rg\u00e3o destaca que os altos \u00edndices de velocidade excessiva e o n\u00e3o uso do cinto de seguran\u00e7a demonstram que <strong>a conscientiza\u00e7\u00e3o dos motoristas ainda \u00e9 um desafio constante<\/strong>.<\/p>\n<input type=\"hidden\" id=\"baseurl\" value=\"https:\/\/noticiasregionais.com.br\"><input type=\"hidden\" id=\"audio_nonce\" value=\"533fbb67b1\">","protected":false},"excerpt":{"rendered":"<p>A\u00e7\u00e3o da Pol\u00edcia Militar Rodovi\u00e1ria visou refor\u00e7ar a seguran\u00e7a vi\u00e1ria nas regi\u00f5es de Assis, Mar\u00edlia e Ourinhos entre os dias&hellip;<\/p>\n","protected":false},"author":1,"featured_media":4655,"comment_status":"closed","ping_status":"open","sticky":false,"template":"","format":"standard","meta":{"sfsi_plus_gutenberg_text_before_share":"","sfsi_plus_gutenberg_show_text_before_share":"","sfsi_plus_gutenberg_icon_type":"","sfsi_plus_gutenberg_icon_alignemt":"","sfsi_plus_gutenburg_max_per_row":"","footnotes":""},"categories":[10,1,6],"tags":[],"class_list":["post-5630","post","type-post","status-publish","format-standard","has-post-thumbnail","hentry","category-destaques","category-noticias","category-sao_paulo"],"_links":{"self":[{"href":"https:\/\/noticiasregionais.com.br\/index.php?rest_route=\/wp\/v2\/posts\/5630","targetHints":{"allow":["GET"]}}],"collection":[{"href":"https:\/\/noticiasregionais.com.br\/index.php?rest_route=\/wp\/v2\/posts"}],"about":[{"href":"https:\/\/noticiasregionais.com.br\/index.php?rest_route=\/wp\/v2\/types\/post"}],"author":[{"embeddable":true,"href":"https:\/\/noticiasregionais.com.br\/index.php?rest_route=\/wp\/v2\/users\/1"}],"replies":[{"embeddable":true,"href":"https:\/\/noticiasregionais.com.br\/index.php?rest_route=%2Fwp%2Fv2%2Fcomments&post=5630"}],"version-history":[{"count":1,"href":"https:\/\/noticiasregionais.com.br\/index.php?rest_route=\/wp\/v2\/posts\/5630\/revisions"}],"predecessor-version":[{"id":5631,"href":"https:\/\/noticiasregionais.com.br\/index.php?rest_route=\/wp\/v2\/posts\/5630\/revisions\/5631"}],"wp:featuredmedia":[{"embeddable":true,"href":"https:\/\/noticiasregionais.com.br\/index.php?rest_route=\/wp\/v2\/media\/4655"}],"wp:attachment":[{"href":"https:\/\/noticiasregionais.com.br\/index.php?rest_route=%2Fwp%2Fv2%2Fmedia&parent=5630"}],"wp:term":[{"taxonomy":"category","embeddable":true,"href":"https:\/\/noticiasregionais.com.br\/index.php?rest_route=%2Fwp%2Fv2%2Fcategories&post=5630"},{"taxonomy":"post_tag","embeddable":true,"href":"https:\/\/noticiasregionais.com.br\/index.php?rest_route=%2Fwp%2Fv2%2Ftags&post=5630"}],"curies":[{"name":"wp","href":"https:\/\/api.w.org\/{rel}","templated":true}]}}