{"id":5632,"date":"2025-06-24T10:40:41","date_gmt":"2025-06-24T13:40:41","guid":{"rendered":"https:\/\/noticiasregionais.com.br\/?p=5632"},"modified":"2025-06-24T10:40:53","modified_gmt":"2025-06-24T13:40:53","slug":"enem-2025-prazo-para-pagamento-da-taxa-de-inscricao-termina-nesta-sexta-feira-27","status":"publish","type":"post","link":"https:\/\/noticiasregionais.com.br\/?p=5632","title":{"rendered":"ENEM 2025: prazo para pagamento da taxa de inscri\u00e7\u00e3o termina nesta sexta-feira (27)"},"content":{"rendered":"\n<p>Os participantes do Exame Nacional do Ensino M\u00e9dio (ENEM) 2025 que ainda n\u00e3o efetuaram o pagamento da taxa de inscri\u00e7\u00e3o t\u00eam at\u00e9 as 23h59 desta sexta-feira, dia 27 de junho, para quitar o valor de R$ 85. O pagamento pode ser realizado por meio de boleto banc\u00e1rio, Pix, cart\u00e3o de cr\u00e9dito ou d\u00e9bito em conta corrente ou poupan\u00e7a.<\/p>\n\n\n\n<p>Essa etapa \u00e9 obrigat\u00f3ria para todos os inscritos que n\u00e3o obtiveram isen\u00e7\u00e3o. Estudantes da rede p\u00fablica que est\u00e3o concluindo o ensino m\u00e9dio em 2025 t\u00eam direito \u00e0 gratuidade autom\u00e1tica, e por isso n\u00e3o recebem boleto de pagamento.<\/p>\n\n\n\n<p>As provas do ENEM est\u00e3o agendadas para os dias 9 e 16 de novembro em todo o pa\u00eds. No entanto, devido \u00e0 realiza\u00e7\u00e3o da 30\u00aa Confer\u00eancia da ONU sobre Mudan\u00e7as Clim\u00e1ticas (COP 30) no estado do Par\u00e1, os munic\u00edpios de Bel\u00e9m, Ananindeua e Marituba ter\u00e3o datas alternativas: 30 de novembro e 7 de dezembro.<\/p>\n\n\n\n<p>O Instituto Nacional de Estudos e Pesquisas Educacionais An\u00edsio Teixeira (Inep), respons\u00e1vel pelo exame, confirmou a altera\u00e7\u00e3o no cronograma para essas cidades.<\/p>\n\n\n\n<p>Reconhecido como a principal porta de entrada para o ensino superior brasileiro, o ENEM \u00e9 utilizado por programas como o Sisu, Prouni e FIES, al\u00e9m de ser aceito em universidades internacionais.<\/p>\n\n\n\n<h4 class=\"wp-block-heading\">Como efetuar o pagamento da taxa<\/h4>\n\n\n\n<p>O boleto est\u00e1 dispon\u00edvel na P\u00e1gina do Participante, acess\u00edvel com CPF e a senha cadastrada no sistema. Para pagamentos via Pix, basta escanear o QR Code presente no boleto. Tamb\u00e9m \u00e9 poss\u00edvel pagar utilizando cart\u00e3o de cr\u00e9dito ou d\u00e9bito.<\/p>\n\n\n\n<p>\u00c9 fundamental respeitar o prazo: ap\u00f3s as 23h59 da sexta-feira (27), o sistema n\u00e3o permitir\u00e1 novos pagamentos e a inscri\u00e7\u00e3o ser\u00e1 automaticamente cancelada.<\/p>\n<input type=\"hidden\" id=\"baseurl\" value=\"https:\/\/noticiasregionais.com.br\"><input type=\"hidden\" id=\"audio_nonce\" value=\"533fbb67b1\">","protected":false},"excerpt":{"rendered":"<p>Os participantes do Exame Nacional do Ensino M\u00e9dio (ENEM) 2025 que ainda n\u00e3o efetuaram o pagamento da taxa de inscri\u00e7\u00e3o&hellip;<\/p>\n","protected":false},"author":1,"featured_media":5633,"comment_status":"closed","ping_status":"open","sticky":false,"template":"","format":"standard","meta":{"sfsi_plus_gutenberg_text_before_share":"","sfsi_plus_gutenberg_show_text_before_share":"","sfsi_plus_gutenberg_icon_type":"","sfsi_plus_gutenberg_icon_alignemt":"","sfsi_plus_gutenburg_max_per_row":"","footnotes":""},"categories":[8,10,1],"tags":[],"class_list":["post-5632","post","type-post","status-publish","format-standard","has-post-thumbnail","hentry","category-brasil","category-destaques","category-noticias"],"_links":{"self":[{"href":"https:\/\/noticiasregionais.com.br\/index.php?rest_route=\/wp\/v2\/posts\/5632","targetHints":{"allow":["GET"]}}],"collection":[{"href":"https:\/\/noticiasregionais.com.br\/index.php?rest_route=\/wp\/v2\/posts"}],"about":[{"href":"https:\/\/noticiasregionais.com.br\/index.php?rest_route=\/wp\/v2\/types\/post"}],"author":[{"embeddable":true,"href":"https:\/\/noticiasregionais.com.br\/index.php?rest_route=\/wp\/v2\/users\/1"}],"replies":[{"embeddable":true,"href":"https:\/\/noticiasregionais.com.br\/index.php?rest_route=%2Fwp%2Fv2%2Fcomments&post=5632"}],"version-history":[{"count":1,"href":"https:\/\/noticiasregionais.com.br\/index.php?rest_route=\/wp\/v2\/posts\/5632\/revisions"}],"predecessor-version":[{"id":5634,"href":"https:\/\/noticiasregionais.com.br\/index.php?rest_route=\/wp\/v2\/posts\/5632\/revisions\/5634"}],"wp:featuredmedia":[{"embeddable":true,"href":"https:\/\/noticiasregionais.com.br\/index.php?rest_route=\/wp\/v2\/media\/5633"}],"wp:attachment":[{"href":"https:\/\/noticiasregionais.com.br\/index.php?rest_route=%2Fwp%2Fv2%2Fmedia&parent=5632"}],"wp:term":[{"taxonomy":"category","embeddable":true,"href":"https:\/\/noticiasregionais.com.br\/index.php?rest_route=%2Fwp%2Fv2%2Fcategories&post=5632"},{"taxonomy":"post_tag","embeddable":true,"href":"https:\/\/noticiasregionais.com.br\/index.php?rest_route=%2Fwp%2Fv2%2Ftags&post=5632"}],"curies":[{"name":"wp","href":"https:\/\/api.w.org\/{rel}","templated":true}]}}