{"id":5635,"date":"2025-06-24T13:56:28","date_gmt":"2025-06-24T16:56:28","guid":{"rendered":"https:\/\/noticiasregionais.com.br\/?p=5635"},"modified":"2025-06-24T13:56:40","modified_gmt":"2025-06-24T16:56:40","slug":"campanha-maio-amarelo-encerra-atividades-em-marilia-com-acoes-educativas-voltadas-a-mais-de-3-mil-criancas","status":"publish","type":"post","link":"https:\/\/noticiasregionais.com.br\/?p=5635","title":{"rendered":"Campanha Maio Amarelo encerra atividades em Mar\u00edlia com a\u00e7\u00f5es educativas voltadas a mais de 3 mil crian\u00e7as"},"content":{"rendered":"\n<h3 class=\"wp-block-heading has-text-align-center\"><em>A\u00e7\u00f5es da PRF em parceria com \u00f3rg\u00e3os locais levaram conscientiza\u00e7\u00e3o sobre seguran\u00e7a no tr\u00e2nsito para alunos da rede municipal<\/em><\/h3>\n\n\n\n<p>A Pol\u00edcia Rodovi\u00e1ria Federal (PRF) finalizou nesta ter\u00e7a-feira (17\/06), em Mar\u00edlia, as atividades da campanha nacional <strong>Maio Amarelo<\/strong>, que tem como foco principal a valoriza\u00e7\u00e3o da vida e a preven\u00e7\u00e3o de acidentes no tr\u00e2nsito. Em colabora\u00e7\u00e3o com a Secretaria da Educa\u00e7\u00e3o do munic\u00edpio, EMDURB, Receita Federal e a Concession\u00e1ria Triunfo Transbrasiliana, a PRF promoveu uma s\u00e9rie de a\u00e7\u00f5es educativas voltadas para crian\u00e7as da rede p\u00fablica de ensino.<\/p>\n\n\n\n<p>Mais de <strong>3.300 alunos<\/strong> participaram das atividades ao longo da campanha, que incluiu palestras com orienta\u00e7\u00f5es sobre seguran\u00e7a vi\u00e1ria, cidadania no tr\u00e2nsito e o papel de cada indiv\u00edduo na constru\u00e7\u00e3o de um ambiente mais seguro.<\/p>\n\n\n\n<h3 class=\"wp-block-heading\">Educa\u00e7\u00e3o desde cedo: crian\u00e7as como multiplicadoras de boas pr\u00e1ticas<\/h3>\n\n\n\n<p>Durante as atividades, os estudantes receberam <strong>materiais educativos<\/strong> elaborados especialmente para o p\u00fablico infantil, como cadernos de pintura com ilustra\u00e7\u00f5es tem\u00e1ticas e um &#8220;mini tal\u00e3o de multas&#8221;, que permite \u00e0s crian\u00e7as apontarem condutas inadequadas no tr\u00e2nsito cometidas por adultos \u2014 incentivando, de forma l\u00fadica, a participa\u00e7\u00e3o ativa no ambiente familiar.<\/p>\n\n\n\n<p>As a\u00e7\u00f5es buscaram ampliar a percep\u00e7\u00e3o das crian\u00e7as como <strong>personagens j\u00e1 presentes no tr\u00e2nsito<\/strong>, seja como pedestres ou passageiros, refor\u00e7ando a import\u00e2ncia da educa\u00e7\u00e3o desde a inf\u00e2ncia para promover comportamentos mais respons\u00e1veis.<\/p>\n\n\n\n<h3 class=\"wp-block-heading\">Experi\u00eancia pr\u00e1tica e concurso de desenho<\/h3>\n\n\n\n<p>Al\u00e9m das palestras, as crian\u00e7as tamb\u00e9m participaram de atividades pr\u00e1ticas na <strong>Cidade Mirim da EMDURB<\/strong>, onde circularam com bicicletas em um ambiente simulado, recebendo orienta\u00e7\u00f5es de agentes do Departamento de Tr\u00e2nsito e Transporte de Mar\u00edlia (DETAP) sobre regras de circula\u00e7\u00e3o, sinaliza\u00e7\u00e3o e atitudes corretas no dia a dia.<\/p>\n\n\n\n<p>O encerramento da campanha contar\u00e1 ainda com um <strong>Concurso de Desenho<\/strong>, cujos vencedores receber\u00e3o brindes oferecidos pela Receita Federal. A iniciativa visa estimular a criatividade das crian\u00e7as e consolidar os conhecimentos adquiridos durante as a\u00e7\u00f5es educativas.<\/p>\n\n\n\n<h3 class=\"wp-block-heading\">Por um tr\u00e2nsito mais humano e seguro<\/h3>\n\n\n\n<p>As atividades do Maio Amarelo em Mar\u00edlia evidenciaram a import\u00e2ncia de a\u00e7\u00f5es integradas entre poder p\u00fablico, institui\u00e7\u00f5es e sociedade para transformar a cultura do tr\u00e2nsito no Brasil. Ao focar nas crian\u00e7as, a campanha aposta na constru\u00e7\u00e3o de uma nova gera\u00e7\u00e3o mais consciente, cr\u00edtica e comprometida com a seguran\u00e7a de todos.<\/p>\n\n\n\n<p>A PRF refor\u00e7a que a educa\u00e7\u00e3o para o tr\u00e2nsito deve ser cont\u00ednua e participativa, valorizando cada cidad\u00e3o como agente transformador para um futuro com menos acidentes e mais respeito nas vias.<\/p>\n<input type=\"hidden\" id=\"baseurl\" value=\"https:\/\/noticiasregionais.com.br\"><input type=\"hidden\" id=\"audio_nonce\" value=\"533fbb67b1\">","protected":false},"excerpt":{"rendered":"<p>A\u00e7\u00f5es da PRF em parceria com \u00f3rg\u00e3os locais levaram conscientiza\u00e7\u00e3o sobre seguran\u00e7a no tr\u00e2nsito para alunos da rede municipal A&hellip;<\/p>\n","protected":false},"author":1,"featured_media":5636,"comment_status":"closed","ping_status":"open","sticky":false,"template":"","format":"standard","meta":{"sfsi_plus_gutenberg_text_before_share":"","sfsi_plus_gutenberg_show_text_before_share":"","sfsi_plus_gutenberg_icon_type":"","sfsi_plus_gutenberg_icon_alignemt":"","sfsi_plus_gutenburg_max_per_row":"","footnotes":""},"categories":[10,1,6],"tags":[25],"class_list":["post-5635","post","type-post","status-publish","format-standard","has-post-thumbnail","hentry","category-destaques","category-noticias","category-sao_paulo","tag-marilia"],"_links":{"self":[{"href":"https:\/\/noticiasregionais.com.br\/index.php?rest_route=\/wp\/v2\/posts\/5635","targetHints":{"allow":["GET"]}}],"collection":[{"href":"https:\/\/noticiasregionais.com.br\/index.php?rest_route=\/wp\/v2\/posts"}],"about":[{"href":"https:\/\/noticiasregionais.com.br\/index.php?rest_route=\/wp\/v2\/types\/post"}],"author":[{"embeddable":true,"href":"https:\/\/noticiasregionais.com.br\/index.php?rest_route=\/wp\/v2\/users\/1"}],"replies":[{"embeddable":true,"href":"https:\/\/noticiasregionais.com.br\/index.php?rest_route=%2Fwp%2Fv2%2Fcomments&post=5635"}],"version-history":[{"count":1,"href":"https:\/\/noticiasregionais.com.br\/index.php?rest_route=\/wp\/v2\/posts\/5635\/revisions"}],"predecessor-version":[{"id":5637,"href":"https:\/\/noticiasregionais.com.br\/index.php?rest_route=\/wp\/v2\/posts\/5635\/revisions\/5637"}],"wp:featuredmedia":[{"embeddable":true,"href":"https:\/\/noticiasregionais.com.br\/index.php?rest_route=\/wp\/v2\/media\/5636"}],"wp:attachment":[{"href":"https:\/\/noticiasregionais.com.br\/index.php?rest_route=%2Fwp%2Fv2%2Fmedia&parent=5635"}],"wp:term":[{"taxonomy":"category","embeddable":true,"href":"https:\/\/noticiasregionais.com.br\/index.php?rest_route=%2Fwp%2Fv2%2Fcategories&post=5635"},{"taxonomy":"post_tag","embeddable":true,"href":"https:\/\/noticiasregionais.com.br\/index.php?rest_route=%2Fwp%2Fv2%2Ftags&post=5635"}],"curies":[{"name":"wp","href":"https:\/\/api.w.org\/{rel}","templated":true}]}}