{"id":5642,"date":"2025-06-27T07:48:12","date_gmt":"2025-06-27T10:48:12","guid":{"rendered":"https:\/\/noticiasregionais.com.br\/?p=5642"},"modified":"2025-06-27T07:48:17","modified_gmt":"2025-06-27T10:48:17","slug":"farmacia-do-posto-central-passa-a-funcionar-ate-as-22h-e-amplia-o-acesso-da-populacao-a-medicamentos","status":"publish","type":"post","link":"https:\/\/noticiasregionais.com.br\/?p=5642","title":{"rendered":"Farm\u00e1cia do Posto Central passa a funcionar at\u00e9 \u00e0s 22h e amplia o acesso da popula\u00e7\u00e3o a medicamentos"},"content":{"rendered":"\n<p>A Prefeitura de Ourinhos, por meio da Secretaria Municipal de Sa\u00fade, estendeu o hor\u00e1rio de atendimento da Farm\u00e1cia Municipal localizada no Posto Central. A unidade agora opera de segunda a sexta-feira, das 7h \u00e0s 22h, com o objetivo de facilitar o acesso da popula\u00e7\u00e3o aos medicamentos disponibilizados pela rede p\u00fablica.<\/p>\n\n\n\n<p>A decis\u00e3o busca atender principalmente aqueles que t\u00eam dificuldade de se deslocar durante o hor\u00e1rio comercial, como trabalhadores e estudantes, al\u00e9m de acompanhar o novo expediente estendido do pr\u00f3prio Posto Central, que tamb\u00e9m passou a atender at\u00e9 \u00e0s 22h.<\/p>\n\n\n\n<p>Durante o per\u00edodo noturno, estar\u00e3o dispon\u00edveis apenas os medicamentos b\u00e1sicos que fazem parte da Rela\u00e7\u00e3o Municipal de Medicamentos Essenciais (REMUME). J\u00e1 os rem\u00e9dios de uso controlado, de alto custo ou que dependem de processos administrativos continuar\u00e3o sendo entregues exclusivamente no hor\u00e1rio tradicional, das 7h \u00e0s 17h.<\/p>\n\n\n\n<p>Segundo o secret\u00e1rio municipal de Sa\u00fade, Diego Singolani, a amplia\u00e7\u00e3o do hor\u00e1rio \u00e9 uma das a\u00e7\u00f5es da atual administra\u00e7\u00e3o para tornar os servi\u00e7os de sa\u00fade mais acess\u00edveis e eficientes. \u201cEstamos trabalhando para oferecer um SUS mais humanizado e que se adeque \u00e0 realidade da popula\u00e7\u00e3o. Essa medida foi uma orienta\u00e7\u00e3o direta do prefeito Guilherme Gon\u00e7alves para garantir mais comodidade e dignidade aos usu\u00e1rios da rede\u201d, afirmou.<\/p>\n\n\n\n<p>A amplia\u00e7\u00e3o faz parte do processo de reestrutura\u00e7\u00e3o da aten\u00e7\u00e3o b\u00e1sica no munic\u00edpio e refor\u00e7a o compromisso da gest\u00e3o com a melhoria cont\u00ednua do atendimento \u00e0 popula\u00e7\u00e3o.<\/p>\n<input type=\"hidden\" id=\"baseurl\" value=\"https:\/\/noticiasregionais.com.br\"><input type=\"hidden\" id=\"audio_nonce\" value=\"533fbb67b1\">","protected":false},"excerpt":{"rendered":"<p>A Prefeitura de Ourinhos, por meio da Secretaria Municipal de Sa\u00fade, estendeu o hor\u00e1rio de atendimento da Farm\u00e1cia Municipal localizada&hellip;<\/p>\n","protected":false},"author":1,"featured_media":5643,"comment_status":"closed","ping_status":"open","sticky":false,"template":"","format":"standard","meta":{"sfsi_plus_gutenberg_text_before_share":"","sfsi_plus_gutenberg_show_text_before_share":"","sfsi_plus_gutenberg_icon_type":"","sfsi_plus_gutenberg_icon_alignemt":"","sfsi_plus_gutenburg_max_per_row":"","footnotes":""},"categories":[10,1,5],"tags":[16],"class_list":["post-5642","post","type-post","status-publish","format-standard","has-post-thumbnail","hentry","category-destaques","category-noticias","category-ourinhos","tag-ourinhos"],"_links":{"self":[{"href":"https:\/\/noticiasregionais.com.br\/index.php?rest_route=\/wp\/v2\/posts\/5642","targetHints":{"allow":["GET"]}}],"collection":[{"href":"https:\/\/noticiasregionais.com.br\/index.php?rest_route=\/wp\/v2\/posts"}],"about":[{"href":"https:\/\/noticiasregionais.com.br\/index.php?rest_route=\/wp\/v2\/types\/post"}],"author":[{"embeddable":true,"href":"https:\/\/noticiasregionais.com.br\/index.php?rest_route=\/wp\/v2\/users\/1"}],"replies":[{"embeddable":true,"href":"https:\/\/noticiasregionais.com.br\/index.php?rest_route=%2Fwp%2Fv2%2Fcomments&post=5642"}],"version-history":[{"count":1,"href":"https:\/\/noticiasregionais.com.br\/index.php?rest_route=\/wp\/v2\/posts\/5642\/revisions"}],"predecessor-version":[{"id":5644,"href":"https:\/\/noticiasregionais.com.br\/index.php?rest_route=\/wp\/v2\/posts\/5642\/revisions\/5644"}],"wp:featuredmedia":[{"embeddable":true,"href":"https:\/\/noticiasregionais.com.br\/index.php?rest_route=\/wp\/v2\/media\/5643"}],"wp:attachment":[{"href":"https:\/\/noticiasregionais.com.br\/index.php?rest_route=%2Fwp%2Fv2%2Fmedia&parent=5642"}],"wp:term":[{"taxonomy":"category","embeddable":true,"href":"https:\/\/noticiasregionais.com.br\/index.php?rest_route=%2Fwp%2Fv2%2Fcategories&post=5642"},{"taxonomy":"post_tag","embeddable":true,"href":"https:\/\/noticiasregionais.com.br\/index.php?rest_route=%2Fwp%2Fv2%2Ftags&post=5642"}],"curies":[{"name":"wp","href":"https:\/\/api.w.org\/{rel}","templated":true}]}}