{"id":5654,"date":"2025-06-27T07:56:20","date_gmt":"2025-06-27T10:56:20","guid":{"rendered":"https:\/\/noticiasregionais.com.br\/?p=5654"},"modified":"2025-06-27T07:56:24","modified_gmt":"2025-06-27T10:56:24","slug":"policia-rodoviaria-prende-homem-por-receptacao-de-veiculo-furtado-na-sp-327-em-ourinhos","status":"publish","type":"post","link":"https:\/\/noticiasregionais.com.br\/?p=5654","title":{"rendered":"Pol\u00edcia Rodovi\u00e1ria prende homem por recepta\u00e7\u00e3o de ve\u00edculo furtado na SP-327, em Ourinhos"},"content":{"rendered":"\n<p>Na tarde da \u00faltima ter\u00e7a-feira (24), por volta das 14h45, a Pol\u00edcia Militar Rodovi\u00e1ria prendeu um homem por recepta\u00e7\u00e3o de ve\u00edculo furtado na Rodovia Orlando Quagliato (SP-327), na altura do km 28,400, em Ourinhos.<\/p>\n\n\n\n<p>A a\u00e7\u00e3o ocorreu durante a Opera\u00e7\u00e3o Impacto\/SULMaSSP Divisas Integradas, que refor\u00e7a a fiscaliza\u00e7\u00e3o nas estradas estaduais. Durante a opera\u00e7\u00e3o, os policiais abordaram um ve\u00edculo Mitsubishi Outlander e, ap\u00f3s consulta detalhada ao sistema por meio do n\u00famero do chassi, identificaram que o carro possu\u00eda registro de furto.<\/p>\n\n\n\n<p>O motorista relatou que havia recebido o ve\u00edculo na cidade de S\u00e3o Bernardo do Campo, no ABC Paulista, e que, ap\u00f3s a troca das placas originais por outras adulteradas, pretendia seguir viagem at\u00e9 Londrina (PR).<\/p>\n\n\n\n<p>Diante dos fatos, o suspeito foi conduzido \u00e0 Delegacia de Investiga\u00e7\u00f5es Gerais (DIG) de Ourinhos, onde foi registrado o boletim de ocorr\u00eancia por recepta\u00e7\u00e3o. O homem permaneceu preso \u00e0 disposi\u00e7\u00e3o da Justi\u00e7a.<\/p>\n\n\n\n<p>A apreens\u00e3o do ve\u00edculo e a pris\u00e3o do indiv\u00edduo s\u00e3o parte dos esfor\u00e7os da Pol\u00edcia Militar Rodovi\u00e1ria para combater crimes nas rodovias paulistas, dentro da estrat\u00e9gia de integra\u00e7\u00e3o entre os estados da regi\u00e3o sul e sudeste.<\/p>\n\n\n\n<p><strong>&#8220;Pol\u00edcia Militar: rumo aos 200 anos. Vamos todos juntos. Ningu\u00e9m fica para tr\u00e1s.&#8221;<\/strong><\/p>\n<input type=\"hidden\" id=\"baseurl\" value=\"https:\/\/noticiasregionais.com.br\"><input type=\"hidden\" id=\"audio_nonce\" value=\"533fbb67b1\">","protected":false},"excerpt":{"rendered":"<p>Na tarde da \u00faltima ter\u00e7a-feira (24), por volta das 14h45, a Pol\u00edcia Militar Rodovi\u00e1ria prendeu um homem por recepta\u00e7\u00e3o de&hellip;<\/p>\n","protected":false},"author":1,"featured_media":5655,"comment_status":"closed","ping_status":"open","sticky":false,"template":"","format":"standard","meta":{"sfsi_plus_gutenberg_text_before_share":"","sfsi_plus_gutenberg_show_text_before_share":"","sfsi_plus_gutenberg_icon_type":"","sfsi_plus_gutenberg_icon_alignemt":"","sfsi_plus_gutenburg_max_per_row":"","footnotes":""},"categories":[10,1,5],"tags":[16],"class_list":["post-5654","post","type-post","status-publish","format-standard","has-post-thumbnail","hentry","category-destaques","category-noticias","category-ourinhos","tag-ourinhos"],"_links":{"self":[{"href":"https:\/\/noticiasregionais.com.br\/index.php?rest_route=\/wp\/v2\/posts\/5654","targetHints":{"allow":["GET"]}}],"collection":[{"href":"https:\/\/noticiasregionais.com.br\/index.php?rest_route=\/wp\/v2\/posts"}],"about":[{"href":"https:\/\/noticiasregionais.com.br\/index.php?rest_route=\/wp\/v2\/types\/post"}],"author":[{"embeddable":true,"href":"https:\/\/noticiasregionais.com.br\/index.php?rest_route=\/wp\/v2\/users\/1"}],"replies":[{"embeddable":true,"href":"https:\/\/noticiasregionais.com.br\/index.php?rest_route=%2Fwp%2Fv2%2Fcomments&post=5654"}],"version-history":[{"count":1,"href":"https:\/\/noticiasregionais.com.br\/index.php?rest_route=\/wp\/v2\/posts\/5654\/revisions"}],"predecessor-version":[{"id":5656,"href":"https:\/\/noticiasregionais.com.br\/index.php?rest_route=\/wp\/v2\/posts\/5654\/revisions\/5656"}],"wp:featuredmedia":[{"embeddable":true,"href":"https:\/\/noticiasregionais.com.br\/index.php?rest_route=\/wp\/v2\/media\/5655"}],"wp:attachment":[{"href":"https:\/\/noticiasregionais.com.br\/index.php?rest_route=%2Fwp%2Fv2%2Fmedia&parent=5654"}],"wp:term":[{"taxonomy":"category","embeddable":true,"href":"https:\/\/noticiasregionais.com.br\/index.php?rest_route=%2Fwp%2Fv2%2Fcategories&post=5654"},{"taxonomy":"post_tag","embeddable":true,"href":"https:\/\/noticiasregionais.com.br\/index.php?rest_route=%2Fwp%2Fv2%2Ftags&post=5654"}],"curies":[{"name":"wp","href":"https:\/\/api.w.org\/{rel}","templated":true}]}}