{"id":5657,"date":"2025-06-30T07:30:27","date_gmt":"2025-06-30T10:30:27","guid":{"rendered":"https:\/\/noticiasregionais.com.br\/?p=5657"},"modified":"2025-06-30T07:35:10","modified_gmt":"2025-06-30T10:35:10","slug":"profissionais-da-santa-casa-de-ourinhos-realizam-visita-tecnica-a-santa-casa-de-porto-alegre-em-busca-de-inovacao-e-aprimoramento","status":"publish","type":"post","link":"https:\/\/noticiasregionais.com.br\/?p=5657","title":{"rendered":"Profissionais de Ourinhos visitam Santa Casa de Porto Alegre em busca de inova\u00e7\u00e3o e aprimoramento"},"content":{"rendered":"\n<p>Com o prop\u00f3sito de ampliar conhecimentos e fortalecer pr\u00e1ticas de excel\u00eancia, uma equipe multidisciplinar da Santa Casa de Ourinhos esteve recentemente em Porto Alegre (RS) para uma visita t\u00e9cnica \u00e0 renomada Santa Casa da capital ga\u00facha, uma das institui\u00e7\u00f5es hospitalares mais tradicionais e respeitadas do pa\u00eds.<\/p>\n\n\n\n<p>A iniciativa teve como foco principal a troca de experi\u00eancias e o aprofundamento em estrat\u00e9gias que envolvem gest\u00e3o eficiente, qualidade assistencial, inova\u00e7\u00e3o tecnol\u00f3gica, sustentabilidade financeira e boas pr\u00e1ticas jur\u00eddicas e administrativas no ambiente hospitalar.<\/p>\n\n\n\n<p>A delega\u00e7\u00e3o ourinhense contou com a participa\u00e7\u00e3o de diversos representantes da institui\u00e7\u00e3o: Paulo Ot\u00e1vio (administrador), Dr. Paulo Novita (diretor t\u00e9cnico do hospital), Dra. Fl\u00e1via Rifan (diretora t\u00e9cnica do AME), Maria da Penha (gestora administrativa), Ana Paula (supervisora jur\u00eddica) e Daniele (respons\u00e1vel pelo setor de tecnologia).<\/p>\n\n\n\n<p>Durante a imers\u00e3o, o grupo p\u00f4de conhecer os m\u00e9todos adotados pela Santa Casa de Porto Alegre em \u00e1reas cruciais como seguran\u00e7a do paciente, governan\u00e7a cl\u00ednica e jur\u00eddica, inova\u00e7\u00e3o em equipamentos e sistemas de sa\u00fade, al\u00e9m de modelos sustent\u00e1veis de opera\u00e7\u00e3o hospitalar. A acolhida calorosa por parte da equipe local refor\u00e7ou o esp\u00edrito de coopera\u00e7\u00e3o e parceria entre as institui\u00e7\u00f5es.<\/p>\n\n\n\n<p>Para o administrador Paulo Ot\u00e1vio, a visita foi extremamente produtiva. \u201cPoder observar de perto o funcionamento de uma unidade hospitalar de refer\u00eancia nacional nos inspira a buscar melhorias cont\u00ednuas. Retornamos com ideias pr\u00e1ticas que podem ser adaptadas \u00e0 nossa realidade, sempre com o objetivo de qualificar ainda mais o atendimento oferecido \u00e0 comunidade de Ourinhos e regi\u00e3o\u201d, destacou.<\/p>\n\n\n\n<p>A iniciativa refor\u00e7a o compromisso da Santa Casa de Ourinhos com a inova\u00e7\u00e3o, a capacita\u00e7\u00e3o de seus profissionais e a busca constante pela excel\u00eancia nos servi\u00e7os prestados \u00e0 popula\u00e7\u00e3o.<\/p>\n\n\n\n<figure class=\"wp-block-gallery has-nested-images columns-default is-cropped wp-block-gallery-1 is-layout-flex wp-block-gallery-is-layout-flex\">\n<figure data-wp-context=\"{&quot;imageId&quot;:&quot;69ee5d92aaa1c&quot;}\" data-wp-interactive=\"core\/image\" data-wp-key=\"69ee5d92aaa1c\" class=\"wp-block-image size-large wp-lightbox-container\"><img decoding=\"async\" width=\"1024\" height=\"768\" data-wp-class--hide=\"state.isContentHidden\" data-wp-class--show=\"state.isContentVisible\" data-wp-init=\"callbacks.setButtonStyles\" data-wp-on--click=\"actions.showLightbox\" data-wp-on--load=\"callbacks.setButtonStyles\" data-wp-on-window--resize=\"callbacks.setButtonStyles\" data-id=\"5660\" src=\"https:\/\/noticiasregionais.com.br\/wp-content\/uploads\/2025\/06\/WhatsApp-Image-2025-06-28-at-12.51.27-1024x768.jpeg\" alt=\"\" class=\"wp-image-5660\" srcset=\"https:\/\/noticiasregionais.com.br\/wp-content\/uploads\/2025\/06\/WhatsApp-Image-2025-06-28-at-12.51.27-1024x768.jpeg 1024w, https:\/\/noticiasregionais.com.br\/wp-content\/uploads\/2025\/06\/WhatsApp-Image-2025-06-28-at-12.51.27-300x225.jpeg 300w, https:\/\/noticiasregionais.com.br\/wp-content\/uploads\/2025\/06\/WhatsApp-Image-2025-06-28-at-12.51.27-768x576.jpeg 768w, https:\/\/noticiasregionais.com.br\/wp-content\/uploads\/2025\/06\/WhatsApp-Image-2025-06-28-at-12.51.27-1536x1152.jpeg 1536w, https:\/\/noticiasregionais.com.br\/wp-content\/uploads\/2025\/06\/WhatsApp-Image-2025-06-28-at-12.51.27.jpeg 1600w\" sizes=\"(max-width: 1024px) 100vw, 1024px\" \/><button\n\t\t\tclass=\"lightbox-trigger\"\n\t\t\ttype=\"button\"\n\t\t\taria-haspopup=\"dialog\"\n\t\t\taria-label=\"Ampliar\"\n\t\t\tdata-wp-init=\"callbacks.initTriggerButton\"\n\t\t\tdata-wp-on--click=\"actions.showLightbox\"\n\t\t\tdata-wp-style--right=\"state.imageButtonRight\"\n\t\t\tdata-wp-style--top=\"state.imageButtonTop\"\n\t\t>\n\t\t\t<svg xmlns=\"http:\/\/www.w3.org\/2000\/svg\" width=\"12\" height=\"12\" fill=\"none\" viewBox=\"0 0 12 12\">\n\t\t\t\t<path fill=\"#fff\" d=\"M2 0a2 2 0 0 0-2 2v2h1.5V2a.5.5 0 0 1 .5-.5h2V0H2Zm2 10.5H2a.5.5 0 0 1-.5-.5V8H0v2a2 2 0 0 0 2 2h2v-1.5ZM8 12v-1.5h2a.5.5 0 0 0 .5-.5V8H12v2a2 2 0 0 1-2 2H8Zm2-12a2 2 0 0 1 2 2v2h-1.5V2a.5.5 0 0 0-.5-.5H8V0h2Z\" \/>\n\t\t\t<\/svg>\n\t\t<\/button><\/figure>\n\n\n\n<figure data-wp-context=\"{&quot;imageId&quot;:&quot;69ee5d92aaf64&quot;}\" data-wp-interactive=\"core\/image\" data-wp-key=\"69ee5d92aaf64\" class=\"wp-block-image size-large wp-lightbox-container\"><img decoding=\"async\" width=\"1024\" height=\"678\" data-wp-class--hide=\"state.isContentHidden\" data-wp-class--show=\"state.isContentVisible\" data-wp-init=\"callbacks.setButtonStyles\" data-wp-on--click=\"actions.showLightbox\" data-wp-on--load=\"callbacks.setButtonStyles\" data-wp-on-window--resize=\"callbacks.setButtonStyles\" data-id=\"5659\" src=\"https:\/\/noticiasregionais.com.br\/wp-content\/uploads\/2025\/06\/WhatsApp-Image-2025-06-28-at-12.51.28-1024x678.jpeg\" alt=\"\" class=\"wp-image-5659\" srcset=\"https:\/\/noticiasregionais.com.br\/wp-content\/uploads\/2025\/06\/WhatsApp-Image-2025-06-28-at-12.51.28-1024x678.jpeg 1024w, https:\/\/noticiasregionais.com.br\/wp-content\/uploads\/2025\/06\/WhatsApp-Image-2025-06-28-at-12.51.28-300x199.jpeg 300w, https:\/\/noticiasregionais.com.br\/wp-content\/uploads\/2025\/06\/WhatsApp-Image-2025-06-28-at-12.51.28-768x508.jpeg 768w, https:\/\/noticiasregionais.com.br\/wp-content\/uploads\/2025\/06\/WhatsApp-Image-2025-06-28-at-12.51.28-1536x1017.jpeg 1536w, https:\/\/noticiasregionais.com.br\/wp-content\/uploads\/2025\/06\/WhatsApp-Image-2025-06-28-at-12.51.28.jpeg 1600w\" sizes=\"(max-width: 1024px) 100vw, 1024px\" \/><button\n\t\t\tclass=\"lightbox-trigger\"\n\t\t\ttype=\"button\"\n\t\t\taria-haspopup=\"dialog\"\n\t\t\taria-label=\"Ampliar\"\n\t\t\tdata-wp-init=\"callbacks.initTriggerButton\"\n\t\t\tdata-wp-on--click=\"actions.showLightbox\"\n\t\t\tdata-wp-style--right=\"state.imageButtonRight\"\n\t\t\tdata-wp-style--top=\"state.imageButtonTop\"\n\t\t>\n\t\t\t<svg xmlns=\"http:\/\/www.w3.org\/2000\/svg\" width=\"12\" height=\"12\" fill=\"none\" viewBox=\"0 0 12 12\">\n\t\t\t\t<path fill=\"#fff\" d=\"M2 0a2 2 0 0 0-2 2v2h1.5V2a.5.5 0 0 1 .5-.5h2V0H2Zm2 10.5H2a.5.5 0 0 1-.5-.5V8H0v2a2 2 0 0 0 2 2h2v-1.5ZM8 12v-1.5h2a.5.5 0 0 0 .5-.5V8H12v2a2 2 0 0 1-2 2H8Zm2-12a2 2 0 0 1 2 2v2h-1.5V2a.5.5 0 0 0-.5-.5H8V0h2Z\" \/>\n\t\t\t<\/svg>\n\t\t<\/button><\/figure>\n<\/figure>\n<input type=\"hidden\" id=\"baseurl\" value=\"https:\/\/noticiasregionais.com.br\"><input type=\"hidden\" id=\"audio_nonce\" value=\"533fbb67b1\">","protected":false},"excerpt":{"rendered":"<p>Com o prop\u00f3sito de ampliar conhecimentos e fortalecer pr\u00e1ticas de excel\u00eancia, uma equipe multidisciplinar da Santa Casa de Ourinhos esteve&hellip;<\/p>\n","protected":false},"author":1,"featured_media":5658,"comment_status":"closed","ping_status":"open","sticky":false,"template":"","format":"standard","meta":{"sfsi_plus_gutenberg_text_before_share":"","sfsi_plus_gutenberg_show_text_before_share":"","sfsi_plus_gutenberg_icon_type":"","sfsi_plus_gutenberg_icon_alignemt":"","sfsi_plus_gutenburg_max_per_row":"","footnotes":""},"categories":[10,1,5],"tags":[16],"class_list":["post-5657","post","type-post","status-publish","format-standard","has-post-thumbnail","hentry","category-destaques","category-noticias","category-ourinhos","tag-ourinhos"],"_links":{"self":[{"href":"https:\/\/noticiasregionais.com.br\/index.php?rest_route=\/wp\/v2\/posts\/5657","targetHints":{"allow":["GET"]}}],"collection":[{"href":"https:\/\/noticiasregionais.com.br\/index.php?rest_route=\/wp\/v2\/posts"}],"about":[{"href":"https:\/\/noticiasregionais.com.br\/index.php?rest_route=\/wp\/v2\/types\/post"}],"author":[{"embeddable":true,"href":"https:\/\/noticiasregionais.com.br\/index.php?rest_route=\/wp\/v2\/users\/1"}],"replies":[{"embeddable":true,"href":"https:\/\/noticiasregionais.com.br\/index.php?rest_route=%2Fwp%2Fv2%2Fcomments&post=5657"}],"version-history":[{"count":3,"href":"https:\/\/noticiasregionais.com.br\/index.php?rest_route=\/wp\/v2\/posts\/5657\/revisions"}],"predecessor-version":[{"id":5664,"href":"https:\/\/noticiasregionais.com.br\/index.php?rest_route=\/wp\/v2\/posts\/5657\/revisions\/5664"}],"wp:featuredmedia":[{"embeddable":true,"href":"https:\/\/noticiasregionais.com.br\/index.php?rest_route=\/wp\/v2\/media\/5658"}],"wp:attachment":[{"href":"https:\/\/noticiasregionais.com.br\/index.php?rest_route=%2Fwp%2Fv2%2Fmedia&parent=5657"}],"wp:term":[{"taxonomy":"category","embeddable":true,"href":"https:\/\/noticiasregionais.com.br\/index.php?rest_route=%2Fwp%2Fv2%2Fcategories&post=5657"},{"taxonomy":"post_tag","embeddable":true,"href":"https:\/\/noticiasregionais.com.br\/index.php?rest_route=%2Fwp%2Fv2%2Ftags&post=5657"}],"curies":[{"name":"wp","href":"https:\/\/api.w.org\/{rel}","templated":true}]}}