{"id":5665,"date":"2025-06-30T07:41:54","date_gmt":"2025-06-30T10:41:54","guid":{"rendered":"https:\/\/noticiasregionais.com.br\/?p=5665"},"modified":"2025-06-30T07:41:58","modified_gmt":"2025-06-30T10:41:58","slug":"ourinhos-avanca-na-causa-animal-com-apoio-do-deputado-rafael-saraiva-e-do-prefeito-guilherme-goncalves","status":"publish","type":"post","link":"https:\/\/noticiasregionais.com.br\/?p=5665","title":{"rendered":"Ourinhos avan\u00e7a na causa animal com apoio do deputado Rafael Saraiva e do Prefeito Guilherme Gon\u00e7alves"},"content":{"rendered":"\n<p>Na \u00faltima quinta-feira (26), a Secretaria Municipal de Meio Ambiente e Agricultura promoveu um importante encontro com protetores da causa animal, no audit\u00f3rio da pr\u00f3pria pasta. O evento contou com a presen\u00e7a do prefeito Guilherme Gon\u00e7alves e do deputado estadual Rafael Saraiva, que esteve na cidade a convite do assessor Lucas Totty.<\/p>\n\n\n\n<p>A reuni\u00e3o foi marcada por di\u00e1logo aberto entre o poder p\u00fablico e os ativistas, fortalecendo a constru\u00e7\u00e3o coletiva de pol\u00edticas p\u00fablicas voltadas \u00e0 prote\u00e7\u00e3o animal. Protetores puderam apresentar suas principais demandas, enquanto representantes da Prefeitura e o parlamentar ouviram atentamente e apresentaram propostas.<\/p>\n\n\n\n<p>Sens\u00edvel \u00e0s necessidades apontadas, o deputado Rafael Saraiva se comprometeu a colaborar com a\u00e7\u00f5es que ajudem a fortalecer as iniciativas do munic\u00edpio na \u00e1rea.<\/p>\n\n\n\n<p>Durante o encontro, a Secretaria anunciou que o processo de licita\u00e7\u00e3o para gest\u00e3o da futura Cl\u00ednica Municipal Veterin\u00e1ria est\u00e1 em andamento. A expectativa \u00e9 de que, caso n\u00e3o ocorram novos entraves burocr\u00e1ticos, a unidade seja aberta em at\u00e9 cinco meses.<\/p>\n\n\n\n<p>Outro avan\u00e7o importante revelado foi a destina\u00e7\u00e3o de 30 toneladas de ra\u00e7\u00e3o ao Banco de Ra\u00e7\u00e3o do munic\u00edpio, que atender\u00e1 protetores independentes, cuidadores e fam\u00edlias em situa\u00e7\u00e3o de vulnerabilidade social.<\/p>\n\n\n\n<p>O encontro refor\u00e7a o compromisso da atual gest\u00e3o com o bem-estar animal e a valoriza\u00e7\u00e3o do trabalho dos protetores, que atuam diariamente na linha de frente dessa causa.<\/p>\n<input type=\"hidden\" id=\"baseurl\" value=\"https:\/\/noticiasregionais.com.br\"><input type=\"hidden\" id=\"audio_nonce\" value=\"533fbb67b1\">","protected":false},"excerpt":{"rendered":"<p>Na \u00faltima quinta-feira (26), a Secretaria Municipal de Meio Ambiente e Agricultura promoveu um importante encontro com protetores da causa&hellip;<\/p>\n","protected":false},"author":1,"featured_media":5666,"comment_status":"closed","ping_status":"open","sticky":false,"template":"","format":"standard","meta":{"sfsi_plus_gutenberg_text_before_share":"","sfsi_plus_gutenberg_show_text_before_share":"","sfsi_plus_gutenberg_icon_type":"","sfsi_plus_gutenberg_icon_alignemt":"","sfsi_plus_gutenburg_max_per_row":"","footnotes":""},"categories":[10,1,5],"tags":[16],"class_list":["post-5665","post","type-post","status-publish","format-standard","has-post-thumbnail","hentry","category-destaques","category-noticias","category-ourinhos","tag-ourinhos"],"_links":{"self":[{"href":"https:\/\/noticiasregionais.com.br\/index.php?rest_route=\/wp\/v2\/posts\/5665","targetHints":{"allow":["GET"]}}],"collection":[{"href":"https:\/\/noticiasregionais.com.br\/index.php?rest_route=\/wp\/v2\/posts"}],"about":[{"href":"https:\/\/noticiasregionais.com.br\/index.php?rest_route=\/wp\/v2\/types\/post"}],"author":[{"embeddable":true,"href":"https:\/\/noticiasregionais.com.br\/index.php?rest_route=\/wp\/v2\/users\/1"}],"replies":[{"embeddable":true,"href":"https:\/\/noticiasregionais.com.br\/index.php?rest_route=%2Fwp%2Fv2%2Fcomments&post=5665"}],"version-history":[{"count":1,"href":"https:\/\/noticiasregionais.com.br\/index.php?rest_route=\/wp\/v2\/posts\/5665\/revisions"}],"predecessor-version":[{"id":5667,"href":"https:\/\/noticiasregionais.com.br\/index.php?rest_route=\/wp\/v2\/posts\/5665\/revisions\/5667"}],"wp:featuredmedia":[{"embeddable":true,"href":"https:\/\/noticiasregionais.com.br\/index.php?rest_route=\/wp\/v2\/media\/5666"}],"wp:attachment":[{"href":"https:\/\/noticiasregionais.com.br\/index.php?rest_route=%2Fwp%2Fv2%2Fmedia&parent=5665"}],"wp:term":[{"taxonomy":"category","embeddable":true,"href":"https:\/\/noticiasregionais.com.br\/index.php?rest_route=%2Fwp%2Fv2%2Fcategories&post=5665"},{"taxonomy":"post_tag","embeddable":true,"href":"https:\/\/noticiasregionais.com.br\/index.php?rest_route=%2Fwp%2Fv2%2Ftags&post=5665"}],"curies":[{"name":"wp","href":"https:\/\/api.w.org\/{rel}","templated":true}]}}