{"id":5668,"date":"2025-06-30T07:49:57","date_gmt":"2025-06-30T10:49:57","guid":{"rendered":"https:\/\/noticiasregionais.com.br\/?p=5668"},"modified":"2025-06-30T07:50:01","modified_gmt":"2025-06-30T10:50:01","slug":"operacao-direcao-segura-integrada-e-realizada-em-marilia-para-combater-a-embriaguez-ao-volante","status":"publish","type":"post","link":"https:\/\/noticiasregionais.com.br\/?p=5668","title":{"rendered":"Opera\u00e7\u00e3o Dire\u00e7\u00e3o Segura Integrada \u00e9 realizada em Mar\u00edlia para combater a embriaguez ao volante"},"content":{"rendered":"\n<p>Na tarde e noite deste s\u00e1bado (28), foi realizada em Mar\u00edlia mais uma edi\u00e7\u00e3o da <strong>Opera\u00e7\u00e3o Dire\u00e7\u00e3o Segura Integrada (ODSI)<\/strong>, uma a\u00e7\u00e3o conjunta promovida pelo <strong>Policiamento Rodovi\u00e1rio, Pol\u00edcia Civil e Detran\/SP<\/strong>, com foco na preven\u00e7\u00e3o e repress\u00e3o \u00e0 condu\u00e7\u00e3o de ve\u00edculos sob efeito de \u00e1lcool.<\/p>\n\n\n\n<p>A opera\u00e7\u00e3o ocorreu das <strong>15h \u00e0s 20h<\/strong>, na Rodovia Comandante Jo\u00e3o Ribeiro de Barros (SP-294), altura do km 452,600, nos dois sentidos da via (Leste e Oeste), abrangendo uma das principais rotas de tr\u00e1fego da regi\u00e3o.<\/p>\n\n\n\n<p>A for\u00e7a-tarefa mobilizou <strong>27 agentes<\/strong> ao todo, sendo <strong>18 policiais rodovi\u00e1rios, 6 agentes do Detran e 3 policiais civis<\/strong>. A abordagem foi rigorosa, utilizando recursos como testes passivos e ativos de alcoolemia, al\u00e9m de fiscaliza\u00e7\u00e3o documental e de seguran\u00e7a veicular.<\/p>\n\n\n\n<h3 class=\"wp-block-heading\"><strong>Balan\u00e7o da opera\u00e7\u00e3o<\/strong><\/h3>\n\n\n\n<p>Durante as cinco horas de atua\u00e7\u00e3o, foram realizados <strong>1.752 testes passivos<\/strong> (aferi\u00e7\u00f5es iniciais sem contato direto) e <strong>51 testes ativos<\/strong> (com o uso do etil\u00f4metro). Como resultado, foram aplicadas:<\/p>\n\n\n\n<ul class=\"wp-block-list\">\n<li><strong>45 autua\u00e7\u00f5es por recusa ao teste do baf\u00f4metro<\/strong><\/li>\n\n\n\n<li><strong>03 autua\u00e7\u00f5es por embriaguez ao volante<\/strong><\/li>\n\n\n\n<li><strong>13 outras infra\u00e7\u00f5es de tr\u00e2nsito diversas<\/strong><\/li>\n\n\n\n<li><strong>02 ve\u00edculos recolhidos ao p\u00e1tio<\/strong><\/li>\n<\/ul>\n\n\n\n<p>A Opera\u00e7\u00e3o Dire\u00e7\u00e3o Segura Integrada tem como principal objetivo <strong>retirar das vias motoristas que estejam dirigindo sob influ\u00eancia de \u00e1lcool<\/strong>, contribuindo com a redu\u00e7\u00e3o de acidentes e a preserva\u00e7\u00e3o de vidas. A a\u00e7\u00e3o refor\u00e7a o compromisso das for\u00e7as de seguran\u00e7a com a <strong>fiscaliza\u00e7\u00e3o proativa e a seguran\u00e7a vi\u00e1ria no estado de S\u00e3o Paulo<\/strong>.<\/p>\n\n\n\n<p>A ODSI \u00e9 uma iniciativa permanente e itinerante, realizada em diversas cidades paulistas, especialmente em pontos de maior fluxo ou hist\u00f3rico de acidentes. Segundo os organizadores, novas edi\u00e7\u00f5es j\u00e1 est\u00e3o sendo planejadas para os pr\u00f3ximos meses.<\/p>\n<input type=\"hidden\" id=\"baseurl\" value=\"https:\/\/noticiasregionais.com.br\"><input type=\"hidden\" id=\"audio_nonce\" value=\"533fbb67b1\">","protected":false},"excerpt":{"rendered":"<p>Na tarde e noite deste s\u00e1bado (28), foi realizada em Mar\u00edlia mais uma edi\u00e7\u00e3o da Opera\u00e7\u00e3o Dire\u00e7\u00e3o Segura Integrada (ODSI),&hellip;<\/p>\n","protected":false},"author":1,"featured_media":5669,"comment_status":"closed","ping_status":"open","sticky":false,"template":"","format":"standard","meta":{"sfsi_plus_gutenberg_text_before_share":"","sfsi_plus_gutenberg_show_text_before_share":"","sfsi_plus_gutenberg_icon_type":"","sfsi_plus_gutenberg_icon_alignemt":"","sfsi_plus_gutenburg_max_per_row":"","footnotes":""},"categories":[10,1,6],"tags":[25],"class_list":["post-5668","post","type-post","status-publish","format-standard","has-post-thumbnail","hentry","category-destaques","category-noticias","category-sao_paulo","tag-marilia"],"_links":{"self":[{"href":"https:\/\/noticiasregionais.com.br\/index.php?rest_route=\/wp\/v2\/posts\/5668","targetHints":{"allow":["GET"]}}],"collection":[{"href":"https:\/\/noticiasregionais.com.br\/index.php?rest_route=\/wp\/v2\/posts"}],"about":[{"href":"https:\/\/noticiasregionais.com.br\/index.php?rest_route=\/wp\/v2\/types\/post"}],"author":[{"embeddable":true,"href":"https:\/\/noticiasregionais.com.br\/index.php?rest_route=\/wp\/v2\/users\/1"}],"replies":[{"embeddable":true,"href":"https:\/\/noticiasregionais.com.br\/index.php?rest_route=%2Fwp%2Fv2%2Fcomments&post=5668"}],"version-history":[{"count":1,"href":"https:\/\/noticiasregionais.com.br\/index.php?rest_route=\/wp\/v2\/posts\/5668\/revisions"}],"predecessor-version":[{"id":5670,"href":"https:\/\/noticiasregionais.com.br\/index.php?rest_route=\/wp\/v2\/posts\/5668\/revisions\/5670"}],"wp:featuredmedia":[{"embeddable":true,"href":"https:\/\/noticiasregionais.com.br\/index.php?rest_route=\/wp\/v2\/media\/5669"}],"wp:attachment":[{"href":"https:\/\/noticiasregionais.com.br\/index.php?rest_route=%2Fwp%2Fv2%2Fmedia&parent=5668"}],"wp:term":[{"taxonomy":"category","embeddable":true,"href":"https:\/\/noticiasregionais.com.br\/index.php?rest_route=%2Fwp%2Fv2%2Fcategories&post=5668"},{"taxonomy":"post_tag","embeddable":true,"href":"https:\/\/noticiasregionais.com.br\/index.php?rest_route=%2Fwp%2Fv2%2Ftags&post=5668"}],"curies":[{"name":"wp","href":"https:\/\/api.w.org\/{rel}","templated":true}]}}