{"id":5689,"date":"2025-07-03T09:07:17","date_gmt":"2025-07-03T12:07:17","guid":{"rendered":"https:\/\/noticiasregionais.com.br\/?p=5689"},"modified":"2025-07-03T09:07:20","modified_gmt":"2025-07-03T12:07:20","slug":"prf-realiza-escolta-de-veiculo-que-transportava-orgao-para-doacao","status":"publish","type":"post","link":"https:\/\/noticiasregionais.com.br\/?p=5689","title":{"rendered":"PRF realiza escolta de ve\u00edculo que transportava \u00f3rg\u00e3o para doa\u00e7\u00e3o"},"content":{"rendered":"\n<p>Na manh\u00e3 desta quarta-feira (02), por volta das 10h10, agentes da PRF de Apucarana realizaram a escolta de um ve\u00edculo que transportava um cora\u00e7\u00e3o e uma equipe de 3 m\u00e9dicos que necessitavam de celeridade no deslocamento para chegar ao aeroporto da cidade.<\/p>\n\n\n\n<p>Ap\u00f3s receberem a informa\u00e7\u00e3o de uma equipe do sistema estadual de transplantes que o cora\u00e7\u00e3o de um morador de Apucarana, v\u00edtima de sinistro de tr\u00e2nsito, necessitava ser transportado com rapidez e seguran\u00e7a, os policiais rodovi\u00e1rios federais foram ao encontro da equipe de transporte de \u00f3rg\u00e3os no Hospital da Provid\u00eancia.<\/p>\n\n\n\n<p>O percurso foi realizado entre o Hospital da Provid\u00eancia e o aeroporto da cidade, onde um avi\u00e3o da For\u00e7a A\u00e9rea Brasileira aguardava para realizar o transporte do \u00f3rg\u00e3o e dos m\u00e9dicos at\u00e9 a cidade de Barretos\/SP.<\/p>\n\n\n\n<p>Apesar do elevado fluxo de ve\u00edculos na \u00e1rea central de Apucarana, a escolta foi realizada com sucesso, sem percal\u00e7os e de forma \u00e1gil, possibilitando que o \u00f3rg\u00e3o chegasse dentro do tempo adequado para que a cirurgia de transplante fosse realizada com \u00eaxito.<\/p>\n<input type=\"hidden\" id=\"baseurl\" value=\"https:\/\/noticiasregionais.com.br\"><input type=\"hidden\" id=\"audio_nonce\" value=\"533fbb67b1\">","protected":false},"excerpt":{"rendered":"<p>Na manh\u00e3 desta quarta-feira (02), por volta das 10h10, agentes da PRF de Apucarana realizaram a escolta de um ve\u00edculo&hellip;<\/p>\n","protected":false},"author":1,"featured_media":5690,"comment_status":"closed","ping_status":"open","sticky":false,"template":"","format":"standard","meta":{"sfsi_plus_gutenberg_text_before_share":"","sfsi_plus_gutenberg_show_text_before_share":"","sfsi_plus_gutenberg_icon_type":"","sfsi_plus_gutenberg_icon_alignemt":"","sfsi_plus_gutenburg_max_per_row":"","footnotes":""},"categories":[10,1,7],"tags":[51],"class_list":["post-5689","post","type-post","status-publish","format-standard","has-post-thumbnail","hentry","category-destaques","category-noticias","category-parana","tag-apucarana"],"_links":{"self":[{"href":"https:\/\/noticiasregionais.com.br\/index.php?rest_route=\/wp\/v2\/posts\/5689","targetHints":{"allow":["GET"]}}],"collection":[{"href":"https:\/\/noticiasregionais.com.br\/index.php?rest_route=\/wp\/v2\/posts"}],"about":[{"href":"https:\/\/noticiasregionais.com.br\/index.php?rest_route=\/wp\/v2\/types\/post"}],"author":[{"embeddable":true,"href":"https:\/\/noticiasregionais.com.br\/index.php?rest_route=\/wp\/v2\/users\/1"}],"replies":[{"embeddable":true,"href":"https:\/\/noticiasregionais.com.br\/index.php?rest_route=%2Fwp%2Fv2%2Fcomments&post=5689"}],"version-history":[{"count":1,"href":"https:\/\/noticiasregionais.com.br\/index.php?rest_route=\/wp\/v2\/posts\/5689\/revisions"}],"predecessor-version":[{"id":5691,"href":"https:\/\/noticiasregionais.com.br\/index.php?rest_route=\/wp\/v2\/posts\/5689\/revisions\/5691"}],"wp:featuredmedia":[{"embeddable":true,"href":"https:\/\/noticiasregionais.com.br\/index.php?rest_route=\/wp\/v2\/media\/5690"}],"wp:attachment":[{"href":"https:\/\/noticiasregionais.com.br\/index.php?rest_route=%2Fwp%2Fv2%2Fmedia&parent=5689"}],"wp:term":[{"taxonomy":"category","embeddable":true,"href":"https:\/\/noticiasregionais.com.br\/index.php?rest_route=%2Fwp%2Fv2%2Fcategories&post=5689"},{"taxonomy":"post_tag","embeddable":true,"href":"https:\/\/noticiasregionais.com.br\/index.php?rest_route=%2Fwp%2Fv2%2Ftags&post=5689"}],"curies":[{"name":"wp","href":"https:\/\/api.w.org\/{rel}","templated":true}]}}