{"id":5694,"date":"2025-07-07T17:09:05","date_gmt":"2025-07-07T20:09:05","guid":{"rendered":"https:\/\/noticiasregionais.com.br\/?p=5694"},"modified":"2025-07-07T17:09:18","modified_gmt":"2025-07-07T20:09:18","slug":"relator-da-pec-que-propoe-fim-da-escala-6x1-alerta-para-aumento-no-custo-da-folha-de-pagamento","status":"publish","type":"post","link":"https:\/\/noticiasregionais.com.br\/?p=5694","title":{"rendered":"Relator da PEC que prop\u00f5e fim da escala 6X1 alerta para aumento no custo da folha de pagamento"},"content":{"rendered":"\n<p>O deputado federal Luiz Gast\u00e3o (PSD-CE), relator da Proposta de Emenda \u00e0 Constitui\u00e7\u00e3o (PEC) 8\/2025, chamou aten\u00e7\u00e3o para os poss\u00edveis impactos econ\u00f4micos da proposta que busca abolir a jornada 6&#215;1 e estabelecer uma semana de trabalho com quatro dias. De acordo com o parlamentar, os primeiros levantamentos indicam que a mudan\u00e7a pode gerar um aumento de at\u00e9 30% nos custos com a m\u00e3o de obra.<\/p>\n\n\n\n<p>\u201cH\u00e1 uma grande preocupa\u00e7\u00e3o no setor produtivo. As an\u00e1lises que temos recebido apontam para um aumento expressivo nas despesas trabalhistas, o que, inevitavelmente, ser\u00e1 sentido pelo consumidor final\u201d, explicou Gast\u00e3o.<\/p>\n\n\n\n<p>A PEC foi apresentada pela deputada Erika Hilton (PSOL-SP) e prop\u00f5e a redu\u00e7\u00e3o da jornada semanal para 36 horas, distribu\u00eddas em quatro dias, eliminando o modelo tradicional previsto na Constitui\u00e7\u00e3o Federal, que prev\u00ea seis dias de trabalho por um de descanso.<\/p>\n\n\n\n<p>Para Luiz Gast\u00e3o, al\u00e9m do impacto nos custos das empresas, a proposta n\u00e3o oferece contrapartidas suficientes aos trabalhadores. \u201cDo jeito que est\u00e1, o projeto eleva os gastos sem garantir o retorno esperado aos profissionais. Nosso objetivo \u00e9, por meio de di\u00e1logo e ajustes, encontrar caminhos que equilibrem os interesses do capital e do trabalho\u201d, acrescentou.<\/p>\n\n\n\n<p><strong>Entidades empresariais pedem cautela<\/strong><\/p>\n\n\n\n<p>A Confedera\u00e7\u00e3o das Associa\u00e7\u00f5es Comerciais e Empresariais do Brasil (CACB), que representa mais de duas mil institui\u00e7\u00f5es, tamb\u00e9m expressou preocupa\u00e7\u00e3o. O presidente em exerc\u00edcio da entidade, Ernesto Jo\u00e3o Reck, defendeu que n\u00e3o \u00e9 o momento adequado para discutir redu\u00e7\u00e3o da jornada. \u201cEnfrentamos desafios estruturais no Brasil. Mexer nas regras trabalhistas nesse cen\u00e1rio pode afetar a competitividade e dificultar a gera\u00e7\u00e3o de empregos\u201d, afirmou.<\/p>\n\n\n\n<p><strong>Parlamentares resistem \u00e0 proposta<\/strong><\/p>\n\n\n\n<p>Uma pesquisa recente do Instituto Genial\/Quaest, feita entre maio e junho com 203 deputados federais, aponta que a proposta enfrenta forte resist\u00eancia no Congresso. Segundo o levantamento, 70% dos parlamentares s\u00e3o contr\u00e1rios \u00e0 mudan\u00e7a da escala 6&#215;1 \u2014 incluindo 55% da base governista, 92% da oposi\u00e7\u00e3o e 74% dos independentes. Os dados indicam que a preocupa\u00e7\u00e3o com os efeitos econ\u00f4micos da PEC est\u00e1 presente em todas as bancadas.<\/p>\n\n\n\n<p><strong>Audi\u00eancia p\u00fablica em pauta<\/strong><\/p>\n\n\n\n<p>Para ampliar o debate, o relator pretende realizar uma audi\u00eancia p\u00fablica na primeira semana de agosto, reunindo empres\u00e1rios e representantes dos trabalhadores. Ele refor\u00e7ou que a iniciativa visa construir um di\u00e1logo t\u00e9cnico e respons\u00e1vel. \u201cO setor produtivo \u00e9 o motor da economia. Quando um sal\u00e1rio \u00e9 pago, ele vira renda, que impulsiona o consumo, gera impostos e mant\u00e9m os servi\u00e7os p\u00fablicos. O empres\u00e1rio n\u00e3o pode ser visto como inimigo, mas como parte essencial desse ciclo\u201d, destacou.<\/p>\n\n\n\n<p><strong>Dados do setor privado<\/strong><\/p>\n\n\n\n<p>Conforme o Minist\u00e9rio do Trabalho e Emprego, o pa\u00eds encerrou 2024 com aproximadamente 46 milh\u00f5es de empregos formais \u2014 um crescimento de 1,8 milh\u00e3o em rela\u00e7\u00e3o ao ano anterior. Os segmentos que mais geraram vagas foram Servi\u00e7os, Com\u00e9rcio e Constru\u00e7\u00e3o Civil. O setor privado permanece como o maior empregador do Brasil, sustentando a arrecada\u00e7\u00e3o tribut\u00e1ria que financia a m\u00e1quina p\u00fablica.<\/p>\n\n\n\n<p>O relator refor\u00e7ou que qualquer altera\u00e7\u00e3o nas regras trabalhistas deve ser discutida com base t\u00e9cnica e escuta ampla: \u201cN\u00e3o podemos improvisar nem impor mudan\u00e7as. O di\u00e1logo \u00e9 fundamental para proteger o emprego e garantir equil\u00edbrio nas rela\u00e7\u00f5es de trabalho\u201d, concluiu Luiz Gast\u00e3o.<\/p>\n<input type=\"hidden\" id=\"baseurl\" value=\"https:\/\/noticiasregionais.com.br\"><input type=\"hidden\" id=\"audio_nonce\" value=\"533fbb67b1\">","protected":false},"excerpt":{"rendered":"<p>O deputado federal Luiz Gast\u00e3o (PSD-CE), relator da Proposta de Emenda \u00e0 Constitui\u00e7\u00e3o (PEC) 8\/2025, chamou aten\u00e7\u00e3o para os poss\u00edveis&hellip;<\/p>\n","protected":false},"author":1,"featured_media":5695,"comment_status":"closed","ping_status":"open","sticky":false,"template":"","format":"standard","meta":{"sfsi_plus_gutenberg_text_before_share":"","sfsi_plus_gutenberg_show_text_before_share":"","sfsi_plus_gutenberg_icon_type":"","sfsi_plus_gutenberg_icon_alignemt":"","sfsi_plus_gutenburg_max_per_row":"","footnotes":""},"categories":[8,10,1],"tags":[],"class_list":["post-5694","post","type-post","status-publish","format-standard","has-post-thumbnail","hentry","category-brasil","category-destaques","category-noticias"],"_links":{"self":[{"href":"https:\/\/noticiasregionais.com.br\/index.php?rest_route=\/wp\/v2\/posts\/5694","targetHints":{"allow":["GET"]}}],"collection":[{"href":"https:\/\/noticiasregionais.com.br\/index.php?rest_route=\/wp\/v2\/posts"}],"about":[{"href":"https:\/\/noticiasregionais.com.br\/index.php?rest_route=\/wp\/v2\/types\/post"}],"author":[{"embeddable":true,"href":"https:\/\/noticiasregionais.com.br\/index.php?rest_route=\/wp\/v2\/users\/1"}],"replies":[{"embeddable":true,"href":"https:\/\/noticiasregionais.com.br\/index.php?rest_route=%2Fwp%2Fv2%2Fcomments&post=5694"}],"version-history":[{"count":1,"href":"https:\/\/noticiasregionais.com.br\/index.php?rest_route=\/wp\/v2\/posts\/5694\/revisions"}],"predecessor-version":[{"id":5696,"href":"https:\/\/noticiasregionais.com.br\/index.php?rest_route=\/wp\/v2\/posts\/5694\/revisions\/5696"}],"wp:featuredmedia":[{"embeddable":true,"href":"https:\/\/noticiasregionais.com.br\/index.php?rest_route=\/wp\/v2\/media\/5695"}],"wp:attachment":[{"href":"https:\/\/noticiasregionais.com.br\/index.php?rest_route=%2Fwp%2Fv2%2Fmedia&parent=5694"}],"wp:term":[{"taxonomy":"category","embeddable":true,"href":"https:\/\/noticiasregionais.com.br\/index.php?rest_route=%2Fwp%2Fv2%2Fcategories&post=5694"},{"taxonomy":"post_tag","embeddable":true,"href":"https:\/\/noticiasregionais.com.br\/index.php?rest_route=%2Fwp%2Fv2%2Ftags&post=5694"}],"curies":[{"name":"wp","href":"https:\/\/api.w.org\/{rel}","templated":true}]}}