{"id":5697,"date":"2025-07-07T17:14:39","date_gmt":"2025-07-07T20:14:39","guid":{"rendered":"https:\/\/noticiasregionais.com.br\/?p=5697"},"modified":"2025-07-07T17:16:01","modified_gmt":"2025-07-07T20:16:01","slug":"prefeitura-de-ourinhos-inicia-acao-emergencial-contra-infestacao-de-pernilongos-nas-lagoas-de-estabilizacao","status":"publish","type":"post","link":"https:\/\/noticiasregionais.com.br\/?p=5697","title":{"rendered":"Prefeitura de Ourinhos inicia a\u00e7\u00e3o emergencial contra infesta\u00e7\u00e3o de pernilongos nas lagoas de estabiliza\u00e7\u00e3o"},"content":{"rendered":"\n<p>A Prefeitura de Ourinhos iniciou uma opera\u00e7\u00e3o emergencial para combater a infesta\u00e7\u00e3o de pernilongos nas proximidades das lagoas de estabiliza\u00e7\u00e3o de esgoto da cidade. A medida foi tomada ap\u00f3s diversas reclama\u00e7\u00f5es de moradores sobre o aumento significativo da presen\u00e7a dos insetos na regi\u00e3o.<\/p>\n\n\n\n<p>Nesta segunda-feira, equipes da empresa respons\u00e1vel pela Ourinhos Saneamento deram in\u00edcio \u00e0 remo\u00e7\u00e3o das macr\u00f3fitas aqu\u00e1ticas (aguap\u00e9s), que cobriam parte das lagoas e contribu\u00edam para a prolifera\u00e7\u00e3o dos pernilongos. A limpeza est\u00e1 sendo feita com uso de maquin\u00e1rio pesado e deve prosseguir nos pr\u00f3ximos dias.<\/p>\n\n\n\n<p>A a\u00e7\u00e3o foi determinada ap\u00f3s vistorias t\u00e9cnicas realizadas pelo prefeito, que esteve pessoalmente no local em diferentes ocasi\u00f5es para cobrar provid\u00eancias imediatas da concession\u00e1ria respons\u00e1vel pelo tratamento de esgoto. A Secretaria Municipal de Meio Ambiente acompanha diariamente a execu\u00e7\u00e3o do servi\u00e7o, e a empresa j\u00e1 foi oficialmente notificada quanto \u00e0 sua responsabilidade em resolver a situa\u00e7\u00e3o com rapidez.<\/p>\n\n\n\n<p>Paralelamente \u00e0 retirada das plantas, a aplica\u00e7\u00e3o de bioinseticidas segue sendo feita nas lagoas dos rios Paranapanema e Pardo, com base em orienta\u00e7\u00f5es da Vigil\u00e2ncia Epidemiol\u00f3gica e da CETESB. Apesar de normas ambientais permitirem a presen\u00e7a parcial de aguap\u00e9s, a concession\u00e1ria optou pela remo\u00e7\u00e3o total das plantas, de forma excepcional, para reduzir os impactos negativos \u00e0 popula\u00e7\u00e3o.<\/p>\n\n\n\n<p>A Prefeitura refor\u00e7a que continuar\u00e1 fiscalizando rigorosamente o andamento da opera\u00e7\u00e3o. Caso o cronograma n\u00e3o seja seguido ou o servi\u00e7o apresente falhas, a administra\u00e7\u00e3o municipal poder\u00e1 adotar medidas legais, incluindo a aplica\u00e7\u00e3o de san\u00e7\u00f5es \u00e0 concession\u00e1ria.<\/p>\n\n\n\n<figure class=\"wp-block-gallery has-nested-images columns-default is-cropped wp-block-gallery-1 is-layout-flex wp-block-gallery-is-layout-flex\">\n<figure data-wp-context=\"{&quot;imageId&quot;:&quot;69eea1985302b&quot;}\" data-wp-interactive=\"core\/image\" data-wp-key=\"69eea1985302b\" class=\"wp-block-image size-large wp-lightbox-container\"><img decoding=\"async\" width=\"1024\" height=\"576\" data-wp-class--hide=\"state.isContentHidden\" data-wp-class--show=\"state.isContentVisible\" data-wp-init=\"callbacks.setButtonStyles\" data-wp-on--click=\"actions.showLightbox\" data-wp-on--load=\"callbacks.setButtonStyles\" data-wp-on-window--resize=\"callbacks.setButtonStyles\" data-id=\"5699\" src=\"https:\/\/noticiasregionais.com.br\/wp-content\/uploads\/2025\/07\/WhatsApp-Image-2025-07-07-at-16.47.42-1024x576.jpeg\" alt=\"\" class=\"wp-image-5699\" srcset=\"https:\/\/noticiasregionais.com.br\/wp-content\/uploads\/2025\/07\/WhatsApp-Image-2025-07-07-at-16.47.42-1024x576.jpeg 1024w, https:\/\/noticiasregionais.com.br\/wp-content\/uploads\/2025\/07\/WhatsApp-Image-2025-07-07-at-16.47.42-300x169.jpeg 300w, https:\/\/noticiasregionais.com.br\/wp-content\/uploads\/2025\/07\/WhatsApp-Image-2025-07-07-at-16.47.42-768x432.jpeg 768w, https:\/\/noticiasregionais.com.br\/wp-content\/uploads\/2025\/07\/WhatsApp-Image-2025-07-07-at-16.47.42.jpeg 1280w\" sizes=\"(max-width: 1024px) 100vw, 1024px\" \/><button\n\t\t\tclass=\"lightbox-trigger\"\n\t\t\ttype=\"button\"\n\t\t\taria-haspopup=\"dialog\"\n\t\t\taria-label=\"Ampliar\"\n\t\t\tdata-wp-init=\"callbacks.initTriggerButton\"\n\t\t\tdata-wp-on--click=\"actions.showLightbox\"\n\t\t\tdata-wp-style--right=\"state.imageButtonRight\"\n\t\t\tdata-wp-style--top=\"state.imageButtonTop\"\n\t\t>\n\t\t\t<svg xmlns=\"http:\/\/www.w3.org\/2000\/svg\" width=\"12\" height=\"12\" fill=\"none\" viewBox=\"0 0 12 12\">\n\t\t\t\t<path fill=\"#fff\" d=\"M2 0a2 2 0 0 0-2 2v2h1.5V2a.5.5 0 0 1 .5-.5h2V0H2Zm2 10.5H2a.5.5 0 0 1-.5-.5V8H0v2a2 2 0 0 0 2 2h2v-1.5ZM8 12v-1.5h2a.5.5 0 0 0 .5-.5V8H12v2a2 2 0 0 1-2 2H8Zm2-12a2 2 0 0 1 2 2v2h-1.5V2a.5.5 0 0 0-.5-.5H8V0h2Z\" \/>\n\t\t\t<\/svg>\n\t\t<\/button><\/figure>\n\n\n\n<figure data-wp-context=\"{&quot;imageId&quot;:&quot;69eea1985346b&quot;}\" data-wp-interactive=\"core\/image\" data-wp-key=\"69eea1985346b\" class=\"wp-block-image size-large wp-lightbox-container\"><img decoding=\"async\" width=\"1024\" height=\"576\" data-wp-class--hide=\"state.isContentHidden\" data-wp-class--show=\"state.isContentVisible\" data-wp-init=\"callbacks.setButtonStyles\" data-wp-on--click=\"actions.showLightbox\" data-wp-on--load=\"callbacks.setButtonStyles\" data-wp-on-window--resize=\"callbacks.setButtonStyles\" data-id=\"5700\" src=\"https:\/\/noticiasregionais.com.br\/wp-content\/uploads\/2025\/07\/WhatsApp-Image-2025-07-07-at-16.47.56-1024x576.jpeg\" alt=\"\" class=\"wp-image-5700\" srcset=\"https:\/\/noticiasregionais.com.br\/wp-content\/uploads\/2025\/07\/WhatsApp-Image-2025-07-07-at-16.47.56-1024x576.jpeg 1024w, https:\/\/noticiasregionais.com.br\/wp-content\/uploads\/2025\/07\/WhatsApp-Image-2025-07-07-at-16.47.56-300x169.jpeg 300w, https:\/\/noticiasregionais.com.br\/wp-content\/uploads\/2025\/07\/WhatsApp-Image-2025-07-07-at-16.47.56-768x432.jpeg 768w, https:\/\/noticiasregionais.com.br\/wp-content\/uploads\/2025\/07\/WhatsApp-Image-2025-07-07-at-16.47.56.jpeg 1280w\" sizes=\"(max-width: 1024px) 100vw, 1024px\" \/><button\n\t\t\tclass=\"lightbox-trigger\"\n\t\t\ttype=\"button\"\n\t\t\taria-haspopup=\"dialog\"\n\t\t\taria-label=\"Ampliar\"\n\t\t\tdata-wp-init=\"callbacks.initTriggerButton\"\n\t\t\tdata-wp-on--click=\"actions.showLightbox\"\n\t\t\tdata-wp-style--right=\"state.imageButtonRight\"\n\t\t\tdata-wp-style--top=\"state.imageButtonTop\"\n\t\t>\n\t\t\t<svg xmlns=\"http:\/\/www.w3.org\/2000\/svg\" width=\"12\" height=\"12\" fill=\"none\" viewBox=\"0 0 12 12\">\n\t\t\t\t<path fill=\"#fff\" d=\"M2 0a2 2 0 0 0-2 2v2h1.5V2a.5.5 0 0 1 .5-.5h2V0H2Zm2 10.5H2a.5.5 0 0 1-.5-.5V8H0v2a2 2 0 0 0 2 2h2v-1.5ZM8 12v-1.5h2a.5.5 0 0 0 .5-.5V8H12v2a2 2 0 0 1-2 2H8Zm2-12a2 2 0 0 1 2 2v2h-1.5V2a.5.5 0 0 0-.5-.5H8V0h2Z\" \/>\n\t\t\t<\/svg>\n\t\t<\/button><\/figure>\n\n\n\n<figure data-wp-context=\"{&quot;imageId&quot;:&quot;69eea198537de&quot;}\" data-wp-interactive=\"core\/image\" data-wp-key=\"69eea198537de\" class=\"wp-block-image size-large wp-lightbox-container\"><img decoding=\"async\" width=\"1024\" height=\"576\" data-wp-class--hide=\"state.isContentHidden\" data-wp-class--show=\"state.isContentVisible\" data-wp-init=\"callbacks.setButtonStyles\" data-wp-on--click=\"actions.showLightbox\" data-wp-on--load=\"callbacks.setButtonStyles\" data-wp-on-window--resize=\"callbacks.setButtonStyles\" data-id=\"5701\" src=\"https:\/\/noticiasregionais.com.br\/wp-content\/uploads\/2025\/07\/WhatsApp-Image-2025-07-07-at-16.48.05-1024x576.jpeg\" alt=\"\" class=\"wp-image-5701\" srcset=\"https:\/\/noticiasregionais.com.br\/wp-content\/uploads\/2025\/07\/WhatsApp-Image-2025-07-07-at-16.48.05-1024x576.jpeg 1024w, https:\/\/noticiasregionais.com.br\/wp-content\/uploads\/2025\/07\/WhatsApp-Image-2025-07-07-at-16.48.05-300x169.jpeg 300w, https:\/\/noticiasregionais.com.br\/wp-content\/uploads\/2025\/07\/WhatsApp-Image-2025-07-07-at-16.48.05-768x432.jpeg 768w, https:\/\/noticiasregionais.com.br\/wp-content\/uploads\/2025\/07\/WhatsApp-Image-2025-07-07-at-16.48.05.jpeg 1280w\" sizes=\"(max-width: 1024px) 100vw, 1024px\" \/><button\n\t\t\tclass=\"lightbox-trigger\"\n\t\t\ttype=\"button\"\n\t\t\taria-haspopup=\"dialog\"\n\t\t\taria-label=\"Ampliar\"\n\t\t\tdata-wp-init=\"callbacks.initTriggerButton\"\n\t\t\tdata-wp-on--click=\"actions.showLightbox\"\n\t\t\tdata-wp-style--right=\"state.imageButtonRight\"\n\t\t\tdata-wp-style--top=\"state.imageButtonTop\"\n\t\t>\n\t\t\t<svg xmlns=\"http:\/\/www.w3.org\/2000\/svg\" width=\"12\" height=\"12\" fill=\"none\" viewBox=\"0 0 12 12\">\n\t\t\t\t<path fill=\"#fff\" d=\"M2 0a2 2 0 0 0-2 2v2h1.5V2a.5.5 0 0 1 .5-.5h2V0H2Zm2 10.5H2a.5.5 0 0 1-.5-.5V8H0v2a2 2 0 0 0 2 2h2v-1.5ZM8 12v-1.5h2a.5.5 0 0 0 .5-.5V8H12v2a2 2 0 0 1-2 2H8Zm2-12a2 2 0 0 1 2 2v2h-1.5V2a.5.5 0 0 0-.5-.5H8V0h2Z\" \/>\n\t\t\t<\/svg>\n\t\t<\/button><\/figure>\n<\/figure>\n<input type=\"hidden\" id=\"baseurl\" value=\"https:\/\/noticiasregionais.com.br\"><input type=\"hidden\" id=\"audio_nonce\" value=\"533fbb67b1\">","protected":false},"excerpt":{"rendered":"<p>A Prefeitura de Ourinhos iniciou uma opera\u00e7\u00e3o emergencial para combater a infesta\u00e7\u00e3o de pernilongos nas proximidades das lagoas de estabiliza\u00e7\u00e3o&hellip;<\/p>\n","protected":false},"author":1,"featured_media":5698,"comment_status":"closed","ping_status":"open","sticky":false,"template":"","format":"standard","meta":{"sfsi_plus_gutenberg_text_before_share":"","sfsi_plus_gutenberg_show_text_before_share":"","sfsi_plus_gutenberg_icon_type":"","sfsi_plus_gutenberg_icon_alignemt":"","sfsi_plus_gutenburg_max_per_row":"","footnotes":""},"categories":[12,1,5],"tags":[],"class_list":["post-5697","post","type-post","status-publish","format-standard","has-post-thumbnail","hentry","category-capa","category-noticias","category-ourinhos"],"_links":{"self":[{"href":"https:\/\/noticiasregionais.com.br\/index.php?rest_route=\/wp\/v2\/posts\/5697","targetHints":{"allow":["GET"]}}],"collection":[{"href":"https:\/\/noticiasregionais.com.br\/index.php?rest_route=\/wp\/v2\/posts"}],"about":[{"href":"https:\/\/noticiasregionais.com.br\/index.php?rest_route=\/wp\/v2\/types\/post"}],"author":[{"embeddable":true,"href":"https:\/\/noticiasregionais.com.br\/index.php?rest_route=\/wp\/v2\/users\/1"}],"replies":[{"embeddable":true,"href":"https:\/\/noticiasregionais.com.br\/index.php?rest_route=%2Fwp%2Fv2%2Fcomments&post=5697"}],"version-history":[{"count":1,"href":"https:\/\/noticiasregionais.com.br\/index.php?rest_route=\/wp\/v2\/posts\/5697\/revisions"}],"predecessor-version":[{"id":5702,"href":"https:\/\/noticiasregionais.com.br\/index.php?rest_route=\/wp\/v2\/posts\/5697\/revisions\/5702"}],"wp:featuredmedia":[{"embeddable":true,"href":"https:\/\/noticiasregionais.com.br\/index.php?rest_route=\/wp\/v2\/media\/5698"}],"wp:attachment":[{"href":"https:\/\/noticiasregionais.com.br\/index.php?rest_route=%2Fwp%2Fv2%2Fmedia&parent=5697"}],"wp:term":[{"taxonomy":"category","embeddable":true,"href":"https:\/\/noticiasregionais.com.br\/index.php?rest_route=%2Fwp%2Fv2%2Fcategories&post=5697"},{"taxonomy":"post_tag","embeddable":true,"href":"https:\/\/noticiasregionais.com.br\/index.php?rest_route=%2Fwp%2Fv2%2Ftags&post=5697"}],"curies":[{"name":"wp","href":"https:\/\/api.w.org\/{rel}","templated":true}]}}