{"id":5703,"date":"2025-07-07T17:26:31","date_gmt":"2025-07-07T20:26:31","guid":{"rendered":"https:\/\/noticiasregionais.com.br\/?p=5703"},"modified":"2025-07-07T17:26:43","modified_gmt":"2025-07-07T20:26:43","slug":"ourinhos-realiza-15a-conferencia-municipal-de-assistencia-social-nos-dias-10-e-11-de-julho","status":"publish","type":"post","link":"https:\/\/noticiasregionais.com.br\/?p=5703","title":{"rendered":"Ourinhos realiza 15\u00aa Confer\u00eancia Municipal de Assist\u00eancia Social nos dias 10 e 11 de julho"},"content":{"rendered":"\n<p>A cidade de Ourinhos se prepara para a 15\u00aa edi\u00e7\u00e3o da Confer\u00eancia Municipal de Assist\u00eancia Social, que ser\u00e1 realizada nos dias 10 e 11 de julho de 2025. O evento \u00e9 promovido pela Prefeitura, por meio da Secretaria de Assist\u00eancia e Desenvolvimento Social, em parceria com o Conselho Municipal de Assist\u00eancia Social, e acontece no audit\u00f3rio da Faculdade Est\u00e1cio de S\u00e1.<\/p>\n\n\n\n<p>A programa\u00e7\u00e3o tem in\u00edcio na quinta-feira (10), \u00e0s 14h, com a apresenta\u00e7\u00e3o da equipe organizadora e uma atividade cultural. Em seguida, ser\u00e1 realizada a palestra magna com a assistente social e mestre em Psicologia, Cidinha Finotti.<\/p>\n\n\n\n<p>Na sexta-feira (11), os trabalhos come\u00e7am \u00e0s 8h da manh\u00e3 com a forma\u00e7\u00e3o de grupos tem\u00e1ticos para debates e elabora\u00e7\u00e3o de propostas. A programa\u00e7\u00e3o inclui tamb\u00e9m apresenta\u00e7\u00f5es de equipes do CRAS e dos trabalhadores do Sistema \u00danico de Assist\u00eancia Social (SUAS), al\u00e9m da vota\u00e7\u00e3o e escolha dos delegados que representar\u00e3o o munic\u00edpio em etapas posteriores.<\/p>\n\n\n\n<p>A participa\u00e7\u00e3o \u00e9 aberta a toda a popula\u00e7\u00e3o, e os interessados podem se inscrever previamente por meio do link:<br><a class=\"\" href=\"https:\/\/docs.google.com\/forms\/d\/e\/1FAIpQLSdSKRUskZxRQcgwTny8xkB3gsduKZwnPC0BB-OJXkjIoTB8Vg\/viewform?pli=1\" target=\"_blank\" rel=\"noopener\">Formul\u00e1rio de Inscri\u00e7\u00e3o<\/a><\/p>\n\n\n\n<p>Durante os dias de confer\u00eancia, os servi\u00e7os da Secretaria de Assist\u00eancia, CRAS, CREAS e CCI estar\u00e3o temporariamente suspensos para garantir a participa\u00e7\u00e3o dos trabalhadores e usu\u00e1rios da rede. O atendimento ser\u00e1 retomado normalmente na segunda-feira, dia 14 de julho, a partir das 7h.<\/p>\n\n\n\n<p>A Faculdade Est\u00e1cio de S\u00e1 est\u00e1 localizada na Avenida Luiz Saldanha Rodrigues, 2801 \u2013 Nova Ourinhos.<\/p>\n\n\n<div class=\"wp-block-image\">\n<figure class=\"aligncenter size-full\"><img decoding=\"async\" width=\"600\" height=\"849\" src=\"https:\/\/noticiasregionais.com.br\/wp-content\/uploads\/2025\/07\/WhatsApp-Image-2025-07-07-at-11.14.10.jpeg\" alt=\"\" class=\"wp-image-5704\" srcset=\"https:\/\/noticiasregionais.com.br\/wp-content\/uploads\/2025\/07\/WhatsApp-Image-2025-07-07-at-11.14.10.jpeg 600w, https:\/\/noticiasregionais.com.br\/wp-content\/uploads\/2025\/07\/WhatsApp-Image-2025-07-07-at-11.14.10-212x300.jpeg 212w\" sizes=\"(max-width: 600px) 100vw, 600px\" \/><\/figure>\n<\/div><input type=\"hidden\" id=\"baseurl\" value=\"https:\/\/noticiasregionais.com.br\"><input type=\"hidden\" id=\"audio_nonce\" value=\"533fbb67b1\">","protected":false},"excerpt":{"rendered":"<p>A cidade de Ourinhos se prepara para a 15\u00aa edi\u00e7\u00e3o da Confer\u00eancia Municipal de Assist\u00eancia Social, que ser\u00e1 realizada nos&hellip;<\/p>\n","protected":false},"author":1,"featured_media":5705,"comment_status":"closed","ping_status":"open","sticky":false,"template":"","format":"standard","meta":{"sfsi_plus_gutenberg_text_before_share":"","sfsi_plus_gutenberg_show_text_before_share":"","sfsi_plus_gutenberg_icon_type":"","sfsi_plus_gutenberg_icon_alignemt":"","sfsi_plus_gutenburg_max_per_row":"","footnotes":""},"categories":[10,1,5],"tags":[16],"class_list":["post-5703","post","type-post","status-publish","format-standard","has-post-thumbnail","hentry","category-destaques","category-noticias","category-ourinhos","tag-ourinhos"],"_links":{"self":[{"href":"https:\/\/noticiasregionais.com.br\/index.php?rest_route=\/wp\/v2\/posts\/5703","targetHints":{"allow":["GET"]}}],"collection":[{"href":"https:\/\/noticiasregionais.com.br\/index.php?rest_route=\/wp\/v2\/posts"}],"about":[{"href":"https:\/\/noticiasregionais.com.br\/index.php?rest_route=\/wp\/v2\/types\/post"}],"author":[{"embeddable":true,"href":"https:\/\/noticiasregionais.com.br\/index.php?rest_route=\/wp\/v2\/users\/1"}],"replies":[{"embeddable":true,"href":"https:\/\/noticiasregionais.com.br\/index.php?rest_route=%2Fwp%2Fv2%2Fcomments&post=5703"}],"version-history":[{"count":1,"href":"https:\/\/noticiasregionais.com.br\/index.php?rest_route=\/wp\/v2\/posts\/5703\/revisions"}],"predecessor-version":[{"id":5706,"href":"https:\/\/noticiasregionais.com.br\/index.php?rest_route=\/wp\/v2\/posts\/5703\/revisions\/5706"}],"wp:featuredmedia":[{"embeddable":true,"href":"https:\/\/noticiasregionais.com.br\/index.php?rest_route=\/wp\/v2\/media\/5705"}],"wp:attachment":[{"href":"https:\/\/noticiasregionais.com.br\/index.php?rest_route=%2Fwp%2Fv2%2Fmedia&parent=5703"}],"wp:term":[{"taxonomy":"category","embeddable":true,"href":"https:\/\/noticiasregionais.com.br\/index.php?rest_route=%2Fwp%2Fv2%2Fcategories&post=5703"},{"taxonomy":"post_tag","embeddable":true,"href":"https:\/\/noticiasregionais.com.br\/index.php?rest_route=%2Fwp%2Fv2%2Ftags&post=5703"}],"curies":[{"name":"wp","href":"https:\/\/api.w.org\/{rel}","templated":true}]}}