{"id":5737,"date":"2025-07-09T16:30:01","date_gmt":"2025-07-09T19:30:01","guid":{"rendered":"https:\/\/noticiasregionais.com.br\/?p=5737"},"modified":"2025-07-09T18:44:27","modified_gmt":"2025-07-09T21:44:27","slug":"acao-conjunta-entre-pm-do-parana-e-de-sao-paulo-recupera-escavadeira-furtada-em-carlopolis","status":"publish","type":"post","link":"https:\/\/noticiasregionais.com.br\/?p=5737","title":{"rendered":"A\u00e7\u00e3o conjunta entre PM do Paran\u00e1 e de S\u00e3o Paulo recupera escavadeira furtada em Carl\u00f3polis"},"content":{"rendered":"\n<p>Uma opera\u00e7\u00e3o integrada entre as Pol\u00edcias Militares do Paran\u00e1 e de S\u00e3o Paulo resultou na recupera\u00e7\u00e3o de uma escavadeira hidr\u00e1ulica furtada na manh\u00e3 desta quarta-feira (9), no munic\u00edpio de Carl\u00f3polis, no Norte Pioneiro do Paran\u00e1. O maquin\u00e1rio, avaliado em alto valor, pertence \u00e0 marca Caterpillar, \u00e9 do ano de 2022 e possui colora\u00e7\u00e3o amarela.<\/p>\n\n\n\n<p>A v\u00edtima procurou a sede do 2\u00ba Batalh\u00e3o da PMPR logo ap\u00f3s perceber o furto. Ela relatou que, ao chegar ao local onde a escavadeira estava estacionada, constatou que o equipamento havia desaparecido.<\/p>\n\n\n\n<p>Diante da ocorr\u00eancia, os policiais militares iniciaram imediatamente dilig\u00eancias para localizar o maquin\u00e1rio. Com o aux\u00edlio de imagens de c\u00e2meras de monitoramento, conseguiram identificar um caminh\u00e3o VW Constellation, de cor chumbo, transportando a escavadeira furtada. As investiga\u00e7\u00f5es avan\u00e7aram com a colabora\u00e7\u00e3o da empresa de transporte respons\u00e1vel pelo caminh\u00e3o, sediada no estado de Minas Gerais.<\/p>\n\n\n\n<p>Com base nas informa\u00e7\u00f5es levantadas, os policiais conseguiram localizar o ve\u00edculo na cidade de Avar\u00e9, no interior de S\u00e3o Paulo. A escavadeira foi recuperada sem avarias e ser\u00e1 devolvida ao propriet\u00e1rio.<\/p>\n\n\n\n<p>A atua\u00e7\u00e3o r\u00e1pida e coordenada entre as corpora\u00e7\u00f5es dos dois estados foi fundamental para o sucesso da opera\u00e7\u00e3o. A Pol\u00edcia Militar do Paran\u00e1 destacou que a a\u00e7\u00e3o refor\u00e7a o compromisso com a pronta resposta a crimes patrimoniais e o trabalho eficiente em coopera\u00e7\u00e3o com outras for\u00e7as de seguran\u00e7a.<\/p>\n<input type=\"hidden\" id=\"baseurl\" value=\"https:\/\/noticiasregionais.com.br\"><input type=\"hidden\" id=\"audio_nonce\" value=\"533fbb67b1\">","protected":false},"excerpt":{"rendered":"<p>Uma opera\u00e7\u00e3o integrada entre as Pol\u00edcias Militares do Paran\u00e1 e de S\u00e3o Paulo resultou na recupera\u00e7\u00e3o de uma escavadeira hidr\u00e1ulica&hellip;<\/p>\n","protected":false},"author":1,"featured_media":5738,"comment_status":"closed","ping_status":"open","sticky":false,"template":"","format":"standard","meta":{"sfsi_plus_gutenberg_text_before_share":"","sfsi_plus_gutenberg_show_text_before_share":"","sfsi_plus_gutenberg_icon_type":"","sfsi_plus_gutenberg_icon_alignemt":"","sfsi_plus_gutenburg_max_per_row":"","footnotes":""},"categories":[10,1,7],"tags":[52,38],"class_list":["post-5737","post","type-post","status-publish","format-standard","has-post-thumbnail","hentry","category-destaques","category-noticias","category-parana","tag-avare","tag-carlopolis"],"_links":{"self":[{"href":"https:\/\/noticiasregionais.com.br\/index.php?rest_route=\/wp\/v2\/posts\/5737","targetHints":{"allow":["GET"]}}],"collection":[{"href":"https:\/\/noticiasregionais.com.br\/index.php?rest_route=\/wp\/v2\/posts"}],"about":[{"href":"https:\/\/noticiasregionais.com.br\/index.php?rest_route=\/wp\/v2\/types\/post"}],"author":[{"embeddable":true,"href":"https:\/\/noticiasregionais.com.br\/index.php?rest_route=\/wp\/v2\/users\/1"}],"replies":[{"embeddable":true,"href":"https:\/\/noticiasregionais.com.br\/index.php?rest_route=%2Fwp%2Fv2%2Fcomments&post=5737"}],"version-history":[{"count":1,"href":"https:\/\/noticiasregionais.com.br\/index.php?rest_route=\/wp\/v2\/posts\/5737\/revisions"}],"predecessor-version":[{"id":5739,"href":"https:\/\/noticiasregionais.com.br\/index.php?rest_route=\/wp\/v2\/posts\/5737\/revisions\/5739"}],"wp:featuredmedia":[{"embeddable":true,"href":"https:\/\/noticiasregionais.com.br\/index.php?rest_route=\/wp\/v2\/media\/5738"}],"wp:attachment":[{"href":"https:\/\/noticiasregionais.com.br\/index.php?rest_route=%2Fwp%2Fv2%2Fmedia&parent=5737"}],"wp:term":[{"taxonomy":"category","embeddable":true,"href":"https:\/\/noticiasregionais.com.br\/index.php?rest_route=%2Fwp%2Fv2%2Fcategories&post=5737"},{"taxonomy":"post_tag","embeddable":true,"href":"https:\/\/noticiasregionais.com.br\/index.php?rest_route=%2Fwp%2Fv2%2Ftags&post=5737"}],"curies":[{"name":"wp","href":"https:\/\/api.w.org\/{rel}","templated":true}]}}