{"id":5740,"date":"2025-07-09T16:42:51","date_gmt":"2025-07-09T19:42:51","guid":{"rendered":"https:\/\/noticiasregionais.com.br\/?p=5740"},"modified":"2025-07-09T16:42:55","modified_gmt":"2025-07-09T19:42:55","slug":"vereadora-de-ourinhos-propoe-acao-regional-para-enfrentar-aumento-da-populacao-em-situacao-de-rua","status":"publish","type":"post","link":"https:\/\/noticiasregionais.com.br\/?p=5740","title":{"rendered":"Vereadora de Ourinhos prop\u00f5e a\u00e7\u00e3o regional para enfrentar aumento da popula\u00e7\u00e3o em situa\u00e7\u00e3o de rua"},"content":{"rendered":"\n<p>O aumento da popula\u00e7\u00e3o em situa\u00e7\u00e3o de rua em Ourinhos tem gerado preocupa\u00e7\u00e3o e sobrecarregado os servi\u00e7os de assist\u00eancia social do munic\u00edpio. Diante da gravidade do problema, a vereadora Raquel Spada apresentou, durante a 22\u00aa Sess\u00e3o Ordin\u00e1ria da C\u00e2mara Municipal, o Requerimento n\u00ba 1004\/2025, propondo que a UMMES (Uni\u00e3o dos Munic\u00edpios da M\u00e9dia Sorocabana) promova uma reuni\u00e3o regional para discutir solu\u00e7\u00f5es integradas entre os munic\u00edpios da regi\u00e3o.<\/p>\n\n\n\n<p>A parlamentar ressaltou que o cen\u00e1rio exige uma abordagem conjunta. Em trabalho de campo realizado nas \u00faltimas semanas, ela esteve em contato direto com a realidade dessas pessoas e com os servi\u00e7os p\u00fablicos que as atendem, como o Centro Pop, o Restaurante Popular e a distribui\u00e7\u00e3o de marmitas em diversos pontos da cidade. Tamb\u00e9m participou de reuni\u00f5es com a Secretaria Municipal de Assist\u00eancia Social.<\/p>\n\n\n\n<p>Durante esse levantamento, Raquel constatou que grande parte das pessoas em situa\u00e7\u00e3o de rua em Ourinhos n\u00e3o \u00e9 origin\u00e1ria do munic\u00edpio. \u201cNeste ano, a Prefeitura j\u00e1 custeou 352 passagens para que essas pessoas retornassem \u00e0s suas cidades de origem. Isso mostra que estamos enfrentando um problema que extrapola os limites do nosso territ\u00f3rio\u201d, alertou.<\/p>\n\n\n\n<p>Ela tamb\u00e9m apontou que, embora os servi\u00e7os oferecidos pela cidade \u2014 como refei\u00e7\u00f5es a R$ 2,00 no Restaurante Popular e a\u00e7\u00f5es solid\u00e1rias com distribui\u00e7\u00e3o de alimentos \u2014 sejam fundamentais, acabam atraindo pessoas em situa\u00e7\u00e3o de vulnerabilidade de outros munic\u00edpios, pressionando ainda mais a rede de atendimento local.<\/p>\n\n\n\n<p>\u201cNosso compromisso \u00e9 cuidar da nossa popula\u00e7\u00e3o, mas n\u00e3o temos como dar conta de uma demanda regional sozinhos. \u00c9 preciso que os munic\u00edpios vizinhos se unam a n\u00f3s nesse debate, proponham pol\u00edticas p\u00fablicas e compartilhem responsabilidades\u201d, enfatizou Raquel.<\/p>\n\n\n\n<p>O requerimento solicita que o presidente da UMMES, o prefeito de Ourinhos Guilherme Gon\u00e7alves, inclua o tema na pr\u00f3xima reuni\u00e3o da entidade e convoque prefeitos, secret\u00e1rios de assist\u00eancia social e representantes das for\u00e7as de seguran\u00e7a da regi\u00e3o.<\/p>\n\n\n\n<p>Segundo a vereadora, o prefeito j\u00e1 demonstrou apoio \u00e0 proposta e se comprometeu a viabilizar o encontro. \u201cNosso objetivo \u00e9 construir uma pol\u00edtica mais eficaz, coordenada e, acima de tudo, humanizada. Precisamos agir com planejamento e uni\u00e3o, porque s\u00f3 assim vamos enfrentar essa situa\u00e7\u00e3o com a seriedade que ela exige\u201d, concluiu.<\/p>\n\n\n\n<p>A proposta marca um passo importante para transformar um problema isolado em uma pauta regional, buscando solu\u00e7\u00f5es coletivas e sustent\u00e1veis para a popula\u00e7\u00e3o em situa\u00e7\u00e3o de rua.<\/p>\n<input type=\"hidden\" id=\"baseurl\" value=\"https:\/\/noticiasregionais.com.br\"><input type=\"hidden\" id=\"audio_nonce\" value=\"533fbb67b1\">","protected":false},"excerpt":{"rendered":"<p>O aumento da popula\u00e7\u00e3o em situa\u00e7\u00e3o de rua em Ourinhos tem gerado preocupa\u00e7\u00e3o e sobrecarregado os servi\u00e7os de assist\u00eancia social&hellip;<\/p>\n","protected":false},"author":1,"featured_media":5741,"comment_status":"closed","ping_status":"open","sticky":false,"template":"","format":"standard","meta":{"sfsi_plus_gutenberg_text_before_share":"","sfsi_plus_gutenberg_show_text_before_share":"","sfsi_plus_gutenberg_icon_type":"","sfsi_plus_gutenberg_icon_alignemt":"","sfsi_plus_gutenburg_max_per_row":"","footnotes":""},"categories":[10,1,5],"tags":[16],"class_list":["post-5740","post","type-post","status-publish","format-standard","has-post-thumbnail","hentry","category-destaques","category-noticias","category-ourinhos","tag-ourinhos"],"_links":{"self":[{"href":"https:\/\/noticiasregionais.com.br\/index.php?rest_route=\/wp\/v2\/posts\/5740","targetHints":{"allow":["GET"]}}],"collection":[{"href":"https:\/\/noticiasregionais.com.br\/index.php?rest_route=\/wp\/v2\/posts"}],"about":[{"href":"https:\/\/noticiasregionais.com.br\/index.php?rest_route=\/wp\/v2\/types\/post"}],"author":[{"embeddable":true,"href":"https:\/\/noticiasregionais.com.br\/index.php?rest_route=\/wp\/v2\/users\/1"}],"replies":[{"embeddable":true,"href":"https:\/\/noticiasregionais.com.br\/index.php?rest_route=%2Fwp%2Fv2%2Fcomments&post=5740"}],"version-history":[{"count":1,"href":"https:\/\/noticiasregionais.com.br\/index.php?rest_route=\/wp\/v2\/posts\/5740\/revisions"}],"predecessor-version":[{"id":5742,"href":"https:\/\/noticiasregionais.com.br\/index.php?rest_route=\/wp\/v2\/posts\/5740\/revisions\/5742"}],"wp:featuredmedia":[{"embeddable":true,"href":"https:\/\/noticiasregionais.com.br\/index.php?rest_route=\/wp\/v2\/media\/5741"}],"wp:attachment":[{"href":"https:\/\/noticiasregionais.com.br\/index.php?rest_route=%2Fwp%2Fv2%2Fmedia&parent=5740"}],"wp:term":[{"taxonomy":"category","embeddable":true,"href":"https:\/\/noticiasregionais.com.br\/index.php?rest_route=%2Fwp%2Fv2%2Fcategories&post=5740"},{"taxonomy":"post_tag","embeddable":true,"href":"https:\/\/noticiasregionais.com.br\/index.php?rest_route=%2Fwp%2Fv2%2Ftags&post=5740"}],"curies":[{"name":"wp","href":"https:\/\/api.w.org\/{rel}","templated":true}]}}