{"id":5748,"date":"2025-07-14T09:31:54","date_gmt":"2025-07-14T12:31:54","guid":{"rendered":"https:\/\/noticiasregionais.com.br\/?p=5748"},"modified":"2025-07-14T09:41:14","modified_gmt":"2025-07-14T12:41:14","slug":"vacinacao-contra-a-gripe-e-reforcada-em-sao-paulo-mais-de-19-milhoes-de-pessoas-fazem-parte-do-publico-alvo","status":"publish","type":"post","link":"https:\/\/noticiasregionais.com.br\/?p=5748","title":{"rendered":"Vacina\u00e7\u00e3o contra a gripe \u00e9 refor\u00e7ada em S\u00e3o Paulo; mais de 19 milh\u00f5es de pessoas fazem parte do p\u00fablico-alvo"},"content":{"rendered":"\n<p>A circula\u00e7\u00e3o do v\u00edrus da Influenza segue alta em grande parte do Brasil, e o Minist\u00e9rio da Sa\u00fade emitiu um novo alerta sobre a import\u00e2ncia da vacina\u00e7\u00e3o. Em resposta, as Unidades de Sa\u00fade em todo o estado de S\u00e3o Paulo est\u00e3o mobilizadas para intensificar a campanha contra a gripe, com foco nos grupos priorit\u00e1rios.<\/p>\n\n\n\n<p>A partir deste ano, a vacina contra o v\u00edrus Influenza passa a integrar oficialmente o Calend\u00e1rio Nacional de Vacina\u00e7\u00e3o. Isso significa que os grupos priorit\u00e1rios ter\u00e3o acesso ao imunizante durante todo o ano nas unidades da rede p\u00fablica. Para 2025, o Minist\u00e9rio da Sa\u00fade j\u00e1 adquiriu 73,6 milh\u00f5es de doses que ser\u00e3o distribu\u00eddas em todo o territ\u00f3rio nacional.<\/p>\n\n\n\n<p>Os n\u00fameros refor\u00e7am a urg\u00eancia da imuniza\u00e7\u00e3o. Somente no estado de S\u00e3o Paulo, entre janeiro e 21 de junho, foram registrados 4.600 casos de S\u00edndrome Respirat\u00f3ria Aguda Grave (SRAG) causados por Influenza, resultando em 482 \u00f3bitos.<\/p>\n\n\n\n<p>O Minist\u00e9rio da Sa\u00fade lembra que a vacina contra a gripe pode evitar de 60% a 70% dos casos graves e mortes. De acordo com o diretor do Programa Nacional de Imuniza\u00e7\u00f5es, Eder Gatti, a imuniza\u00e7\u00e3o reduz significativamente os riscos de complica\u00e7\u00f5es:<\/p>\n\n\n\n<blockquote class=\"wp-block-quote is-layout-flow wp-block-quote-is-layout-flow\">\n<p>\u201cA vacina diminui o risco de infec\u00e7\u00e3o e, principalmente, de desenvolver formas graves da doen\u00e7a. Isso ajuda a reduzir interna\u00e7\u00f5es e \u00f3bitos. Por isso, \u00e9 fundamental que todos que fazem parte dos grupos priorit\u00e1rios busquem a vacina\u00e7\u00e3o.\u201d<\/p>\n<\/blockquote>\n\n\n\n<p>A meta \u00e9 vacinar pelo menos 90% do p\u00fablico-alvo, que inclui:<\/p>\n\n\n\n<ul class=\"wp-block-list\">\n<li>Crian\u00e7as de 6 meses a menores de 6 anos<\/li>\n\n\n\n<li>Gestantes e pu\u00e9rperas<\/li>\n\n\n\n<li>Idosos com 60 anos ou mais<\/li>\n\n\n\n<li>Povos ind\u00edgenas e quilombolas<\/li>\n\n\n\n<li>Pessoas em situa\u00e7\u00e3o de rua<\/li>\n\n\n\n<li>Trabalhadores da sa\u00fade, professores, caminhoneiros e trabalhadores do transporte coletivo<\/li>\n\n\n\n<li>Profissionais da seguran\u00e7a p\u00fablica, das For\u00e7as Armadas e do sistema prisional<\/li>\n\n\n\n<li>Pessoas com defici\u00eancia permanente ou doen\u00e7as cr\u00f4nicas<\/li>\n\n\n\n<li>Popula\u00e7\u00e3o privada de liberdade e jovens sob medidas socioeducativas<\/li>\n<\/ul>\n\n\n\n<p>Desde 2023, o Brasil tem registrado melhora na cobertura vacinal, gra\u00e7as a estrat\u00e9gias como vacina\u00e7\u00e3o em escolas, microplanejamento e monitoramento intensivo das a\u00e7\u00f5es nos munic\u00edpios.<\/p>\n\n\n\n<p>Em algumas cidades, a vacina j\u00e1 est\u00e1 liberada para toda a popula\u00e7\u00e3o, conforme a disponibilidade de doses.<\/p>\n\n\n\n<p><strong>Procure a Unidade B\u00e1sica de Sa\u00fade mais pr\u00f3xima com a Caderneta de Vacina\u00e7\u00e3o ou um documento com foto e garanta sua prote\u00e7\u00e3o.<\/strong><\/p>\n\n\n\n<p>Mais informa\u00e7\u00f5es est\u00e3o dispon\u00edveis em: <a class=\"\" href=\"https:\/\/www.gov.br\/vacinacao\" target=\"_blank\" rel=\"noopener\">www.gov.br\/vacinacao<\/a><\/p>\n\n\n\n<p><em>Fonte: Brasil 61<\/em><\/p>\n<input type=\"hidden\" id=\"baseurl\" value=\"https:\/\/noticiasregionais.com.br\"><input type=\"hidden\" id=\"audio_nonce\" value=\"533fbb67b1\">","protected":false},"excerpt":{"rendered":"<p>A circula\u00e7\u00e3o do v\u00edrus da Influenza segue alta em grande parte do Brasil, e o Minist\u00e9rio da Sa\u00fade emitiu um&hellip;<\/p>\n","protected":false},"author":1,"featured_media":5751,"comment_status":"closed","ping_status":"open","sticky":false,"template":"","format":"standard","meta":{"sfsi_plus_gutenberg_text_before_share":"","sfsi_plus_gutenberg_show_text_before_share":"","sfsi_plus_gutenberg_icon_type":"","sfsi_plus_gutenberg_icon_alignemt":"","sfsi_plus_gutenburg_max_per_row":"","footnotes":""},"categories":[10,1,6],"tags":[],"class_list":["post-5748","post","type-post","status-publish","format-standard","has-post-thumbnail","hentry","category-destaques","category-noticias","category-sao_paulo"],"_links":{"self":[{"href":"https:\/\/noticiasregionais.com.br\/index.php?rest_route=\/wp\/v2\/posts\/5748","targetHints":{"allow":["GET"]}}],"collection":[{"href":"https:\/\/noticiasregionais.com.br\/index.php?rest_route=\/wp\/v2\/posts"}],"about":[{"href":"https:\/\/noticiasregionais.com.br\/index.php?rest_route=\/wp\/v2\/types\/post"}],"author":[{"embeddable":true,"href":"https:\/\/noticiasregionais.com.br\/index.php?rest_route=\/wp\/v2\/users\/1"}],"replies":[{"embeddable":true,"href":"https:\/\/noticiasregionais.com.br\/index.php?rest_route=%2Fwp%2Fv2%2Fcomments&post=5748"}],"version-history":[{"count":1,"href":"https:\/\/noticiasregionais.com.br\/index.php?rest_route=\/wp\/v2\/posts\/5748\/revisions"}],"predecessor-version":[{"id":5750,"href":"https:\/\/noticiasregionais.com.br\/index.php?rest_route=\/wp\/v2\/posts\/5748\/revisions\/5750"}],"wp:featuredmedia":[{"embeddable":true,"href":"https:\/\/noticiasregionais.com.br\/index.php?rest_route=\/wp\/v2\/media\/5751"}],"wp:attachment":[{"href":"https:\/\/noticiasregionais.com.br\/index.php?rest_route=%2Fwp%2Fv2%2Fmedia&parent=5748"}],"wp:term":[{"taxonomy":"category","embeddable":true,"href":"https:\/\/noticiasregionais.com.br\/index.php?rest_route=%2Fwp%2Fv2%2Fcategories&post=5748"},{"taxonomy":"post_tag","embeddable":true,"href":"https:\/\/noticiasregionais.com.br\/index.php?rest_route=%2Fwp%2Fv2%2Ftags&post=5748"}],"curies":[{"name":"wp","href":"https:\/\/api.w.org\/{rel}","templated":true}]}}