{"id":576,"date":"2023-09-27T07:06:10","date_gmt":"2023-09-27T10:06:10","guid":{"rendered":"https:\/\/noticiasregionais.com.br\/?p=576"},"modified":"2023-09-27T07:06:21","modified_gmt":"2023-09-27T10:06:21","slug":"aluno-morre-picado-por-escorpiao-e-cidade-decreta-luto-oficial","status":"publish","type":"post","link":"https:\/\/noticiasregionais.com.br\/?p=576","title":{"rendered":"Aluno morre picado por escorpi\u00e3o e cidade decreta luto oficial"},"content":{"rendered":"\n<p class=\"has-text-align-center\"><strong>Lorenzo Ben\u00edcio de Moraes Ramalho, de 5 anos, estava de chinelo quando foi beber \u00e1gua pr\u00f3ximo a uma obra de amplia\u00e7\u00e3o da escola e foi picado na manh\u00e3 da \u00faltima segunda-feira (25). Menino morreu na madrugada desta ter\u00e7a-feira (26), mesmo ap\u00f3s receber soro antiescorpi\u00f4nico em cidade vizinha.<\/strong><\/p>\n\n\n\n<p>A Prefeitura de It\u00e1polis (SP) decretou luto oficial de tr\u00eas dias pela morte de um menino de 5 anos que foi picado por um escorpi\u00e3o na escola onde estudava na cidade, , na madrugada desta ter\u00e7a-feira (26). Lorenzo Ben\u00edcio de Moraes Ramalho era aluno da EMEI Loide Portolani.<\/p>\n\n\n\n<p>Segundo a prefeitura, a crian\u00e7a estava de chinelo quando foi beber \u00e1gua em uma \u00e1rea da escola que passa por obras de amplia\u00e7\u00e3o, onde foi picado pelo escorpi\u00e3o na manh\u00e3 da \u00faltima segunda-feira (25).<\/p>\n\n\n\n<p>Lorenzo foi levado para a Santa Casa de It\u00e1polis, onde recebeu os primeiros socorros. Na sequ\u00eancia, ele foi encaminhado para Santa Casa de Ibitinga (SP) para receber o soro antiescorpi\u00f4nico. O menino n\u00e3o reagiu ao tratamento e morreu por volta de 1h desta ter\u00e7a-feira.<\/p>\n\n\n\n<p>&#8220;Para esclarecimento, o aluno foi picado por um escorpi\u00e3o, por volta das 8h30 de segunda-feira, no p\u00e1tio da escola, onde o mesmo foi prontamente socorrido. Foi encaminhado para a cidade de Ibitinga, que \u00e9 o munic\u00edpio da regi\u00e3o autorizada pelo Estado, a receber o soro antiescorpi\u00f4nico. Infelizmente, na madrugada desta ter\u00e7a-feira, o estudante veio a falecer&#8221;, diz o comunicado da Prefeitura de It\u00e1polis.<\/p>\n\n\n\n<p>Ainda na nota, a prefeitura reiterou que a escola foi dedetizada no \u00faltimo dia 4 de agosto, e que o local \u00e9 limpo diariamente. A administra\u00e7\u00e3o definiu o caso como uma &#8220;fatalidade&#8221;.<\/p>\n\n\n\n<p>&#8220;Infelizmente, nessa \u00e9poca do ano ocorre a procria\u00e7\u00e3o dos escorpi\u00f5es, e mesmo com a dedetiza\u00e7\u00e3o, a limpeza realizada, diariamente, e todos os cuidados que escola e os funcion\u00e1rios t\u00eam para com os alunos, foi uma fatalidade, e lamentamos profundamente o ocorrido&#8221;, pontuou.<\/p>\n\n\n\n<p>O munic\u00edpio ainda lamentou o falecimento e diz que se solidariza com familiares e amigos do estudante. &#8220;Nos comprometemos em dar total suporte e apoio nesse momento&#8221;.<\/p>\n\n\n\n<p>Lorenzo Ben\u00edcio de Moraes Ramalho foi sepultado no final da tarde desta ter\u00e7a-feira, na Necr\u00f3pole Municipal de It\u00e1polis.<\/p>\n<input type=\"hidden\" id=\"baseurl\" value=\"https:\/\/noticiasregionais.com.br\"><input type=\"hidden\" id=\"audio_nonce\" value=\"533fbb67b1\">","protected":false},"excerpt":{"rendered":"<p>Lorenzo Ben\u00edcio de Moraes Ramalho, de 5 anos, estava de chinelo quando foi beber \u00e1gua pr\u00f3ximo a uma obra de&hellip;<\/p>\n","protected":false},"author":1,"featured_media":577,"comment_status":"closed","ping_status":"open","sticky":false,"template":"","format":"standard","meta":{"sfsi_plus_gutenberg_text_before_share":"","sfsi_plus_gutenberg_show_text_before_share":"","sfsi_plus_gutenberg_icon_type":"","sfsi_plus_gutenberg_icon_alignemt":"","sfsi_plus_gutenburg_max_per_row":"","footnotes":""},"categories":[6,10,1],"tags":[],"class_list":["post-576","post","type-post","status-publish","format-standard","has-post-thumbnail","hentry","category-sao_paulo","category-destaques","category-noticias"],"_links":{"self":[{"href":"https:\/\/noticiasregionais.com.br\/index.php?rest_route=\/wp\/v2\/posts\/576","targetHints":{"allow":["GET"]}}],"collection":[{"href":"https:\/\/noticiasregionais.com.br\/index.php?rest_route=\/wp\/v2\/posts"}],"about":[{"href":"https:\/\/noticiasregionais.com.br\/index.php?rest_route=\/wp\/v2\/types\/post"}],"author":[{"embeddable":true,"href":"https:\/\/noticiasregionais.com.br\/index.php?rest_route=\/wp\/v2\/users\/1"}],"replies":[{"embeddable":true,"href":"https:\/\/noticiasregionais.com.br\/index.php?rest_route=%2Fwp%2Fv2%2Fcomments&post=576"}],"version-history":[{"count":1,"href":"https:\/\/noticiasregionais.com.br\/index.php?rest_route=\/wp\/v2\/posts\/576\/revisions"}],"predecessor-version":[{"id":578,"href":"https:\/\/noticiasregionais.com.br\/index.php?rest_route=\/wp\/v2\/posts\/576\/revisions\/578"}],"wp:featuredmedia":[{"embeddable":true,"href":"https:\/\/noticiasregionais.com.br\/index.php?rest_route=\/wp\/v2\/media\/577"}],"wp:attachment":[{"href":"https:\/\/noticiasregionais.com.br\/index.php?rest_route=%2Fwp%2Fv2%2Fmedia&parent=576"}],"wp:term":[{"taxonomy":"category","embeddable":true,"href":"https:\/\/noticiasregionais.com.br\/index.php?rest_route=%2Fwp%2Fv2%2Fcategories&post=576"},{"taxonomy":"post_tag","embeddable":true,"href":"https:\/\/noticiasregionais.com.br\/index.php?rest_route=%2Fwp%2Fv2%2Ftags&post=576"}],"curies":[{"name":"wp","href":"https:\/\/api.w.org\/{rel}","templated":true}]}}