{"id":5761,"date":"2025-07-14T10:36:38","date_gmt":"2025-07-14T13:36:38","guid":{"rendered":"https:\/\/noticiasregionais.com.br\/?p=5761"},"modified":"2025-07-14T10:36:41","modified_gmt":"2025-07-14T13:36:41","slug":"homem-e-preso-por-trafico-de-drogas-e-veiculo-e-apreendido-em-ribeirao-do-pinhal","status":"publish","type":"post","link":"https:\/\/noticiasregionais.com.br\/?p=5761","title":{"rendered":"Homem \u00e9 preso por tr\u00e1fico de drogas e ve\u00edculo \u00e9 apreendido em Ribeir\u00e3o do Pinhal"},"content":{"rendered":"\n<h3 class=\"wp-block-heading has-text-align-center\"><em>Ocorr\u00eancia foi registrada durante patrulhamento da Opera\u00e7\u00e3o Cidade Segura no bairro Vila Domingues<\/em><\/h3>\n\n\n\n<p>A Pol\u00edcia Militar prendeu um homem por tr\u00e1fico de drogas na noite desta segunda-feira (data n\u00e3o divulgada), no bairro Vila Domingues, em Ribeir\u00e3o do Pinhal (PR).  A a\u00e7\u00e3o ocorreu durante patrulhamento de rotina no \u00e2mbito da <em>Opera\u00e7\u00e3o Cidade Segura<\/em>.<\/p>\n\n\n\n<p>Segundo a PM, os policiais deram ordem de parada a um ve\u00edculo Fiat Uno de cor prata, com cap\u00f4 preto, ap\u00f3s constatarem que o condutor trafegava sem o uso do cinto de seguran\u00e7a. O motorista, no entanto, n\u00e3o acatou de imediato a ordem e s\u00f3 estacionou cerca de 300 metros depois.<\/p>\n\n\n\n<p>Durante a abordagem, o suspeito apresentou nervosismo e foi flagrado tentando dispensar um objeto dentro do carro. Na revista pessoal, nada de il\u00edcito foi encontrado, mas em sua carteira havia R$ 1.559,00 em esp\u00e9cie. No interior do ve\u00edculo, ao lado do banco do motorista, os policiais localizaram duas por\u00e7\u00f5es de subst\u00e2ncia semelhante ao crack, totalizando 27,2 gramas.<\/p>\n\n\n\n<p>Questionado, o homem alegou ser usu\u00e1rio e afirmou ter comprado a droga por R$ 1 mil. Apesar da justificativa, o volume e as circunst\u00e2ncias da apreens\u00e3o caracterizaram o crime de tr\u00e1fico de entorpecentes.<\/p>\n\n\n\n<p>O suspeito foi encaminhado inicialmente ao pronto-socorro para avalia\u00e7\u00e3o m\u00e9dica e, em seguida, levado \u00e0 Delegacia de Pol\u00edcia Civil de Ribeir\u00e3o do Pinhal. Al\u00e9m da droga, tamb\u00e9m foram apreendidos o ve\u00edculo, um aparelho celular e o dinheiro encontrado com o abordado. Autos de infra\u00e7\u00e3o de tr\u00e2nsito tamb\u00e9m foram lavrados.<\/p>\n\n\n\n<p>O detido esteve acompanhado de seu advogado durante todo o procedimento na delegacia. O caso segue agora sob investiga\u00e7\u00e3o da Pol\u00edcia Civil.<\/p>\n\n\n\n<figure class=\"wp-block-gallery has-nested-images columns-default is-cropped wp-block-gallery-1 is-layout-flex wp-block-gallery-is-layout-flex\">\n<figure data-wp-context=\"{&quot;imageId&quot;:&quot;69ee33da063bc&quot;}\" data-wp-interactive=\"core\/image\" data-wp-key=\"69ee33da063bc\" class=\"wp-block-image size-large wp-lightbox-container\"><img decoding=\"async\" width=\"1024\" height=\"676\" data-wp-class--hide=\"state.isContentHidden\" data-wp-class--show=\"state.isContentVisible\" data-wp-init=\"callbacks.setButtonStyles\" data-wp-on--click=\"actions.showLightbox\" data-wp-on--load=\"callbacks.setButtonStyles\" data-wp-on-window--resize=\"callbacks.setButtonStyles\" data-id=\"5764\" src=\"https:\/\/noticiasregionais.com.br\/wp-content\/uploads\/2025\/07\/WhatsApp-Image-2025-07-14-at-09.45.38-1024x676.jpeg\" alt=\"\" class=\"wp-image-5764\" srcset=\"https:\/\/noticiasregionais.com.br\/wp-content\/uploads\/2025\/07\/WhatsApp-Image-2025-07-14-at-09.45.38-1024x676.jpeg 1024w, https:\/\/noticiasregionais.com.br\/wp-content\/uploads\/2025\/07\/WhatsApp-Image-2025-07-14-at-09.45.38-300x198.jpeg 300w, https:\/\/noticiasregionais.com.br\/wp-content\/uploads\/2025\/07\/WhatsApp-Image-2025-07-14-at-09.45.38-768x507.jpeg 768w, https:\/\/noticiasregionais.com.br\/wp-content\/uploads\/2025\/07\/WhatsApp-Image-2025-07-14-at-09.45.38.jpeg 1090w\" sizes=\"(max-width: 1024px) 100vw, 1024px\" \/><button\n\t\t\tclass=\"lightbox-trigger\"\n\t\t\ttype=\"button\"\n\t\t\taria-haspopup=\"dialog\"\n\t\t\taria-label=\"Ampliar\"\n\t\t\tdata-wp-init=\"callbacks.initTriggerButton\"\n\t\t\tdata-wp-on--click=\"actions.showLightbox\"\n\t\t\tdata-wp-style--right=\"state.imageButtonRight\"\n\t\t\tdata-wp-style--top=\"state.imageButtonTop\"\n\t\t>\n\t\t\t<svg xmlns=\"http:\/\/www.w3.org\/2000\/svg\" width=\"12\" height=\"12\" fill=\"none\" viewBox=\"0 0 12 12\">\n\t\t\t\t<path fill=\"#fff\" d=\"M2 0a2 2 0 0 0-2 2v2h1.5V2a.5.5 0 0 1 .5-.5h2V0H2Zm2 10.5H2a.5.5 0 0 1-.5-.5V8H0v2a2 2 0 0 0 2 2h2v-1.5ZM8 12v-1.5h2a.5.5 0 0 0 .5-.5V8H12v2a2 2 0 0 1-2 2H8Zm2-12a2 2 0 0 1 2 2v2h-1.5V2a.5.5 0 0 0-.5-.5H8V0h2Z\" \/>\n\t\t\t<\/svg>\n\t\t<\/button><\/figure>\n\n\n\n<figure data-wp-context=\"{&quot;imageId&quot;:&quot;69ee33da06704&quot;}\" data-wp-interactive=\"core\/image\" data-wp-key=\"69ee33da06704\" class=\"wp-block-image size-large wp-lightbox-container\"><img decoding=\"async\" width=\"524\" height=\"700\" data-wp-class--hide=\"state.isContentHidden\" data-wp-class--show=\"state.isContentVisible\" data-wp-init=\"callbacks.setButtonStyles\" data-wp-on--click=\"actions.showLightbox\" data-wp-on--load=\"callbacks.setButtonStyles\" data-wp-on-window--resize=\"callbacks.setButtonStyles\" data-id=\"5763\" src=\"https:\/\/noticiasregionais.com.br\/wp-content\/uploads\/2025\/07\/WhatsApp-Image-2025-07-14-at-09.45.53.jpeg\" alt=\"\" class=\"wp-image-5763\" srcset=\"https:\/\/noticiasregionais.com.br\/wp-content\/uploads\/2025\/07\/WhatsApp-Image-2025-07-14-at-09.45.53.jpeg 524w, https:\/\/noticiasregionais.com.br\/wp-content\/uploads\/2025\/07\/WhatsApp-Image-2025-07-14-at-09.45.53-225x300.jpeg 225w\" sizes=\"(max-width: 524px) 100vw, 524px\" \/><button\n\t\t\tclass=\"lightbox-trigger\"\n\t\t\ttype=\"button\"\n\t\t\taria-haspopup=\"dialog\"\n\t\t\taria-label=\"Ampliar\"\n\t\t\tdata-wp-init=\"callbacks.initTriggerButton\"\n\t\t\tdata-wp-on--click=\"actions.showLightbox\"\n\t\t\tdata-wp-style--right=\"state.imageButtonRight\"\n\t\t\tdata-wp-style--top=\"state.imageButtonTop\"\n\t\t>\n\t\t\t<svg xmlns=\"http:\/\/www.w3.org\/2000\/svg\" width=\"12\" height=\"12\" fill=\"none\" viewBox=\"0 0 12 12\">\n\t\t\t\t<path fill=\"#fff\" d=\"M2 0a2 2 0 0 0-2 2v2h1.5V2a.5.5 0 0 1 .5-.5h2V0H2Zm2 10.5H2a.5.5 0 0 1-.5-.5V8H0v2a2 2 0 0 0 2 2h2v-1.5ZM8 12v-1.5h2a.5.5 0 0 0 .5-.5V8H12v2a2 2 0 0 1-2 2H8Zm2-12a2 2 0 0 1 2 2v2h-1.5V2a.5.5 0 0 0-.5-.5H8V0h2Z\" \/>\n\t\t\t<\/svg>\n\t\t<\/button><\/figure>\n<\/figure>\n<input type=\"hidden\" id=\"baseurl\" value=\"https:\/\/noticiasregionais.com.br\"><input type=\"hidden\" id=\"audio_nonce\" value=\"533fbb67b1\">","protected":false},"excerpt":{"rendered":"<p>Ocorr\u00eancia foi registrada durante patrulhamento da Opera\u00e7\u00e3o Cidade Segura no bairro Vila Domingues A Pol\u00edcia Militar prendeu um homem por&hellip;<\/p>\n","protected":false},"author":1,"featured_media":5762,"comment_status":"closed","ping_status":"open","sticky":false,"template":"","format":"standard","meta":{"sfsi_plus_gutenberg_text_before_share":"","sfsi_plus_gutenberg_show_text_before_share":"","sfsi_plus_gutenberg_icon_type":"","sfsi_plus_gutenberg_icon_alignemt":"","sfsi_plus_gutenburg_max_per_row":"","footnotes":""},"categories":[10,1,7],"tags":[53],"class_list":["post-5761","post","type-post","status-publish","format-standard","has-post-thumbnail","hentry","category-destaques","category-noticias","category-parana","tag-ribeirao_do_pinhal"],"_links":{"self":[{"href":"https:\/\/noticiasregionais.com.br\/index.php?rest_route=\/wp\/v2\/posts\/5761","targetHints":{"allow":["GET"]}}],"collection":[{"href":"https:\/\/noticiasregionais.com.br\/index.php?rest_route=\/wp\/v2\/posts"}],"about":[{"href":"https:\/\/noticiasregionais.com.br\/index.php?rest_route=\/wp\/v2\/types\/post"}],"author":[{"embeddable":true,"href":"https:\/\/noticiasregionais.com.br\/index.php?rest_route=\/wp\/v2\/users\/1"}],"replies":[{"embeddable":true,"href":"https:\/\/noticiasregionais.com.br\/index.php?rest_route=%2Fwp%2Fv2%2Fcomments&post=5761"}],"version-history":[{"count":1,"href":"https:\/\/noticiasregionais.com.br\/index.php?rest_route=\/wp\/v2\/posts\/5761\/revisions"}],"predecessor-version":[{"id":5765,"href":"https:\/\/noticiasregionais.com.br\/index.php?rest_route=\/wp\/v2\/posts\/5761\/revisions\/5765"}],"wp:featuredmedia":[{"embeddable":true,"href":"https:\/\/noticiasregionais.com.br\/index.php?rest_route=\/wp\/v2\/media\/5762"}],"wp:attachment":[{"href":"https:\/\/noticiasregionais.com.br\/index.php?rest_route=%2Fwp%2Fv2%2Fmedia&parent=5761"}],"wp:term":[{"taxonomy":"category","embeddable":true,"href":"https:\/\/noticiasregionais.com.br\/index.php?rest_route=%2Fwp%2Fv2%2Fcategories&post=5761"},{"taxonomy":"post_tag","embeddable":true,"href":"https:\/\/noticiasregionais.com.br\/index.php?rest_route=%2Fwp%2Fv2%2Ftags&post=5761"}],"curies":[{"name":"wp","href":"https:\/\/api.w.org\/{rel}","templated":true}]}}