{"id":5766,"date":"2025-07-14T10:54:15","date_gmt":"2025-07-14T13:54:15","guid":{"rendered":"https:\/\/noticiasregionais.com.br\/?p=5766"},"modified":"2025-07-14T10:54:27","modified_gmt":"2025-07-14T13:54:27","slug":"policia-rodoviaria-prende-quatro-pessoas-por-descaminho-na-sp-225-em-santa-cruz-do-rio-pardo","status":"publish","type":"post","link":"https:\/\/noticiasregionais.com.br\/?p=5766","title":{"rendered":"Pol\u00edcia Rodovi\u00e1ria prende quatro pessoas por descaminho na SP-225, em Santa Cruz do Rio Pardo"},"content":{"rendered":"\n<h3 class=\"wp-block-heading has-text-align-center\"><em>Mercadorias avaliadas em mais de R$ 76 mil foram apreendidas; ocorr\u00eancia foi encaminhada \u00e0 Receita Federal<\/em><\/h3>\n\n\n\n<p>Durante a manh\u00e3 do dia 16 de maio de 2023, a Pol\u00edcia Militar Rodovi\u00e1ria prendeu quatro pessoas por envolvimento em crime de descaminho, na Rodovia Jo\u00e3o Batista Cabral Renn\u00f3 (SP-225), na altura do km 301, em Santa Cruz do Rio Pardo, interior de S\u00e3o Paulo.<\/p>\n\n\n\n<p>A a\u00e7\u00e3o ocorreu no \u00e2mbito da <strong>Opera\u00e7\u00e3o Impacto<\/strong>, que visa o combate a crimes diversos nas rodovias do estado. Por volta das 8h20, uma equipe abordou um ve\u00edculo Fiat Toro com quatro ocupantes \u2013 o condutor e tr\u00eas passageiros \u2013 para fiscaliza\u00e7\u00e3o de rotina.<\/p>\n\n\n\n<p>Durante a vistoria no autom\u00f3vel, os policiais localizaram diversas mercadorias de origem estrangeira, todas sem a devida documenta\u00e7\u00e3o fiscal. Entre os itens apreendidos estavam <strong>27 garrafas de bebidas variadas<\/strong>, <strong>123 frascos de perfumes e cosm\u00e9ticos diversos<\/strong>, al\u00e9m de <strong>26 equipamentos eletr\u00f4nicos<\/strong>. De acordo com a corpora\u00e7\u00e3o, os produtos foram trazidos do Paraguai de forma irregular e estavam sendo transportados sem comprova\u00e7\u00e3o legal.<\/p>\n\n\n\n<p>A carga foi avaliada em <strong>R$ 76.456,00<\/strong> e, junto com o ve\u00edculo, foi encaminhada \u00e0 <strong>Receita Federal de Bauru (SP)<\/strong>, onde permanecer\u00e1 apreendida para os devidos procedimentos legais.<\/p>\n\n\n\n<p>Os quatro ocupantes do ve\u00edculo n\u00e3o possu\u00edam antecedentes criminais e foram liberados ap\u00f3s prestarem depoimento. O caso segue sob responsabilidade da Receita Federal, que dar\u00e1 continuidade \u00e0 investiga\u00e7\u00e3o e \u00e0 destina\u00e7\u00e3o das mercadorias.<\/p>\n\n\n\n<p>O crime de descaminho, previsto no artigo 334 do C\u00f3digo Penal, refere-se \u00e0 entrada ou sa\u00edda de produtos no pa\u00eds sem o pagamento de tributos devidos, sendo pass\u00edvel de puni\u00e7\u00e3o com reclus\u00e3o de um a quatro anos.<\/p>\n<input type=\"hidden\" id=\"baseurl\" value=\"https:\/\/noticiasregionais.com.br\"><input type=\"hidden\" id=\"audio_nonce\" value=\"533fbb67b1\">","protected":false},"excerpt":{"rendered":"<p>Mercadorias avaliadas em mais de R$ 76 mil foram apreendidas; ocorr\u00eancia foi encaminhada \u00e0 Receita Federal Durante a manh\u00e3 do&hellip;<\/p>\n","protected":false},"author":1,"featured_media":5767,"comment_status":"closed","ping_status":"open","sticky":false,"template":"","format":"standard","meta":{"sfsi_plus_gutenberg_text_before_share":"","sfsi_plus_gutenberg_show_text_before_share":"","sfsi_plus_gutenberg_icon_type":"","sfsi_plus_gutenberg_icon_alignemt":"","sfsi_plus_gutenburg_max_per_row":"","footnotes":""},"categories":[10,1,6],"tags":[17],"class_list":["post-5766","post","type-post","status-publish","format-standard","has-post-thumbnail","hentry","category-destaques","category-noticias","category-sao_paulo","tag-santa_cruz"],"_links":{"self":[{"href":"https:\/\/noticiasregionais.com.br\/index.php?rest_route=\/wp\/v2\/posts\/5766","targetHints":{"allow":["GET"]}}],"collection":[{"href":"https:\/\/noticiasregionais.com.br\/index.php?rest_route=\/wp\/v2\/posts"}],"about":[{"href":"https:\/\/noticiasregionais.com.br\/index.php?rest_route=\/wp\/v2\/types\/post"}],"author":[{"embeddable":true,"href":"https:\/\/noticiasregionais.com.br\/index.php?rest_route=\/wp\/v2\/users\/1"}],"replies":[{"embeddable":true,"href":"https:\/\/noticiasregionais.com.br\/index.php?rest_route=%2Fwp%2Fv2%2Fcomments&post=5766"}],"version-history":[{"count":1,"href":"https:\/\/noticiasregionais.com.br\/index.php?rest_route=\/wp\/v2\/posts\/5766\/revisions"}],"predecessor-version":[{"id":5768,"href":"https:\/\/noticiasregionais.com.br\/index.php?rest_route=\/wp\/v2\/posts\/5766\/revisions\/5768"}],"wp:featuredmedia":[{"embeddable":true,"href":"https:\/\/noticiasregionais.com.br\/index.php?rest_route=\/wp\/v2\/media\/5767"}],"wp:attachment":[{"href":"https:\/\/noticiasregionais.com.br\/index.php?rest_route=%2Fwp%2Fv2%2Fmedia&parent=5766"}],"wp:term":[{"taxonomy":"category","embeddable":true,"href":"https:\/\/noticiasregionais.com.br\/index.php?rest_route=%2Fwp%2Fv2%2Fcategories&post=5766"},{"taxonomy":"post_tag","embeddable":true,"href":"https:\/\/noticiasregionais.com.br\/index.php?rest_route=%2Fwp%2Fv2%2Ftags&post=5766"}],"curies":[{"name":"wp","href":"https:\/\/api.w.org\/{rel}","templated":true}]}}