{"id":5770,"date":"2025-07-14T14:28:17","date_gmt":"2025-07-14T17:28:17","guid":{"rendered":"https:\/\/noticiasregionais.com.br\/?p=5770"},"modified":"2025-07-14T14:28:21","modified_gmt":"2025-07-14T17:28:21","slug":"equipe-k9-do-13o-baep-apreende-quase-11-kg-de-maconha-em-fiscalizacao-na-rodoviaria-de-ourinhos","status":"publish","type":"post","link":"https:\/\/noticiasregionais.com.br\/?p=5770","title":{"rendered":"Equipe K9 do 13\u00ba BAEP apreende quase 11 kg de maconha em fiscaliza\u00e7\u00e3o na Rodovi\u00e1ria de Ourinhos"},"content":{"rendered":"\n<p>Na manh\u00e3 desta segunda-feira (14), a Pol\u00edcia Militar, por meio da equipe K9 do 13\u00ba BAEP (Batalh\u00e3o de A\u00e7\u00f5es Especiais de Pol\u00edcia), realizou uma importante apreens\u00e3o de drogas durante uma opera\u00e7\u00e3o de fiscaliza\u00e7\u00e3o de \u00f4nibus de passageiros no Terminal Rodovi\u00e1rio de Ourinhos, localizado na Rua Santa Catarina, Vila Perino.<\/p>\n\n\n\n<p>Durante a opera\u00e7\u00e3o, que teve in\u00edcio por volta das 10h30, o c\u00e3o farejador da equipe indicou a presen\u00e7a de entorpecentes em uma das malas armazenadas no bagageiro de um \u00f4nibus que fazia a linha Campo Grande (MS) \u2013 S\u00e3o Paulo (SP), da empresa Andorinha. Ap\u00f3s a indica\u00e7\u00e3o, todas as bagagens foram retiradas do ve\u00edculo e dispostas no ch\u00e3o, possibilitando uma nova varredura do c\u00e3o, que voltou a sinalizar a mesma mala suspeita.<\/p>\n\n\n\n<p>Com o apoio do motorista e do fiscal da empresa, os policiais identificaram a propriet\u00e1ria da bagagem por meio da etiqueta fixada na mala e localizaram a passageira na poltrona correspondente. A jovem, identificada como G.F.A., de 20 anos, foi abordada ainda dentro do coletivo.<\/p>\n\n\n\n<p>Na presen\u00e7a da suspeita, a mala foi aberta e, em seu interior, os policiais encontraram 10 tijolos de maconha, totalizando 10,984 quilos da droga. Os entorpecentes estavam envoltos em p\u00f3 de caf\u00e9, numa tentativa de mascarar o cheiro e dificultar a a\u00e7\u00e3o dos c\u00e3es farejadores.<\/p>\n\n\n\n<p>Diante da materialidade e da autoria do crime, G.F.A. recebeu voz de pris\u00e3o em flagrante por tr\u00e1fico de drogas, conforme previsto no artigo 33 da Lei n\u00ba 11.343\/06. Ela foi encaminhada, junto com o material apreendido, \u00e0 DISE (Delegacia de Investiga\u00e7\u00f5es sobre Entorpecentes) de Ourinhos. A autoridade policial de plant\u00e3o ratificou a pris\u00e3o, e a indiciada foi recolhida ao sistema prisional, onde permanece \u00e0 disposi\u00e7\u00e3o da Justi\u00e7a.<\/p>\n\n\n\n<p>A a\u00e7\u00e3o refor\u00e7a a efic\u00e1cia das opera\u00e7\u00f5es de fiscaliza\u00e7\u00e3o em terminais de transporte e o trabalho especializado da equipe K9 no combate ao tr\u00e1fico interestadual de drogas.<\/p>\n\n\n\n<figure class=\"wp-block-gallery has-nested-images columns-default is-cropped wp-block-gallery-1 is-layout-flex wp-block-gallery-is-layout-flex\">\n<figure data-wp-context=\"{&quot;imageId&quot;:&quot;69ee5e150103b&quot;}\" data-wp-interactive=\"core\/image\" data-wp-key=\"69ee5e150103b\" class=\"wp-block-image size-large wp-lightbox-container\"><img decoding=\"async\" width=\"768\" height=\"1024\" data-wp-class--hide=\"state.isContentHidden\" data-wp-class--show=\"state.isContentVisible\" data-wp-init=\"callbacks.setButtonStyles\" data-wp-on--click=\"actions.showLightbox\" data-wp-on--load=\"callbacks.setButtonStyles\" data-wp-on-window--resize=\"callbacks.setButtonStyles\" data-id=\"5773\" src=\"https:\/\/noticiasregionais.com.br\/wp-content\/uploads\/2025\/07\/WhatsApp-Image-2025-07-14-at-13.54.37-768x1024.jpeg\" alt=\"\" class=\"wp-image-5773\" srcset=\"https:\/\/noticiasregionais.com.br\/wp-content\/uploads\/2025\/07\/WhatsApp-Image-2025-07-14-at-13.54.37-768x1024.jpeg 768w, https:\/\/noticiasregionais.com.br\/wp-content\/uploads\/2025\/07\/WhatsApp-Image-2025-07-14-at-13.54.37-225x300.jpeg 225w, https:\/\/noticiasregionais.com.br\/wp-content\/uploads\/2025\/07\/WhatsApp-Image-2025-07-14-at-13.54.37-1152x1536.jpeg 1152w, https:\/\/noticiasregionais.com.br\/wp-content\/uploads\/2025\/07\/WhatsApp-Image-2025-07-14-at-13.54.37.jpeg 1200w\" sizes=\"(max-width: 768px) 100vw, 768px\" \/><button\n\t\t\tclass=\"lightbox-trigger\"\n\t\t\ttype=\"button\"\n\t\t\taria-haspopup=\"dialog\"\n\t\t\taria-label=\"Ampliar\"\n\t\t\tdata-wp-init=\"callbacks.initTriggerButton\"\n\t\t\tdata-wp-on--click=\"actions.showLightbox\"\n\t\t\tdata-wp-style--right=\"state.imageButtonRight\"\n\t\t\tdata-wp-style--top=\"state.imageButtonTop\"\n\t\t>\n\t\t\t<svg xmlns=\"http:\/\/www.w3.org\/2000\/svg\" width=\"12\" height=\"12\" fill=\"none\" viewBox=\"0 0 12 12\">\n\t\t\t\t<path fill=\"#fff\" d=\"M2 0a2 2 0 0 0-2 2v2h1.5V2a.5.5 0 0 1 .5-.5h2V0H2Zm2 10.5H2a.5.5 0 0 1-.5-.5V8H0v2a2 2 0 0 0 2 2h2v-1.5ZM8 12v-1.5h2a.5.5 0 0 0 .5-.5V8H12v2a2 2 0 0 1-2 2H8Zm2-12a2 2 0 0 1 2 2v2h-1.5V2a.5.5 0 0 0-.5-.5H8V0h2Z\" \/>\n\t\t\t<\/svg>\n\t\t<\/button><\/figure>\n\n\n\n<figure data-wp-context=\"{&quot;imageId&quot;:&quot;69ee5e150155e&quot;}\" data-wp-interactive=\"core\/image\" data-wp-key=\"69ee5e150155e\" class=\"wp-block-image size-large wp-lightbox-container\"><img decoding=\"async\" width=\"768\" height=\"1024\" data-wp-class--hide=\"state.isContentHidden\" data-wp-class--show=\"state.isContentVisible\" data-wp-init=\"callbacks.setButtonStyles\" data-wp-on--click=\"actions.showLightbox\" data-wp-on--load=\"callbacks.setButtonStyles\" data-wp-on-window--resize=\"callbacks.setButtonStyles\" data-id=\"5772\" src=\"https:\/\/noticiasregionais.com.br\/wp-content\/uploads\/2025\/07\/WhatsApp-Image-2025-07-14-at-13.54.36-768x1024.jpeg\" alt=\"\" class=\"wp-image-5772\" srcset=\"https:\/\/noticiasregionais.com.br\/wp-content\/uploads\/2025\/07\/WhatsApp-Image-2025-07-14-at-13.54.36-768x1024.jpeg 768w, https:\/\/noticiasregionais.com.br\/wp-content\/uploads\/2025\/07\/WhatsApp-Image-2025-07-14-at-13.54.36-225x300.jpeg 225w, https:\/\/noticiasregionais.com.br\/wp-content\/uploads\/2025\/07\/WhatsApp-Image-2025-07-14-at-13.54.36-1152x1536.jpeg 1152w, https:\/\/noticiasregionais.com.br\/wp-content\/uploads\/2025\/07\/WhatsApp-Image-2025-07-14-at-13.54.36.jpeg 1200w\" sizes=\"(max-width: 768px) 100vw, 768px\" \/><button\n\t\t\tclass=\"lightbox-trigger\"\n\t\t\ttype=\"button\"\n\t\t\taria-haspopup=\"dialog\"\n\t\t\taria-label=\"Ampliar\"\n\t\t\tdata-wp-init=\"callbacks.initTriggerButton\"\n\t\t\tdata-wp-on--click=\"actions.showLightbox\"\n\t\t\tdata-wp-style--right=\"state.imageButtonRight\"\n\t\t\tdata-wp-style--top=\"state.imageButtonTop\"\n\t\t>\n\t\t\t<svg xmlns=\"http:\/\/www.w3.org\/2000\/svg\" width=\"12\" height=\"12\" fill=\"none\" viewBox=\"0 0 12 12\">\n\t\t\t\t<path fill=\"#fff\" d=\"M2 0a2 2 0 0 0-2 2v2h1.5V2a.5.5 0 0 1 .5-.5h2V0H2Zm2 10.5H2a.5.5 0 0 1-.5-.5V8H0v2a2 2 0 0 0 2 2h2v-1.5ZM8 12v-1.5h2a.5.5 0 0 0 .5-.5V8H12v2a2 2 0 0 1-2 2H8Zm2-12a2 2 0 0 1 2 2v2h-1.5V2a.5.5 0 0 0-.5-.5H8V0h2Z\" \/>\n\t\t\t<\/svg>\n\t\t<\/button><\/figure>\n\n\n\n<figure data-wp-context=\"{&quot;imageId&quot;:&quot;69ee5e15019e3&quot;}\" data-wp-interactive=\"core\/image\" data-wp-key=\"69ee5e15019e3\" class=\"wp-block-image size-large wp-lightbox-container\"><img decoding=\"async\" width=\"768\" height=\"1024\" data-wp-class--hide=\"state.isContentHidden\" data-wp-class--show=\"state.isContentVisible\" data-wp-init=\"callbacks.setButtonStyles\" data-wp-on--click=\"actions.showLightbox\" data-wp-on--load=\"callbacks.setButtonStyles\" data-wp-on-window--resize=\"callbacks.setButtonStyles\" data-id=\"5774\" src=\"https:\/\/noticiasregionais.com.br\/wp-content\/uploads\/2025\/07\/WhatsApp-Image-2025-07-14-at-13.54.36-2-768x1024.jpeg\" alt=\"\" class=\"wp-image-5774\" srcset=\"https:\/\/noticiasregionais.com.br\/wp-content\/uploads\/2025\/07\/WhatsApp-Image-2025-07-14-at-13.54.36-2-768x1024.jpeg 768w, https:\/\/noticiasregionais.com.br\/wp-content\/uploads\/2025\/07\/WhatsApp-Image-2025-07-14-at-13.54.36-2-225x300.jpeg 225w, https:\/\/noticiasregionais.com.br\/wp-content\/uploads\/2025\/07\/WhatsApp-Image-2025-07-14-at-13.54.36-2-1152x1536.jpeg 1152w, https:\/\/noticiasregionais.com.br\/wp-content\/uploads\/2025\/07\/WhatsApp-Image-2025-07-14-at-13.54.36-2.jpeg 1200w\" sizes=\"(max-width: 768px) 100vw, 768px\" \/><button\n\t\t\tclass=\"lightbox-trigger\"\n\t\t\ttype=\"button\"\n\t\t\taria-haspopup=\"dialog\"\n\t\t\taria-label=\"Ampliar\"\n\t\t\tdata-wp-init=\"callbacks.initTriggerButton\"\n\t\t\tdata-wp-on--click=\"actions.showLightbox\"\n\t\t\tdata-wp-style--right=\"state.imageButtonRight\"\n\t\t\tdata-wp-style--top=\"state.imageButtonTop\"\n\t\t>\n\t\t\t<svg xmlns=\"http:\/\/www.w3.org\/2000\/svg\" width=\"12\" height=\"12\" fill=\"none\" viewBox=\"0 0 12 12\">\n\t\t\t\t<path fill=\"#fff\" d=\"M2 0a2 2 0 0 0-2 2v2h1.5V2a.5.5 0 0 1 .5-.5h2V0H2Zm2 10.5H2a.5.5 0 0 1-.5-.5V8H0v2a2 2 0 0 0 2 2h2v-1.5ZM8 12v-1.5h2a.5.5 0 0 0 .5-.5V8H12v2a2 2 0 0 1-2 2H8Zm2-12a2 2 0 0 1 2 2v2h-1.5V2a.5.5 0 0 0-.5-.5H8V0h2Z\" \/>\n\t\t\t<\/svg>\n\t\t<\/button><\/figure>\n<\/figure>\n<input type=\"hidden\" id=\"baseurl\" value=\"https:\/\/noticiasregionais.com.br\"><input type=\"hidden\" id=\"audio_nonce\" value=\"533fbb67b1\">","protected":false},"excerpt":{"rendered":"<p>Na manh\u00e3 desta segunda-feira (14), a Pol\u00edcia Militar, por meio da equipe K9 do 13\u00ba BAEP (Batalh\u00e3o de A\u00e7\u00f5es Especiais&hellip;<\/p>\n","protected":false},"author":1,"featured_media":5771,"comment_status":"closed","ping_status":"open","sticky":false,"template":"","format":"standard","meta":{"sfsi_plus_gutenberg_text_before_share":"","sfsi_plus_gutenberg_show_text_before_share":"","sfsi_plus_gutenberg_icon_type":"","sfsi_plus_gutenberg_icon_alignemt":"","sfsi_plus_gutenburg_max_per_row":"","footnotes":""},"categories":[12,1,5],"tags":[16],"class_list":["post-5770","post","type-post","status-publish","format-standard","has-post-thumbnail","hentry","category-capa","category-noticias","category-ourinhos","tag-ourinhos"],"_links":{"self":[{"href":"https:\/\/noticiasregionais.com.br\/index.php?rest_route=\/wp\/v2\/posts\/5770","targetHints":{"allow":["GET"]}}],"collection":[{"href":"https:\/\/noticiasregionais.com.br\/index.php?rest_route=\/wp\/v2\/posts"}],"about":[{"href":"https:\/\/noticiasregionais.com.br\/index.php?rest_route=\/wp\/v2\/types\/post"}],"author":[{"embeddable":true,"href":"https:\/\/noticiasregionais.com.br\/index.php?rest_route=\/wp\/v2\/users\/1"}],"replies":[{"embeddable":true,"href":"https:\/\/noticiasregionais.com.br\/index.php?rest_route=%2Fwp%2Fv2%2Fcomments&post=5770"}],"version-history":[{"count":1,"href":"https:\/\/noticiasregionais.com.br\/index.php?rest_route=\/wp\/v2\/posts\/5770\/revisions"}],"predecessor-version":[{"id":5775,"href":"https:\/\/noticiasregionais.com.br\/index.php?rest_route=\/wp\/v2\/posts\/5770\/revisions\/5775"}],"wp:featuredmedia":[{"embeddable":true,"href":"https:\/\/noticiasregionais.com.br\/index.php?rest_route=\/wp\/v2\/media\/5771"}],"wp:attachment":[{"href":"https:\/\/noticiasregionais.com.br\/index.php?rest_route=%2Fwp%2Fv2%2Fmedia&parent=5770"}],"wp:term":[{"taxonomy":"category","embeddable":true,"href":"https:\/\/noticiasregionais.com.br\/index.php?rest_route=%2Fwp%2Fv2%2Fcategories&post=5770"},{"taxonomy":"post_tag","embeddable":true,"href":"https:\/\/noticiasregionais.com.br\/index.php?rest_route=%2Fwp%2Fv2%2Ftags&post=5770"}],"curies":[{"name":"wp","href":"https:\/\/api.w.org\/{rel}","templated":true}]}}