{"id":5779,"date":"2025-07-16T21:53:18","date_gmt":"2025-07-17T00:53:18","guid":{"rendered":"https:\/\/noticiasregionais.com.br\/?p=5779"},"modified":"2025-07-16T21:53:22","modified_gmt":"2025-07-17T00:53:22","slug":"ourinhos-recebe-a-67a-edicao-dos-jogos-regionais-e-se-transforma-no-centro-do-esporte-paulista","status":"publish","type":"post","link":"https:\/\/noticiasregionais.com.br\/?p=5779","title":{"rendered":"Ourinhos recebe a 67\u00aa edi\u00e7\u00e3o dos Jogos Regionais e se transforma no centro do esporte paulista"},"content":{"rendered":"\n<h3 class=\"wp-block-heading has-text-align-center\">Cidade vai sediar 24 modalidades e espera mais de 6 mil pessoas durante o evento<\/h3>\n\n\n\n<p>Ourinhos ser\u00e1 palco da 67\u00aa edi\u00e7\u00e3o dos Jogos Regionais da 7\u00aa Regi\u00e3o Esportiva do Estado de S\u00e3o Paulo, que acontece entre os dias 16 e 26 de julho. Durante dez dias, o munic\u00edpio se transformar\u00e1 no principal centro esportivo do interior paulista, reunindo aproximadamente 6 mil pessoas entre atletas, t\u00e9cnicos, \u00e1rbitros e membros das comiss\u00f5es organizadoras, representando 64 munic\u00edpios \u2014 o maior n\u00famero de participantes entre todas as regi\u00f5es do Estado.<\/p>\n\n\n\n<p>A abertura oficial est\u00e1 marcada para o dia 20 de julho (domingo), \u00e0s 18h, no Gin\u00e1sio Jos\u00e9 Maria Paschoalik (Monstrinho). O evento promete uma cerim\u00f4nia vibrante, reunindo delega\u00e7\u00f5es de diversas cidades para celebrar o esporte, a integra\u00e7\u00e3o e a supera\u00e7\u00e3o.<\/p>\n\n\n\n<p>Representada por 300 atletas, a delega\u00e7\u00e3o de Ourinhos participar\u00e1 de 23 das 24 modalidades em disputa, com exce\u00e7\u00e3o do biribol. A cidade tem boas expectativas de desempenho em modalidades como basquete feminino, basquete 3&#215;3, t\u00eanis de mesa, futsal, bocha, malha, karat\u00ea e gin\u00e1stica art\u00edstica.<\/p>\n\n\n\n<p>As competi\u00e7\u00f5es ocorrer\u00e3o em diversos pontos da cidade, com infraestrutura preparada para receber o p\u00fablico e os atletas. Os locais incluem: ADPM, Gin\u00e1sio Monstrinho, Gin\u00e1sio Comunit\u00e1rio, SESI, Clube Atl\u00e9tico Ourinhense, Gin\u00e1sio Diacu\u00ed, Campo Miguel Cury, CSU, Parque Olavo Ferreira de S\u00e1 (FAPI), Arena Kb\u00e7a, al\u00e9m de instala\u00e7\u00f5es esportivas em Salto Grande e Canitar, cidades vizinhas que tamb\u00e9m participar\u00e3o da estrutura de apoio ao evento.<\/p>\n\n\n\n<p>Para garantir conforto e seguran\u00e7a \u00e0s delega\u00e7\u00f5es, 35 escolas p\u00fablicas foram adaptadas para funcionar como alojamentos tempor\u00e1rios para atletas e equipes de apoio.<\/p>\n\n\n\n<p>O secret\u00e1rio municipal de Esportes, Danilo Ferreira, destacou o orgulho de sediar novamente os Jogos em Ourinhos. \u201c\u00c9 uma alegria imensa receber os Jogos Regionais. Estamos prontos para oferecer uma competi\u00e7\u00e3o de alto n\u00edvel, com organiza\u00e7\u00e3o, infraestrutura adequada e hospitalidade. Este \u00e9 um evento que impulsiona o esporte, revela talentos e tamb\u00e9m gera impacto positivo na economia local.\u201d<\/p>\n\n\n\n<p>A realiza\u00e7\u00e3o dos Jogos Regionais em Ourinhos \u00e9 fruto da parceria entre a Prefeitura, o Governo do Estado de S\u00e3o Paulo e a Diretoria Regional de Esportes. Al\u00e9m de fomentar o esporte, a iniciativa promove a uni\u00e3o entre os munic\u00edpios, fortalece a cidadania e incentiva a forma\u00e7\u00e3o de novos atletas.<\/p>\n\n\n\n<figure class=\"wp-block-image size-large\"><img decoding=\"async\" width=\"819\" height=\"1024\" src=\"https:\/\/noticiasregionais.com.br\/wp-content\/uploads\/2025\/07\/WhatsApp-Image-2025-07-15-at-17.37.32-819x1024.jpeg\" alt=\"\" class=\"wp-image-5780\" srcset=\"https:\/\/noticiasregionais.com.br\/wp-content\/uploads\/2025\/07\/WhatsApp-Image-2025-07-15-at-17.37.32-819x1024.jpeg 819w, https:\/\/noticiasregionais.com.br\/wp-content\/uploads\/2025\/07\/WhatsApp-Image-2025-07-15-at-17.37.32-240x300.jpeg 240w, https:\/\/noticiasregionais.com.br\/wp-content\/uploads\/2025\/07\/WhatsApp-Image-2025-07-15-at-17.37.32-768x960.jpeg 768w, https:\/\/noticiasregionais.com.br\/wp-content\/uploads\/2025\/07\/WhatsApp-Image-2025-07-15-at-17.37.32.jpeg 1080w\" sizes=\"(max-width: 819px) 100vw, 819px\" \/><\/figure>\n<input type=\"hidden\" id=\"baseurl\" value=\"https:\/\/noticiasregionais.com.br\"><input type=\"hidden\" id=\"audio_nonce\" value=\"533fbb67b1\">","protected":false},"excerpt":{"rendered":"<p>Cidade vai sediar 24 modalidades e espera mais de 6 mil pessoas durante o evento Ourinhos ser\u00e1 palco da 67\u00aa&hellip;<\/p>\n","protected":false},"author":1,"featured_media":4921,"comment_status":"closed","ping_status":"open","sticky":false,"template":"","format":"standard","meta":{"sfsi_plus_gutenberg_text_before_share":"","sfsi_plus_gutenberg_show_text_before_share":"","sfsi_plus_gutenberg_icon_type":"","sfsi_plus_gutenberg_icon_alignemt":"","sfsi_plus_gutenburg_max_per_row":"","footnotes":""},"categories":[12,1,5],"tags":[16],"class_list":["post-5779","post","type-post","status-publish","format-standard","has-post-thumbnail","hentry","category-capa","category-noticias","category-ourinhos","tag-ourinhos"],"_links":{"self":[{"href":"https:\/\/noticiasregionais.com.br\/index.php?rest_route=\/wp\/v2\/posts\/5779","targetHints":{"allow":["GET"]}}],"collection":[{"href":"https:\/\/noticiasregionais.com.br\/index.php?rest_route=\/wp\/v2\/posts"}],"about":[{"href":"https:\/\/noticiasregionais.com.br\/index.php?rest_route=\/wp\/v2\/types\/post"}],"author":[{"embeddable":true,"href":"https:\/\/noticiasregionais.com.br\/index.php?rest_route=\/wp\/v2\/users\/1"}],"replies":[{"embeddable":true,"href":"https:\/\/noticiasregionais.com.br\/index.php?rest_route=%2Fwp%2Fv2%2Fcomments&post=5779"}],"version-history":[{"count":1,"href":"https:\/\/noticiasregionais.com.br\/index.php?rest_route=\/wp\/v2\/posts\/5779\/revisions"}],"predecessor-version":[{"id":5781,"href":"https:\/\/noticiasregionais.com.br\/index.php?rest_route=\/wp\/v2\/posts\/5779\/revisions\/5781"}],"wp:featuredmedia":[{"embeddable":true,"href":"https:\/\/noticiasregionais.com.br\/index.php?rest_route=\/wp\/v2\/media\/4921"}],"wp:attachment":[{"href":"https:\/\/noticiasregionais.com.br\/index.php?rest_route=%2Fwp%2Fv2%2Fmedia&parent=5779"}],"wp:term":[{"taxonomy":"category","embeddable":true,"href":"https:\/\/noticiasregionais.com.br\/index.php?rest_route=%2Fwp%2Fv2%2Fcategories&post=5779"},{"taxonomy":"post_tag","embeddable":true,"href":"https:\/\/noticiasregionais.com.br\/index.php?rest_route=%2Fwp%2Fv2%2Ftags&post=5779"}],"curies":[{"name":"wp","href":"https:\/\/api.w.org\/{rel}","templated":true}]}}