{"id":5782,"date":"2025-07-16T21:57:48","date_gmt":"2025-07-17T00:57:48","guid":{"rendered":"https:\/\/noticiasregionais.com.br\/?p=5782"},"modified":"2025-07-16T21:57:52","modified_gmt":"2025-07-17T00:57:52","slug":"salto-grande-recebe-investimento-de-r-533-mil-para-reforcar-abastecimento-de-agua-com-novo-poco-artesiano","status":"publish","type":"post","link":"https:\/\/noticiasregionais.com.br\/?p=5782","title":{"rendered":"Salto Grande recebe investimento de R$ 533 mil para refor\u00e7ar abastecimento de \u00e1gua com novo po\u00e7o artesiano"},"content":{"rendered":"\n<p>O munic\u00edpio de Salto Grande deu mais um passo importante na melhoria da sua infraestrutura h\u00eddrica. O prefeito M\u00e1rio Rosa assegurou um investimento de aproximadamente R$ 533 mil, por meio do FEHIDRO (Fundo Estadual de Recursos H\u00eddricos), para a constru\u00e7\u00e3o de um novo po\u00e7o artesiano. A iniciativa tem como objetivo fortalecer o sistema de abastecimento de \u00e1gua, especialmente em per\u00edodos de seca.<\/p>\n\n\n\n<p>A conquista \u00e9 resultado da atua\u00e7\u00e3o estrat\u00e9gica do prefeito, que ocupa cargos relevantes no setor de recursos h\u00eddricos: ele \u00e9 representante regional no Comit\u00ea de Bacias Hidrogr\u00e1ficas do M\u00e9dio Paranapanema (CBH-MP) e conselheiro estadual no COFEHIDRO (Conselho Estadual de Recursos H\u00eddricos). Essa representatividade garantiu a inclus\u00e3o de Salto Grande entre os munic\u00edpios contemplados com recursos do fundo estadual.<\/p>\n\n\n\n<p>\u201cEsse investimento representa um avan\u00e7o fundamental para a seguran\u00e7a h\u00eddrica da nossa popula\u00e7\u00e3o. \u00c1gua \u00e9 um bem essencial, e estamos trabalhando com responsabilidade para garantir que n\u00e3o falte em nenhum momento\u201d, afirmou o prefeito M\u00e1rio Rosa.<\/p>\n\n\n\n<p>A constru\u00e7\u00e3o do novo po\u00e7o artesiano faz parte de um conjunto de a\u00e7\u00f5es da atual gest\u00e3o para garantir qualidade de vida aos moradores, promover o desenvolvimento sustent\u00e1vel e preparar a cidade para os desafios clim\u00e1ticos dos pr\u00f3ximos anos.<\/p>\n\n\n\n<p>Com articula\u00e7\u00e3o t\u00e9cnica, planejamento e compromisso com o bem-estar da popula\u00e7\u00e3o, o governo municipal de Salto Grande segue transformando necessidades em conquistas concretas.<\/p>\n\n\n\n<figure class=\"wp-block-gallery has-nested-images columns-default is-cropped wp-block-gallery-1 is-layout-flex wp-block-gallery-is-layout-flex\">\n<figure class=\"wp-block-image size-large\"><a href=\"https:\/\/noticiasregionais.com.br\/?attachment_id=5786\"><img decoding=\"async\" width=\"1024\" height=\"682\" data-id=\"5786\" src=\"https:\/\/noticiasregionais.com.br\/wp-content\/uploads\/2025\/07\/WhatsApp-Image-2025-07-15-at-12.04.112-1024x682.jpeg\" alt=\"\" class=\"wp-image-5786\" srcset=\"https:\/\/noticiasregionais.com.br\/wp-content\/uploads\/2025\/07\/WhatsApp-Image-2025-07-15-at-12.04.112-1024x682.jpeg 1024w, https:\/\/noticiasregionais.com.br\/wp-content\/uploads\/2025\/07\/WhatsApp-Image-2025-07-15-at-12.04.112-300x200.jpeg 300w, https:\/\/noticiasregionais.com.br\/wp-content\/uploads\/2025\/07\/WhatsApp-Image-2025-07-15-at-12.04.112-768x512.jpeg 768w, https:\/\/noticiasregionais.com.br\/wp-content\/uploads\/2025\/07\/WhatsApp-Image-2025-07-15-at-12.04.112-1536x1023.jpeg 1536w, https:\/\/noticiasregionais.com.br\/wp-content\/uploads\/2025\/07\/WhatsApp-Image-2025-07-15-at-12.04.112.jpeg 1600w\" sizes=\"(max-width: 1024px) 100vw, 1024px\" \/><\/a><\/figure>\n\n\n\n<figure class=\"wp-block-image size-large\"><a href=\"https:\/\/noticiasregionais.com.br\/?attachment_id=5787\"><img decoding=\"async\" width=\"1024\" height=\"576\" data-id=\"5787\" src=\"https:\/\/noticiasregionais.com.br\/wp-content\/uploads\/2025\/07\/WhatsApp-Image-2025-07-15-at-12.04.11-1024x576.jpeg\" alt=\"\" class=\"wp-image-5787\" srcset=\"https:\/\/noticiasregionais.com.br\/wp-content\/uploads\/2025\/07\/WhatsApp-Image-2025-07-15-at-12.04.11-1024x576.jpeg 1024w, https:\/\/noticiasregionais.com.br\/wp-content\/uploads\/2025\/07\/WhatsApp-Image-2025-07-15-at-12.04.11-300x169.jpeg 300w, https:\/\/noticiasregionais.com.br\/wp-content\/uploads\/2025\/07\/WhatsApp-Image-2025-07-15-at-12.04.11-768x432.jpeg 768w, https:\/\/noticiasregionais.com.br\/wp-content\/uploads\/2025\/07\/WhatsApp-Image-2025-07-15-at-12.04.11-1536x864.jpeg 1536w, https:\/\/noticiasregionais.com.br\/wp-content\/uploads\/2025\/07\/WhatsApp-Image-2025-07-15-at-12.04.11.jpeg 1600w\" sizes=\"(max-width: 1024px) 100vw, 1024px\" \/><\/a><\/figure>\n\n\n\n<figure class=\"wp-block-image size-large\"><a href=\"https:\/\/noticiasregionais.com.br\/?attachment_id=5785\"><img decoding=\"async\" width=\"1024\" height=\"682\" data-id=\"5785\" src=\"https:\/\/noticiasregionais.com.br\/wp-content\/uploads\/2025\/07\/WhatsApp-Image-2025-07-15-at-12.04.121-1024x682.jpeg\" alt=\"\" class=\"wp-image-5785\" srcset=\"https:\/\/noticiasregionais.com.br\/wp-content\/uploads\/2025\/07\/WhatsApp-Image-2025-07-15-at-12.04.121-1024x682.jpeg 1024w, https:\/\/noticiasregionais.com.br\/wp-content\/uploads\/2025\/07\/WhatsApp-Image-2025-07-15-at-12.04.121-300x200.jpeg 300w, https:\/\/noticiasregionais.com.br\/wp-content\/uploads\/2025\/07\/WhatsApp-Image-2025-07-15-at-12.04.121-768x512.jpeg 768w, https:\/\/noticiasregionais.com.br\/wp-content\/uploads\/2025\/07\/WhatsApp-Image-2025-07-15-at-12.04.121-1536x1023.jpeg 1536w, https:\/\/noticiasregionais.com.br\/wp-content\/uploads\/2025\/07\/WhatsApp-Image-2025-07-15-at-12.04.121.jpeg 1600w\" sizes=\"(max-width: 1024px) 100vw, 1024px\" \/><\/a><\/figure>\n\n\n\n<figure class=\"wp-block-image size-large\"><a href=\"https:\/\/noticiasregionais.com.br\/?attachment_id=5788\"><img decoding=\"async\" width=\"1024\" height=\"682\" data-id=\"5788\" src=\"https:\/\/noticiasregionais.com.br\/wp-content\/uploads\/2025\/07\/WhatsApp-Image-2025-07-15-at-12.04.12-1024x682.jpeg\" alt=\"\" class=\"wp-image-5788\" srcset=\"https:\/\/noticiasregionais.com.br\/wp-content\/uploads\/2025\/07\/WhatsApp-Image-2025-07-15-at-12.04.12-1024x682.jpeg 1024w, https:\/\/noticiasregionais.com.br\/wp-content\/uploads\/2025\/07\/WhatsApp-Image-2025-07-15-at-12.04.12-300x200.jpeg 300w, https:\/\/noticiasregionais.com.br\/wp-content\/uploads\/2025\/07\/WhatsApp-Image-2025-07-15-at-12.04.12-768x512.jpeg 768w, https:\/\/noticiasregionais.com.br\/wp-content\/uploads\/2025\/07\/WhatsApp-Image-2025-07-15-at-12.04.12-1536x1023.jpeg 1536w, https:\/\/noticiasregionais.com.br\/wp-content\/uploads\/2025\/07\/WhatsApp-Image-2025-07-15-at-12.04.12.jpeg 1600w\" sizes=\"(max-width: 1024px) 100vw, 1024px\" \/><\/a><\/figure>\n\n\n\n<figure class=\"wp-block-image size-large\"><a href=\"https:\/\/noticiasregionais.com.br\/?attachment_id=5784\"><img decoding=\"async\" width=\"1024\" height=\"682\" data-id=\"5784\" src=\"https:\/\/noticiasregionais.com.br\/wp-content\/uploads\/2025\/07\/WhatsApp-Image-2025-07-15-at-12.04.13-1024x682.jpeg\" alt=\"\" class=\"wp-image-5784\" srcset=\"https:\/\/noticiasregionais.com.br\/wp-content\/uploads\/2025\/07\/WhatsApp-Image-2025-07-15-at-12.04.13-1024x682.jpeg 1024w, https:\/\/noticiasregionais.com.br\/wp-content\/uploads\/2025\/07\/WhatsApp-Image-2025-07-15-at-12.04.13-300x200.jpeg 300w, https:\/\/noticiasregionais.com.br\/wp-content\/uploads\/2025\/07\/WhatsApp-Image-2025-07-15-at-12.04.13-768x512.jpeg 768w, https:\/\/noticiasregionais.com.br\/wp-content\/uploads\/2025\/07\/WhatsApp-Image-2025-07-15-at-12.04.13-1536x1023.jpeg 1536w, https:\/\/noticiasregionais.com.br\/wp-content\/uploads\/2025\/07\/WhatsApp-Image-2025-07-15-at-12.04.13.jpeg 1600w\" sizes=\"(max-width: 1024px) 100vw, 1024px\" \/><\/a><\/figure>\n<\/figure>\n<input type=\"hidden\" id=\"baseurl\" value=\"https:\/\/noticiasregionais.com.br\"><input type=\"hidden\" id=\"audio_nonce\" value=\"533fbb67b1\">","protected":false},"excerpt":{"rendered":"<p>O munic\u00edpio de Salto Grande deu mais um passo importante na melhoria da sua infraestrutura h\u00eddrica. O prefeito M\u00e1rio Rosa&hellip;<\/p>\n","protected":false},"author":1,"featured_media":5783,"comment_status":"closed","ping_status":"open","sticky":false,"template":"","format":"standard","meta":{"sfsi_plus_gutenberg_text_before_share":"","sfsi_plus_gutenberg_show_text_before_share":"","sfsi_plus_gutenberg_icon_type":"","sfsi_plus_gutenberg_icon_alignemt":"","sfsi_plus_gutenburg_max_per_row":"","footnotes":""},"categories":[10,1,6],"tags":[15],"class_list":["post-5782","post","type-post","status-publish","format-standard","has-post-thumbnail","hentry","category-destaques","category-noticias","category-sao_paulo","tag-salto_grande"],"_links":{"self":[{"href":"https:\/\/noticiasregionais.com.br\/index.php?rest_route=\/wp\/v2\/posts\/5782","targetHints":{"allow":["GET"]}}],"collection":[{"href":"https:\/\/noticiasregionais.com.br\/index.php?rest_route=\/wp\/v2\/posts"}],"about":[{"href":"https:\/\/noticiasregionais.com.br\/index.php?rest_route=\/wp\/v2\/types\/post"}],"author":[{"embeddable":true,"href":"https:\/\/noticiasregionais.com.br\/index.php?rest_route=\/wp\/v2\/users\/1"}],"replies":[{"embeddable":true,"href":"https:\/\/noticiasregionais.com.br\/index.php?rest_route=%2Fwp%2Fv2%2Fcomments&post=5782"}],"version-history":[{"count":1,"href":"https:\/\/noticiasregionais.com.br\/index.php?rest_route=\/wp\/v2\/posts\/5782\/revisions"}],"predecessor-version":[{"id":5789,"href":"https:\/\/noticiasregionais.com.br\/index.php?rest_route=\/wp\/v2\/posts\/5782\/revisions\/5789"}],"wp:featuredmedia":[{"embeddable":true,"href":"https:\/\/noticiasregionais.com.br\/index.php?rest_route=\/wp\/v2\/media\/5783"}],"wp:attachment":[{"href":"https:\/\/noticiasregionais.com.br\/index.php?rest_route=%2Fwp%2Fv2%2Fmedia&parent=5782"}],"wp:term":[{"taxonomy":"category","embeddable":true,"href":"https:\/\/noticiasregionais.com.br\/index.php?rest_route=%2Fwp%2Fv2%2Fcategories&post=5782"},{"taxonomy":"post_tag","embeddable":true,"href":"https:\/\/noticiasregionais.com.br\/index.php?rest_route=%2Fwp%2Fv2%2Ftags&post=5782"}],"curies":[{"name":"wp","href":"https:\/\/api.w.org\/{rel}","templated":true}]}}