{"id":579,"date":"2023-09-27T07:11:46","date_gmt":"2023-09-27T10:11:46","guid":{"rendered":"https:\/\/noticiasregionais.com.br\/?p=579"},"modified":"2023-09-27T07:11:48","modified_gmt":"2023-09-27T10:11:48","slug":"pagamento-do-bolsa-verde-comeca-nesta-quarta-feira-27","status":"publish","type":"post","link":"https:\/\/noticiasregionais.com.br\/?p=579","title":{"rendered":"Pagamento do Bolsa Verde come\u00e7a nesta quarta-feira (27)"},"content":{"rendered":"\n<p>A CAIXA&nbsp;realiza nesta quarta-feira (27), o pagamento do bolsa verde. O&nbsp;programa, retomado pelo governo federal, vai destinar R$ 600 a cada 3 meses para fam\u00edlias de baixa renda que desenvolvam atividades de preserva\u00e7\u00e3o do meio ambiente.<\/p>\n\n\n\n<p>A sele\u00e7\u00e3o das fam\u00edlias para o programa \u00e9 realizada pelo Minist\u00e9rio do Meio Ambiente e Mudan\u00e7a do Clima.<\/p>\n\n\n\n<p>O pagamento do Bolsa Verde \u00e9 realizado na conta poupan\u00e7a da CAIXA ou na conta no CAIXA Tem. Caso o benefici\u00e1rio n\u00e3o possua conta, ser\u00e1 aberta, de forma autom\u00e1tica, uma conta poupan\u00e7a social digital para o cr\u00e9dito do benef\u00edcio.<\/p>\n\n\n\n<p>Vale lembrar que, com a conta no CAIXA Tem, o benefici\u00e1rio pode fazer transfer\u00eancias, pagar contas e fazer at\u00e9 pix direto no aplicativo do celular.<\/p>\n\n\n\n<p>Mais de 6 mil fam\u00edlias que desenvolvem atividades de conserva\u00e7\u00e3o ambiental ser\u00e3o beneficiadas j\u00e1 no primeiro pagamento.<\/p>\n\n\n\n<p>Para outras informa\u00e7\u00f5es sobre o bolsa verde, acesse: <a href=\"https:\/\/www.caixa.gov.br\/programas-sociais\/bolsa-verde\/Paginas\/default.aspx\" target=\"_blank\" rel=\"noreferrer noopener\">Bolsa Verde &#8211; Programas Sociais | CAIXA<\/a><\/p>\n\n\n\n<p>Fonte: <a href=\"https:\/\/brasil61.com\/n\/pagamento-do-bolsa-verde-comeca-nesta-quarta-feira-27-pcxa230195\" target=\"_blank\" rel=\"noreferrer noopener\">Brasil 61<\/a><\/p>\n<input type=\"hidden\" id=\"baseurl\" value=\"https:\/\/noticiasregionais.com.br\"><input type=\"hidden\" id=\"audio_nonce\" value=\"533fbb67b1\">","protected":false},"excerpt":{"rendered":"<p>A CAIXA&nbsp;realiza nesta quarta-feira (27), o pagamento do bolsa verde. O&nbsp;programa, retomado pelo governo federal, vai destinar R$ 600 a&hellip;<\/p>\n","protected":false},"author":1,"featured_media":580,"comment_status":"closed","ping_status":"open","sticky":false,"template":"","format":"standard","meta":{"sfsi_plus_gutenberg_text_before_share":"","sfsi_plus_gutenberg_show_text_before_share":"","sfsi_plus_gutenberg_icon_type":"","sfsi_plus_gutenberg_icon_alignemt":"","sfsi_plus_gutenburg_max_per_row":"","footnotes":""},"categories":[8,10,1],"tags":[],"class_list":["post-579","post","type-post","status-publish","format-standard","has-post-thumbnail","hentry","category-brasil","category-destaques","category-noticias"],"_links":{"self":[{"href":"https:\/\/noticiasregionais.com.br\/index.php?rest_route=\/wp\/v2\/posts\/579","targetHints":{"allow":["GET"]}}],"collection":[{"href":"https:\/\/noticiasregionais.com.br\/index.php?rest_route=\/wp\/v2\/posts"}],"about":[{"href":"https:\/\/noticiasregionais.com.br\/index.php?rest_route=\/wp\/v2\/types\/post"}],"author":[{"embeddable":true,"href":"https:\/\/noticiasregionais.com.br\/index.php?rest_route=\/wp\/v2\/users\/1"}],"replies":[{"embeddable":true,"href":"https:\/\/noticiasregionais.com.br\/index.php?rest_route=%2Fwp%2Fv2%2Fcomments&post=579"}],"version-history":[{"count":1,"href":"https:\/\/noticiasregionais.com.br\/index.php?rest_route=\/wp\/v2\/posts\/579\/revisions"}],"predecessor-version":[{"id":581,"href":"https:\/\/noticiasregionais.com.br\/index.php?rest_route=\/wp\/v2\/posts\/579\/revisions\/581"}],"wp:featuredmedia":[{"embeddable":true,"href":"https:\/\/noticiasregionais.com.br\/index.php?rest_route=\/wp\/v2\/media\/580"}],"wp:attachment":[{"href":"https:\/\/noticiasregionais.com.br\/index.php?rest_route=%2Fwp%2Fv2%2Fmedia&parent=579"}],"wp:term":[{"taxonomy":"category","embeddable":true,"href":"https:\/\/noticiasregionais.com.br\/index.php?rest_route=%2Fwp%2Fv2%2Fcategories&post=579"},{"taxonomy":"post_tag","embeddable":true,"href":"https:\/\/noticiasregionais.com.br\/index.php?rest_route=%2Fwp%2Fv2%2Ftags&post=579"}],"curies":[{"name":"wp","href":"https:\/\/api.w.org\/{rel}","templated":true}]}}