{"id":5790,"date":"2025-07-16T22:08:54","date_gmt":"2025-07-17T01:08:54","guid":{"rendered":"https:\/\/noticiasregionais.com.br\/?p=5790"},"modified":"2025-07-16T22:08:58","modified_gmt":"2025-07-17T01:08:58","slug":"santa-casa-de-ourinhos-ganha-destaque-ao-apresentar-projeto-de-gestao-no-principal-evento-privado-de-saude-no-pr","status":"publish","type":"post","link":"https:\/\/noticiasregionais.com.br\/?p=5790","title":{"rendered":"Santa Casa de Ourinhos ganha destaque ao apresentar projeto de gest\u00e3o no principal evento privado de sa\u00fade no PR"},"content":{"rendered":"\n<p>A Santa Casa de Ourinhos foi protagonista em um dos maiores encontros da sa\u00fade privada do Brasil, o <em>Londrina UnityHealth 2025<\/em>, realizado no \u00faltimo dia 5 de julho, no Planalto Centro de Eventos, em Londrina (PR). Representando o estado de S\u00e3o Paulo, o hospital foi o \u00fanico convidado paulista a compartilhar uma experi\u00eancia de sucesso em gest\u00e3o hospitalar, dividindo espa\u00e7o com institui\u00e7\u00f5es de renome como a Santa Casa de Maring\u00e1 (PR) e o Hospital Moinhos de Vento (RS).<\/p>\n\n\n\n<p>O evento, que reuniu mais de 1.300 profissionais da \u00e1rea e cerca de 270 institui\u00e7\u00f5es de sa\u00fade, incluindo hospitais e cl\u00ednicas de todo o pa\u00eds, promoveu um ambiente de troca de ideias e apresenta\u00e7\u00e3o de solu\u00e7\u00f5es inovadoras voltadas \u00e0 efici\u00eancia, seguran\u00e7a e qualidade no atendimento hospitalar.<\/p>\n\n\n\n<p>Durante uma das mesas de debate, a enfermeira Vanessa Pires representou a Santa Casa de Ourinhos ao apresentar o case \u201cPadroniza\u00e7\u00e3o de Materiais e Insumos Hospitalares \u2013 Foco em Efici\u00eancia e Seguran\u00e7a\u201d. O projeto, segundo Vanessa, foi determinante para integrar as equipes, otimizar processos internos e fortalecer a cultura da excel\u00eancia. \u201cA padroniza\u00e7\u00e3o foi o passo inicial para uma mudan\u00e7a significativa, impactando diretamente na seguran\u00e7a dos pacientes e na gest\u00e3o dos recursos\u201d, afirmou.<\/p>\n\n\n\n<p>O impacto pr\u00e1tico da iniciativa \u00e9 expressivo: em apenas nove meses, a institui\u00e7\u00e3o conseguiu uma economia superior a R$ 200 mil, sem comprometer a qualidade do atendimento. Os resultados refor\u00e7am a import\u00e2ncia da organiza\u00e7\u00e3o e do uso consciente de materiais na rotina hospitalar.<\/p>\n\n\n\n<p>A participa\u00e7\u00e3o em um evento de tamanha relev\u00e2ncia refor\u00e7a o prest\u00edgio da Santa Casa de Ourinhos, que j\u00e1 \u00e9 reconhecida como refer\u00eancia regional em atendimentos de alta complexidade, beneficiando uma popula\u00e7\u00e3o estimada em mais de 1 milh\u00e3o de pessoas. Mais de 90% dos atendimentos realizados pela institui\u00e7\u00e3o s\u00e3o via Sistema \u00danico de Sa\u00fade (SUS), evidenciando seu papel essencial na rede p\u00fablica.<\/p>\n\n\n\n<p>Com uma infraestrutura moderna, corpo cl\u00ednico altamente capacitado e foco permanente na humaniza\u00e7\u00e3o do cuidado, a Santa Casa de Ourinhos segue entre os 50 principais hospitais filantr\u00f3picos do pa\u00eds, consolidando-se como exemplo de gest\u00e3o e compromisso com a sa\u00fade da popula\u00e7\u00e3o.<\/p>\n\n\n\n<figure class=\"wp-block-gallery has-nested-images columns-default is-cropped wp-block-gallery-1 is-layout-flex wp-block-gallery-is-layout-flex\">\n<figure class=\"wp-block-image size-large\"><img decoding=\"async\" width=\"768\" height=\"1024\" data-id=\"5792\" src=\"https:\/\/noticiasregionais.com.br\/wp-content\/uploads\/2025\/07\/WhatsApp-Image-2025-07-11-at-16.20.53-768x1024.jpeg\" alt=\"A enfermeira Vanessa durante a apresenta\u00e7\u00e3o do case de sucesso\" class=\"wp-image-5792\" srcset=\"https:\/\/noticiasregionais.com.br\/wp-content\/uploads\/2025\/07\/WhatsApp-Image-2025-07-11-at-16.20.53-768x1024.jpeg 768w, https:\/\/noticiasregionais.com.br\/wp-content\/uploads\/2025\/07\/WhatsApp-Image-2025-07-11-at-16.20.53-225x300.jpeg 225w, https:\/\/noticiasregionais.com.br\/wp-content\/uploads\/2025\/07\/WhatsApp-Image-2025-07-11-at-16.20.53-1152x1536.jpeg 1152w, https:\/\/noticiasregionais.com.br\/wp-content\/uploads\/2025\/07\/WhatsApp-Image-2025-07-11-at-16.20.53.jpeg 1200w\" sizes=\"(max-width: 768px) 100vw, 768px\" \/><\/figure>\n\n\n\n<figure class=\"wp-block-image size-large\"><img decoding=\"async\" width=\"768\" height=\"1024\" data-id=\"5793\" src=\"https:\/\/noticiasregionais.com.br\/wp-content\/uploads\/2025\/07\/WhatsApp-Image-2025-07-11-at-16.21.27-768x1024.jpeg\" alt=\"O administrador da Santa Casa, Paulo Ot\u00e1vio, apresentou o hospital\" class=\"wp-image-5793\" srcset=\"https:\/\/noticiasregionais.com.br\/wp-content\/uploads\/2025\/07\/WhatsApp-Image-2025-07-11-at-16.21.27-768x1024.jpeg 768w, https:\/\/noticiasregionais.com.br\/wp-content\/uploads\/2025\/07\/WhatsApp-Image-2025-07-11-at-16.21.27-225x300.jpeg 225w, https:\/\/noticiasregionais.com.br\/wp-content\/uploads\/2025\/07\/WhatsApp-Image-2025-07-11-at-16.21.27.jpeg 960w\" sizes=\"(max-width: 768px) 100vw, 768px\" \/><\/figure>\n<\/figure>\n<input type=\"hidden\" id=\"baseurl\" value=\"https:\/\/noticiasregionais.com.br\"><input type=\"hidden\" id=\"audio_nonce\" value=\"533fbb67b1\">","protected":false},"excerpt":{"rendered":"<p>A Santa Casa de Ourinhos foi protagonista em um dos maiores encontros da sa\u00fade privada do Brasil, o Londrina UnityHealth&hellip;<\/p>\n","protected":false},"author":1,"featured_media":5791,"comment_status":"closed","ping_status":"open","sticky":false,"template":"","format":"standard","meta":{"sfsi_plus_gutenberg_text_before_share":"","sfsi_plus_gutenberg_show_text_before_share":"","sfsi_plus_gutenberg_icon_type":"","sfsi_plus_gutenberg_icon_alignemt":"","sfsi_plus_gutenburg_max_per_row":"","footnotes":""},"categories":[10,1,7],"tags":[16],"class_list":["post-5790","post","type-post","status-publish","format-standard","has-post-thumbnail","hentry","category-destaques","category-noticias","category-parana","tag-ourinhos"],"_links":{"self":[{"href":"https:\/\/noticiasregionais.com.br\/index.php?rest_route=\/wp\/v2\/posts\/5790","targetHints":{"allow":["GET"]}}],"collection":[{"href":"https:\/\/noticiasregionais.com.br\/index.php?rest_route=\/wp\/v2\/posts"}],"about":[{"href":"https:\/\/noticiasregionais.com.br\/index.php?rest_route=\/wp\/v2\/types\/post"}],"author":[{"embeddable":true,"href":"https:\/\/noticiasregionais.com.br\/index.php?rest_route=\/wp\/v2\/users\/1"}],"replies":[{"embeddable":true,"href":"https:\/\/noticiasregionais.com.br\/index.php?rest_route=%2Fwp%2Fv2%2Fcomments&post=5790"}],"version-history":[{"count":1,"href":"https:\/\/noticiasregionais.com.br\/index.php?rest_route=\/wp\/v2\/posts\/5790\/revisions"}],"predecessor-version":[{"id":5794,"href":"https:\/\/noticiasregionais.com.br\/index.php?rest_route=\/wp\/v2\/posts\/5790\/revisions\/5794"}],"wp:featuredmedia":[{"embeddable":true,"href":"https:\/\/noticiasregionais.com.br\/index.php?rest_route=\/wp\/v2\/media\/5791"}],"wp:attachment":[{"href":"https:\/\/noticiasregionais.com.br\/index.php?rest_route=%2Fwp%2Fv2%2Fmedia&parent=5790"}],"wp:term":[{"taxonomy":"category","embeddable":true,"href":"https:\/\/noticiasregionais.com.br\/index.php?rest_route=%2Fwp%2Fv2%2Fcategories&post=5790"},{"taxonomy":"post_tag","embeddable":true,"href":"https:\/\/noticiasregionais.com.br\/index.php?rest_route=%2Fwp%2Fv2%2Ftags&post=5790"}],"curies":[{"name":"wp","href":"https:\/\/api.w.org\/{rel}","templated":true}]}}