{"id":5795,"date":"2025-07-16T22:18:03","date_gmt":"2025-07-17T01:18:03","guid":{"rendered":"https:\/\/noticiasregionais.com.br\/?p=5795"},"modified":"2025-07-16T22:19:28","modified_gmt":"2025-07-17T01:19:28","slug":"vereador-anisio-felicetti-propoe-ambulatorio-pediatrico-exclusivo-para-a-zona-leste-de-ourinhos","status":"publish","type":"post","link":"https:\/\/noticiasregionais.com.br\/?p=5795","title":{"rendered":"Vereador An\u00edsio Felicetti prop\u00f5e ambulat\u00f3rio pedi\u00e1trico exclusivo para a Zona Leste de Ourinhos"},"content":{"rendered":"\n<p>Na 24\u00aa Sess\u00e3o Ordin\u00e1ria da C\u00e2mara Municipal de Ourinhos, o vereador An\u00edsio Felicetti apresentou o Requerimento n\u00ba 1048\/2025, solicitando \u00e0 Prefeitura a constru\u00e7\u00e3o de um Ambulat\u00f3rio de Pediatria exclusivo para a regi\u00e3o Leste da cidade. A proposta visa atender diretamente os bairros Vila Brasil, CDHU, Jardim Anchieta, Recanto dos P\u00e1ssaros, Conjunto Orlando Quagliato, Jardim Europa e \u00e1reas pr\u00f3ximas, que somam uma grande concentra\u00e7\u00e3o de fam\u00edlias com crian\u00e7as.<\/p>\n\n\n\n<p>Durante a justificativa, An\u00edsio ressaltou a elevada demanda por atendimento pedi\u00e1trico nas unidades b\u00e1sicas de sa\u00fade da regi\u00e3o. \u201cTemos uma popula\u00e7\u00e3o expressiva nessa parte da cidade, e o volume de crian\u00e7as que necessitam de cuidados m\u00e9dicos \u00e9 significativo. A cria\u00e7\u00e3o de uma estrutura voltada exclusivamente \u00e0 sa\u00fade infantil seria um salto de qualidade nos servi\u00e7os oferecidos\u201d, explicou.<\/p>\n\n\n\n<p>Segundo o parlamentar, a sugest\u00e3o surgiu ap\u00f3s visitas \u00e0s unidades de sa\u00fade e levantamento de dados em parceria com o CRAS, que confirmaram o alto n\u00famero de crian\u00e7as residentes na \u00e1rea. A proposta, segundo ele, j\u00e1 est\u00e1 sendo tratada diretamente com o secret\u00e1rio municipal de Sa\u00fade e com o prefeito de Ourinhos.<\/p>\n\n\n\n<p>\u201cEstive pessoalmente com o Secret\u00e1rio de Sa\u00fade nesta semana e apresentei o requerimento. Ele se mostrou receptivo \u00e0 ideia, assim como o prefeito, que tamb\u00e9m recebeu a proposta de forma positiva. \u00c9 um projeto que pode marcar a gest\u00e3o e levar atendimento mais digno e humanizado \u00e0s nossas crian\u00e7as\u201d, refor\u00e7ou.<\/p>\n\n\n\n<p>Para o vereador, a iniciativa pode seguir o modelo de outros projetos bem-sucedidos, como o Pronto Atendimento da COHAB, e tornar-se um centro de refer\u00eancia regional no cuidado infantil. \u201cNossa miss\u00e3o \u00e9 lutar por mais sa\u00fade p\u00fablica de qualidade. A popula\u00e7\u00e3o da Zona Leste precisa e merece esse olhar especial\u201d, concluiu An\u00edsio.<\/p>\n\n\n<div class=\"wp-block-image\">\n<figure class=\"aligncenter size-large\"><img decoding=\"async\" width=\"1024\" height=\"1024\" src=\"https:\/\/noticiasregionais.com.br\/wp-content\/uploads\/2025\/07\/WhatsApp-Image-2025-07-16-at-15.07.12-1024x1024.jpeg\" alt=\"\" class=\"wp-image-5796\" srcset=\"https:\/\/noticiasregionais.com.br\/wp-content\/uploads\/2025\/07\/WhatsApp-Image-2025-07-16-at-15.07.12-1024x1024.jpeg 1024w, https:\/\/noticiasregionais.com.br\/wp-content\/uploads\/2025\/07\/WhatsApp-Image-2025-07-16-at-15.07.12-300x300.jpeg 300w, https:\/\/noticiasregionais.com.br\/wp-content\/uploads\/2025\/07\/WhatsApp-Image-2025-07-16-at-15.07.12-150x150.jpeg 150w, https:\/\/noticiasregionais.com.br\/wp-content\/uploads\/2025\/07\/WhatsApp-Image-2025-07-16-at-15.07.12-768x768.jpeg 768w, https:\/\/noticiasregionais.com.br\/wp-content\/uploads\/2025\/07\/WhatsApp-Image-2025-07-16-at-15.07.12.jpeg 1440w\" sizes=\"(max-width: 1024px) 100vw, 1024px\" \/><\/figure>\n<\/div><input type=\"hidden\" id=\"baseurl\" value=\"https:\/\/noticiasregionais.com.br\"><input type=\"hidden\" id=\"audio_nonce\" value=\"533fbb67b1\">","protected":false},"excerpt":{"rendered":"<p>Na 24\u00aa Sess\u00e3o Ordin\u00e1ria da C\u00e2mara Municipal de Ourinhos, o vereador An\u00edsio Felicetti apresentou o Requerimento n\u00ba 1048\/2025, solicitando \u00e0&hellip;<\/p>\n","protected":false},"author":1,"featured_media":5797,"comment_status":"closed","ping_status":"open","sticky":false,"template":"","format":"standard","meta":{"sfsi_plus_gutenberg_text_before_share":"","sfsi_plus_gutenberg_show_text_before_share":"","sfsi_plus_gutenberg_icon_type":"","sfsi_plus_gutenberg_icon_alignemt":"","sfsi_plus_gutenburg_max_per_row":"","footnotes":""},"categories":[10,1,5],"tags":[16],"class_list":["post-5795","post","type-post","status-publish","format-standard","has-post-thumbnail","hentry","category-destaques","category-noticias","category-ourinhos","tag-ourinhos"],"_links":{"self":[{"href":"https:\/\/noticiasregionais.com.br\/index.php?rest_route=\/wp\/v2\/posts\/5795","targetHints":{"allow":["GET"]}}],"collection":[{"href":"https:\/\/noticiasregionais.com.br\/index.php?rest_route=\/wp\/v2\/posts"}],"about":[{"href":"https:\/\/noticiasregionais.com.br\/index.php?rest_route=\/wp\/v2\/types\/post"}],"author":[{"embeddable":true,"href":"https:\/\/noticiasregionais.com.br\/index.php?rest_route=\/wp\/v2\/users\/1"}],"replies":[{"embeddable":true,"href":"https:\/\/noticiasregionais.com.br\/index.php?rest_route=%2Fwp%2Fv2%2Fcomments&post=5795"}],"version-history":[{"count":1,"href":"https:\/\/noticiasregionais.com.br\/index.php?rest_route=\/wp\/v2\/posts\/5795\/revisions"}],"predecessor-version":[{"id":5798,"href":"https:\/\/noticiasregionais.com.br\/index.php?rest_route=\/wp\/v2\/posts\/5795\/revisions\/5798"}],"wp:featuredmedia":[{"embeddable":true,"href":"https:\/\/noticiasregionais.com.br\/index.php?rest_route=\/wp\/v2\/media\/5797"}],"wp:attachment":[{"href":"https:\/\/noticiasregionais.com.br\/index.php?rest_route=%2Fwp%2Fv2%2Fmedia&parent=5795"}],"wp:term":[{"taxonomy":"category","embeddable":true,"href":"https:\/\/noticiasregionais.com.br\/index.php?rest_route=%2Fwp%2Fv2%2Fcategories&post=5795"},{"taxonomy":"post_tag","embeddable":true,"href":"https:\/\/noticiasregionais.com.br\/index.php?rest_route=%2Fwp%2Fv2%2Ftags&post=5795"}],"curies":[{"name":"wp","href":"https:\/\/api.w.org\/{rel}","templated":true}]}}