{"id":582,"date":"2023-09-27T07:39:24","date_gmt":"2023-09-27T10:39:24","guid":{"rendered":"https:\/\/noticiasregionais.com.br\/?p=582"},"modified":"2023-09-27T07:39:36","modified_gmt":"2023-09-27T10:39:36","slug":"forca-tatica-prende-dois-procurados-da-justica-em-ourinhos","status":"publish","type":"post","link":"https:\/\/noticiasregionais.com.br\/?p=582","title":{"rendered":"For\u00e7a T\u00e1tica prende dois procurados da Justi\u00e7a em Ourinhos"},"content":{"rendered":"\n<p>Em duas ocorr\u00eancias distintas na noite de ontem (26), equipes da For\u00e7a T\u00e1tica do 31\u00ba Batalh\u00e3o de Pol\u00edcia Militar do Interior (BPMI) prenderam dois procurados da Justi\u00e7a em Ourinhos.<\/p>\n\n\n\n<p>Na primeira ocorr\u00eancia, uma equipe realizava patrulhamento t\u00e1tico pelo bairro CDHU quando recebeu informa\u00e7\u00e3o dando conta que um indiv\u00edduo n\u00e3o havia retornado da sa\u00edda tempor\u00e1ria de preso. A equipe se deslocou at\u00e9 o local da den\u00fancia e abordou o homem, que ap\u00f3s consulta via Copom, constatou que realmente estava evadido do sistema prisional.<\/p>\n\n\n\n<p>Na segunda ocorr\u00eancia, uma equipe realizava patrulhamento t\u00e1tico pela \u00e1rea central quando foi solicitado por transeuntes, que pela avenida Dos Expedicion\u00e1rios havia tr\u00eas pessoas amea\u00e7ando pedestres para pedir dinheiro. A equipe realizou a abordagem, sendo que em consulta criminal constou um mandado de pris\u00e3o em aberto em desfavor de um dos indiv\u00edduos.<\/p>\n\n\n\n<p>Os dois presos foram apresentados na Central de Pol\u00edcia Judici\u00e1ria de Ourinhos, onde permaneceram \u00e0 disposi\u00e7\u00e3o da Justi\u00e7a.<\/p>\n\n\n\n<p><strong>Pol\u00edcia Militar refor\u00e7a o combate \u00e0 criminalidade<\/strong><\/p>\n\n\n\n<p>A Pol\u00edcia Militar de Ourinhos refor\u00e7a o seu compromisso com a seguran\u00e7a p\u00fablica e o combate \u00e0 criminalidade. As a\u00e7\u00f5es realizadas pela For\u00e7a T\u00e1tica na noite de ontem s\u00e3o um exemplo da dedica\u00e7\u00e3o dos policiais militares em proteger a popula\u00e7\u00e3o.<\/p>\n<input type=\"hidden\" id=\"baseurl\" value=\"https:\/\/noticiasregionais.com.br\"><input type=\"hidden\" id=\"audio_nonce\" value=\"533fbb67b1\">","protected":false},"excerpt":{"rendered":"<p>Em duas ocorr\u00eancias distintas na noite de ontem (26), equipes da For\u00e7a T\u00e1tica do 31\u00ba Batalh\u00e3o de Pol\u00edcia Militar do&hellip;<\/p>\n","protected":false},"author":1,"featured_media":218,"comment_status":"closed","ping_status":"open","sticky":false,"template":"","format":"standard","meta":{"sfsi_plus_gutenberg_text_before_share":"","sfsi_plus_gutenberg_show_text_before_share":"","sfsi_plus_gutenberg_icon_type":"","sfsi_plus_gutenberg_icon_alignemt":"","sfsi_plus_gutenburg_max_per_row":"","footnotes":""},"categories":[5,12,1],"tags":[],"class_list":["post-582","post","type-post","status-publish","format-standard","has-post-thumbnail","hentry","category-ourinhos","category-capa","category-noticias"],"_links":{"self":[{"href":"https:\/\/noticiasregionais.com.br\/index.php?rest_route=\/wp\/v2\/posts\/582","targetHints":{"allow":["GET"]}}],"collection":[{"href":"https:\/\/noticiasregionais.com.br\/index.php?rest_route=\/wp\/v2\/posts"}],"about":[{"href":"https:\/\/noticiasregionais.com.br\/index.php?rest_route=\/wp\/v2\/types\/post"}],"author":[{"embeddable":true,"href":"https:\/\/noticiasregionais.com.br\/index.php?rest_route=\/wp\/v2\/users\/1"}],"replies":[{"embeddable":true,"href":"https:\/\/noticiasregionais.com.br\/index.php?rest_route=%2Fwp%2Fv2%2Fcomments&post=582"}],"version-history":[{"count":1,"href":"https:\/\/noticiasregionais.com.br\/index.php?rest_route=\/wp\/v2\/posts\/582\/revisions"}],"predecessor-version":[{"id":583,"href":"https:\/\/noticiasregionais.com.br\/index.php?rest_route=\/wp\/v2\/posts\/582\/revisions\/583"}],"wp:featuredmedia":[{"embeddable":true,"href":"https:\/\/noticiasregionais.com.br\/index.php?rest_route=\/wp\/v2\/media\/218"}],"wp:attachment":[{"href":"https:\/\/noticiasregionais.com.br\/index.php?rest_route=%2Fwp%2Fv2%2Fmedia&parent=582"}],"wp:term":[{"taxonomy":"category","embeddable":true,"href":"https:\/\/noticiasregionais.com.br\/index.php?rest_route=%2Fwp%2Fv2%2Fcategories&post=582"},{"taxonomy":"post_tag","embeddable":true,"href":"https:\/\/noticiasregionais.com.br\/index.php?rest_route=%2Fwp%2Fv2%2Ftags&post=582"}],"curies":[{"name":"wp","href":"https:\/\/api.w.org\/{rel}","templated":true}]}}