{"id":5824,"date":"2025-07-22T15:56:00","date_gmt":"2025-07-22T18:56:00","guid":{"rendered":"https:\/\/noticiasregionais.com.br\/?p=5824"},"modified":"2025-07-22T18:34:18","modified_gmt":"2025-07-22T21:34:18","slug":"3a-cavalgada-entre-amigos-movimenta-canitar-neste-domingo-com-muita-tradicao-e-solidariedade","status":"publish","type":"post","link":"https:\/\/noticiasregionais.com.br\/?p=5824","title":{"rendered":"3\u00aa Cavalgada Entre Amigos movimenta Canitar neste domingo com muita tradi\u00e7\u00e3o e solidariedade"},"content":{"rendered":"\n<p>No pr\u00f3ximo domingo, 27 de julho de 2025, a cidade de Canitar ser\u00e1 palco da <strong>3\u00aa Cavalgada Entre Amigos<\/strong>, promovida pela Comitiva Clandestinos SP. O evento, que j\u00e1 virou tradi\u00e7\u00e3o na regi\u00e3o, promete reunir cavaleiros, amazonas e toda a comunidade para um dia especial de celebra\u00e7\u00e3o, cultura e a\u00e7\u00e3o social.<\/p>\n\n\n\n<p>A concentra\u00e7\u00e3o acontece a partir das 9h da manh\u00e3 no Terminal Rodovi\u00e1rio de Canitar, de onde os participantes sair\u00e3o em cavalgada pelas ruas da cidade. Um dos momentos mais emocionantes ser\u00e1 a <strong>b\u00ean\u00e7\u00e3o do padre Jaime<\/strong>, realizada na passagem da comitiva em frente \u00e0 Par\u00f3quia Nossa Senhora do Perp\u00e9tuo Socorro. Durante o trajeto, tamb\u00e9m ser\u00e1 feita uma <strong>homenagem em mem\u00f3ria de Sebasti\u00e3o Cl\u00e1udiomiro da Silva<\/strong>, membro oficial da Comitiva Clandestinos.<\/p>\n\n\n\n<p>A partir das 12h30, o p\u00fablico poder\u00e1 aproveitar o <strong>almo\u00e7o beneficente<\/strong> com marmitas a pre\u00e7os populares: R$5 na vers\u00e3o pequena (P) e R$10 na vers\u00e3o m\u00e9dia (M), ambas com refrigerante incluso. Crian\u00e7as de at\u00e9 6 anos n\u00e3o pagam. Toda a renda arrecadada com as marmitas ser\u00e1 destinada a fins sociais.<\/p>\n\n\n\n<p>Al\u00e9m da tradicional cavalgada, o evento contar\u00e1 com <strong>pra\u00e7a de alimenta\u00e7\u00e3o<\/strong>, <strong>bingo<\/strong>, <strong>sorteios<\/strong> e <strong>m\u00fasica ao vivo<\/strong>. As atra\u00e7\u00f5es musicais ficam por conta da animada <strong>Rosinha do Pagode<\/strong> e do cantor <strong>Geraldinho Marques<\/strong>, com o melhor do sertanejo. A locu\u00e7\u00e3o do evento ser\u00e1 feita por <strong>Marcos Elias<\/strong>, trazendo ainda mais emo\u00e7\u00e3o e dinamismo \u00e0 festa.<\/p>\n\n\n\n<p>Com apoio de diversos parceiros locais e o envolvimento da comunidade, a 3\u00aa Cavalgada Entre Amigos promete ser mais uma grande celebra\u00e7\u00e3o da cultura sertaneja e da solidariedade em Canitar. A Comitiva convida a todos para participarem e prestigiarem esse dia especial!<\/p>\n\n\n\n<p><strong>@Comitivaclandestinos2.0<\/strong><\/p>\n\n\n\n<figure class=\"wp-block-gallery has-nested-images columns-default is-cropped wp-block-gallery-1 is-layout-flex wp-block-gallery-is-layout-flex\">\n<figure class=\"wp-block-image size-large\"><a href=\"https:\/\/noticiasregionais.com.br\/wp-content\/uploads\/2025\/07\/WhatsApp-Image-2025-07-19-at-12.57.43.jpeg\"><img decoding=\"async\" width=\"709\" height=\"1024\" data-id=\"5826\" src=\"https:\/\/noticiasregionais.com.br\/wp-content\/uploads\/2025\/07\/WhatsApp-Image-2025-07-19-at-12.57.43-709x1024.jpeg\" alt=\"\" class=\"wp-image-5826\" srcset=\"https:\/\/noticiasregionais.com.br\/wp-content\/uploads\/2025\/07\/WhatsApp-Image-2025-07-19-at-12.57.43-709x1024.jpeg 709w, https:\/\/noticiasregionais.com.br\/wp-content\/uploads\/2025\/07\/WhatsApp-Image-2025-07-19-at-12.57.43-208x300.jpeg 208w, https:\/\/noticiasregionais.com.br\/wp-content\/uploads\/2025\/07\/WhatsApp-Image-2025-07-19-at-12.57.43-768x1109.jpeg 768w, https:\/\/noticiasregionais.com.br\/wp-content\/uploads\/2025\/07\/WhatsApp-Image-2025-07-19-at-12.57.43.jpeg 982w\" sizes=\"(max-width: 709px) 100vw, 709px\" \/><\/a><\/figure>\n\n\n\n<figure class=\"wp-block-image size-large\"><a href=\"https:\/\/noticiasregionais.com.br\/wp-content\/uploads\/2025\/07\/WhatsApp-Image-2025-07-19-at-14.41.53.jpeg\"><img decoding=\"async\" data-id=\"5827\" src=\"https:\/\/noticiasregionais.com.br\/wp-content\/uploads\/2025\/07\/WhatsApp-Image-2025-07-19-at-14.41.53.jpeg\" alt=\"\" class=\"wp-image-5827\"\/><\/a><\/figure>\n<\/figure>\n<input type=\"hidden\" id=\"baseurl\" value=\"https:\/\/noticiasregionais.com.br\"><input type=\"hidden\" id=\"audio_nonce\" value=\"533fbb67b1\">","protected":false},"excerpt":{"rendered":"<p>No pr\u00f3ximo domingo, 27 de julho de 2025, a cidade de Canitar ser\u00e1 palco da 3\u00aa Cavalgada Entre Amigos, promovida&hellip;<\/p>\n","protected":false},"author":1,"featured_media":5829,"comment_status":"closed","ping_status":"open","sticky":false,"template":"","format":"standard","meta":{"sfsi_plus_gutenberg_text_before_share":"","sfsi_plus_gutenberg_show_text_before_share":"","sfsi_plus_gutenberg_icon_type":"","sfsi_plus_gutenberg_icon_alignemt":"","sfsi_plus_gutenburg_max_per_row":"","footnotes":""},"categories":[10,5,6],"tags":[19],"class_list":["post-5824","post","type-post","status-publish","format-standard","has-post-thumbnail","hentry","category-destaques","category-ourinhos","category-sao_paulo","tag-canitar"],"_links":{"self":[{"href":"https:\/\/noticiasregionais.com.br\/index.php?rest_route=\/wp\/v2\/posts\/5824","targetHints":{"allow":["GET"]}}],"collection":[{"href":"https:\/\/noticiasregionais.com.br\/index.php?rest_route=\/wp\/v2\/posts"}],"about":[{"href":"https:\/\/noticiasregionais.com.br\/index.php?rest_route=\/wp\/v2\/types\/post"}],"author":[{"embeddable":true,"href":"https:\/\/noticiasregionais.com.br\/index.php?rest_route=\/wp\/v2\/users\/1"}],"replies":[{"embeddable":true,"href":"https:\/\/noticiasregionais.com.br\/index.php?rest_route=%2Fwp%2Fv2%2Fcomments&post=5824"}],"version-history":[{"count":1,"href":"https:\/\/noticiasregionais.com.br\/index.php?rest_route=\/wp\/v2\/posts\/5824\/revisions"}],"predecessor-version":[{"id":5828,"href":"https:\/\/noticiasregionais.com.br\/index.php?rest_route=\/wp\/v2\/posts\/5824\/revisions\/5828"}],"wp:featuredmedia":[{"embeddable":true,"href":"https:\/\/noticiasregionais.com.br\/index.php?rest_route=\/wp\/v2\/media\/5829"}],"wp:attachment":[{"href":"https:\/\/noticiasregionais.com.br\/index.php?rest_route=%2Fwp%2Fv2%2Fmedia&parent=5824"}],"wp:term":[{"taxonomy":"category","embeddable":true,"href":"https:\/\/noticiasregionais.com.br\/index.php?rest_route=%2Fwp%2Fv2%2Fcategories&post=5824"},{"taxonomy":"post_tag","embeddable":true,"href":"https:\/\/noticiasregionais.com.br\/index.php?rest_route=%2Fwp%2Fv2%2Ftags&post=5824"}],"curies":[{"name":"wp","href":"https:\/\/api.w.org\/{rel}","templated":true}]}}