{"id":5830,"date":"2025-07-22T09:14:28","date_gmt":"2025-07-22T12:14:28","guid":{"rendered":"https:\/\/noticiasregionais.com.br\/?p=5830"},"modified":"2025-07-22T09:14:31","modified_gmt":"2025-07-22T12:14:31","slug":"cultura-em-destaque-sesi-ourinhos-recebe-atracoes-gratuitas-de-musica-e-teatro-nesta-semana","status":"publish","type":"post","link":"https:\/\/noticiasregionais.com.br\/?p=5830","title":{"rendered":"Cultura em destaque: SESI Ourinhos recebe atra\u00e7\u00f5es gratuitas de m\u00fasica e teatro nesta semana"},"content":{"rendered":"\n<h3 class=\"wp-block-heading has-text-align-center\"><strong>Programa\u00e7\u00e3o inclui show com releituras de cl\u00e1ssicos do rock e da MPB, al\u00e9m de pe\u00e7a infantil com palha\u00e7o e muita imagina\u00e7\u00e3o<\/strong><\/h3>\n\n\n\n<p>O SESI Ourinhos preparou uma semana especial com duas atra\u00e7\u00f5es culturais gratuitas que prometem agradar p\u00fablicos de todas as idades. Na agenda, um show musical recheado de vers\u00f5es inusitadas de grandes sucessos e um espet\u00e1culo infantil que mistura poesia, humor e supera\u00e7\u00e3o.<\/p>\n\n\n\n<p><strong>Na quinta-feira, 24 de julho, \u00e0s 20h<\/strong>, o palco do SESI ser\u00e1 tomado pela energia contagiante do espet\u00e1culo <strong>&#8220;Knobreakers Retouch&#8221;<\/strong>, apresentado pelo trio Knobreakers, de Presidente Prudente. Com um estilo irreverente e criativo, a banda transforma can\u00e7\u00f5es consagradas de artistas como Tim Maia, Nirvana, Criolo e Foo Fighters em experi\u00eancias sonoras inovadoras. A apresenta\u00e7\u00e3o ainda conta com a participa\u00e7\u00e3o especial de <strong>Daniel Lemes<\/strong>, gaitista e violonista que traz novas camadas \u00e0 performance.<\/p>\n\n\n\n<p><strong>J\u00e1 no s\u00e1bado, 26 de julho, \u00e0s 15h<\/strong>, \u00e9 a vez do p\u00fablico infantil e das fam\u00edlias se encantarem com <strong>&#8220;Internationale Cirque du Jonz\u00e9&#8221;<\/strong>, pe\u00e7a teatral que narra, de forma divertida e sens\u00edvel, a trajet\u00f3ria de um palha\u00e7o que precisa realizar sozinho o espet\u00e1culo de estreia de seu circo. Com uma combina\u00e7\u00e3o de palha\u00e7aria, m\u00fasica e poesia, a montagem transmite uma mensagem inspiradora sobre coragem, aceita\u00e7\u00e3o e transforma\u00e7\u00e3o pessoal.<\/p>\n\n\n\n<p>Os ingressos para ambos os eventos s\u00e3o <strong>gratuitos<\/strong>, mas limitados, e podem ser reservados pelo site <strong><a class=\"\" href=\"https:\/\/ourinhos.sesisp.org.br\" target=\"_blank\" rel=\"noopener\">ourinhos.sesisp.org.br<\/a><\/strong>, na se\u00e7\u00e3o \u201cAgenda\u201d.<\/p>\n\n\n\n<p>As apresenta\u00e7\u00f5es integram a programa\u00e7\u00e3o cultural do <strong>SESI-SP<\/strong>, que tem como objetivo democratizar o acesso \u00e0 arte e promover o contato do p\u00fablico com diversas linguagens art\u00edsticas.<\/p>\n\n\n<div class=\"wp-block-image\">\n<figure class=\"aligncenter size-large\"><img decoding=\"async\" width=\"1024\" height=\"682\" src=\"https:\/\/noticiasregionais.com.br\/wp-content\/uploads\/2025\/07\/WhatsApp-Image-2025-07-21-at-13.38.43-1024x682.jpeg\" alt=\"\" class=\"wp-image-5832\" srcset=\"https:\/\/noticiasregionais.com.br\/wp-content\/uploads\/2025\/07\/WhatsApp-Image-2025-07-21-at-13.38.43-1024x682.jpeg 1024w, https:\/\/noticiasregionais.com.br\/wp-content\/uploads\/2025\/07\/WhatsApp-Image-2025-07-21-at-13.38.43-300x200.jpeg 300w, https:\/\/noticiasregionais.com.br\/wp-content\/uploads\/2025\/07\/WhatsApp-Image-2025-07-21-at-13.38.43-768x512.jpeg 768w, https:\/\/noticiasregionais.com.br\/wp-content\/uploads\/2025\/07\/WhatsApp-Image-2025-07-21-at-13.38.43.jpeg 1280w\" sizes=\"(max-width: 1024px) 100vw, 1024px\" \/><\/figure>\n<\/div>\n\n\n<p>\ud83d\udccd <em>Local:<\/em> SESI Ourinhos \u2013 Rua Professora Maria Jos\u00e9 Ferreira, 100 \u2013 Jardim das Paineiras<br>\ud83d\udcf2 <em>Informa\u00e7\u00f5es via WhatsApp:<\/em> (14) 99648-5478<br>\ud83c\udf9f <em>Ingressos gratuitos:<\/em> <a class=\"\" href=\"https:\/\/ourinhos.sesisp.org.br\" target=\"_blank\" rel=\"noopener\">ourinhos.sesisp.org.br<\/a><\/p>\n\n\n\n<p><strong>\u27a1 QUINTA-FEIRA (24\/07) \u2013 20h<\/strong><br>\ud83c\udfb8 <em>Show Musical:<\/em> <em>Knobreakers Retouch<\/em> \u2013 Cl\u00e1ssicos reinventados com criatividade e improviso<\/p>\n\n\n\n<p><strong>\u27a1 S\u00c1BADO (26\/07) \u2013 15h<\/strong><br>\ud83c\udfaa <em>Teatro Infantil:<\/em> <em>Internationale Cirque du Jonz\u00e9<\/em> \u2013 Um espet\u00e1culo po\u00e9tico para toda a fam\u00edlia<\/p>\n\n\n\n<p>\ud83d\udcf9 <em>Assista aos v\u00eddeos:<\/em><br><a class=\"\" href=\"https:\/\/www.youtube.com\/watch?v=Vfu6PfMYf2c\" target=\"_blank\" rel=\"noopener\">Banda Knobreakers<\/a><br><a class=\"\" href=\"https:\/\/www.youtube.com\/watch?v=xxOQFvJPyOY\" target=\"_blank\" rel=\"noopener\">Teatro Cirque du Jonz\u00e9<\/a><\/p>\n<input type=\"hidden\" id=\"baseurl\" value=\"https:\/\/noticiasregionais.com.br\"><input type=\"hidden\" id=\"audio_nonce\" value=\"533fbb67b1\">","protected":false},"excerpt":{"rendered":"<p>Programa\u00e7\u00e3o inclui show com releituras de cl\u00e1ssicos do rock e da MPB, al\u00e9m de pe\u00e7a infantil com palha\u00e7o e muita&hellip;<\/p>\n","protected":false},"author":1,"featured_media":5831,"comment_status":"closed","ping_status":"open","sticky":false,"template":"","format":"standard","meta":{"sfsi_plus_gutenberg_text_before_share":"","sfsi_plus_gutenberg_show_text_before_share":"","sfsi_plus_gutenberg_icon_type":"","sfsi_plus_gutenberg_icon_alignemt":"","sfsi_plus_gutenburg_max_per_row":"","footnotes":""},"categories":[10,1,5],"tags":[16],"class_list":["post-5830","post","type-post","status-publish","format-standard","has-post-thumbnail","hentry","category-destaques","category-noticias","category-ourinhos","tag-ourinhos"],"_links":{"self":[{"href":"https:\/\/noticiasregionais.com.br\/index.php?rest_route=\/wp\/v2\/posts\/5830","targetHints":{"allow":["GET"]}}],"collection":[{"href":"https:\/\/noticiasregionais.com.br\/index.php?rest_route=\/wp\/v2\/posts"}],"about":[{"href":"https:\/\/noticiasregionais.com.br\/index.php?rest_route=\/wp\/v2\/types\/post"}],"author":[{"embeddable":true,"href":"https:\/\/noticiasregionais.com.br\/index.php?rest_route=\/wp\/v2\/users\/1"}],"replies":[{"embeddable":true,"href":"https:\/\/noticiasregionais.com.br\/index.php?rest_route=%2Fwp%2Fv2%2Fcomments&post=5830"}],"version-history":[{"count":1,"href":"https:\/\/noticiasregionais.com.br\/index.php?rest_route=\/wp\/v2\/posts\/5830\/revisions"}],"predecessor-version":[{"id":5833,"href":"https:\/\/noticiasregionais.com.br\/index.php?rest_route=\/wp\/v2\/posts\/5830\/revisions\/5833"}],"wp:featuredmedia":[{"embeddable":true,"href":"https:\/\/noticiasregionais.com.br\/index.php?rest_route=\/wp\/v2\/media\/5831"}],"wp:attachment":[{"href":"https:\/\/noticiasregionais.com.br\/index.php?rest_route=%2Fwp%2Fv2%2Fmedia&parent=5830"}],"wp:term":[{"taxonomy":"category","embeddable":true,"href":"https:\/\/noticiasregionais.com.br\/index.php?rest_route=%2Fwp%2Fv2%2Fcategories&post=5830"},{"taxonomy":"post_tag","embeddable":true,"href":"https:\/\/noticiasregionais.com.br\/index.php?rest_route=%2Fwp%2Fv2%2Ftags&post=5830"}],"curies":[{"name":"wp","href":"https:\/\/api.w.org\/{rel}","templated":true}]}}