{"id":5836,"date":"2025-07-22T09:25:30","date_gmt":"2025-07-22T12:25:30","guid":{"rendered":"https:\/\/noticiasregionais.com.br\/?p=5836"},"modified":"2025-07-22T09:25:58","modified_gmt":"2025-07-22T12:25:58","slug":"ourinhos-avanca-na-modernizacao-da-saude-com-novos-kits-para-ubss-e-teleconsultas-atraves-do-novo-pac","status":"publish","type":"post","link":"https:\/\/noticiasregionais.com.br\/?p=5836","title":{"rendered":"Ourinhos avan\u00e7a na moderniza\u00e7\u00e3o da sa\u00fade com novos kits para UBSs e teleconsultas atrav\u00e9s do Novo PAC"},"content":{"rendered":"\n<p>A cidade de Ourinhos acaba de ser contemplada com importantes investimentos por meio do Novo PAC Sele\u00e7\u00f5es \u2013 Sa\u00fade, programa do Governo Federal que visa fortalecer o Sistema \u00danico de Sa\u00fade (SUS) em todo o pa\u00eds. A iniciativa vai garantir ao munic\u00edpio dois kits completos de equipamentos voltados para Unidades B\u00e1sicas de Sa\u00fade (UBS), al\u00e9m de um conjunto espec\u00edfico para implanta\u00e7\u00e3o de servi\u00e7os de teleconsulta.<\/p>\n\n\n\n<p>Com foco na moderniza\u00e7\u00e3o da Aten\u00e7\u00e3o Prim\u00e1ria, os equipamentos prometem otimizar a estrutura f\u00edsica das UBSs e melhorar a qualidade dos atendimentos oferecidos \u00e0 popula\u00e7\u00e3o. Entre os itens que comp\u00f5em os kits est\u00e3o c\u00e2maras frias para vacinas, aparelhos de diagn\u00f3stico como retin\u00f3grafo (usado em exames oftalmol\u00f3gicos com suporte remoto), espir\u00f4metro digital (para testes de fun\u00e7\u00e3o pulmonar), ultrassom port\u00e1til e dispositivos de an\u00e1lise cl\u00ednica de uso imediato, os chamados <em>Point of Care<\/em>.<\/p>\n\n\n\n<p>Al\u00e9m disso, a chegada do kit para teleconsulta \u2014 composto por notebook, c\u00e2mera e televisor \u2014 viabilizar\u00e1 a cria\u00e7\u00e3o de espa\u00e7os exclusivos dentro das unidades para realiza\u00e7\u00e3o de atendimentos \u00e0 dist\u00e2ncia, com suporte de especialistas em diferentes \u00e1reas. A iniciativa visa aumentar a resolutividade nos atendimentos de base, evitando encaminhamentos desnecess\u00e1rios e tornando o cuidado mais \u00e1gil e eficiente.<\/p>\n\n\n\n<p>O secret\u00e1rio municipal de Sa\u00fade, Diego Singolani, destacou que a inclus\u00e3o de Ourinhos no programa foi resultado de um trabalho t\u00e9cnico articulado com foco nas diretrizes do novo plano federal:<\/p>\n\n\n\n<blockquote class=\"wp-block-quote is-layout-flow wp-block-quote-is-layout-flow\">\n<p>\u201cDesde o in\u00edcio do ano, nossa equipe acompanhou os editais e se preparou para atender aos crit\u00e9rios estabelecidos. Esse esfor\u00e7o garantiu que f\u00f4ssemos contemplados, e agora vamos conseguir fortalecer ainda mais o atendimento nas nossas UBSs.\u201d<\/p>\n<\/blockquote>\n\n\n\n<p>O prefeito Guilherme Gon\u00e7alves tamb\u00e9m comemorou a conquista e ressaltou que ela se alinha \u00e0s metas de sua gest\u00e3o para a \u00e1rea da sa\u00fade:<\/p>\n\n\n\n<blockquote class=\"wp-block-quote is-layout-flow wp-block-quote-is-layout-flow\">\n<p>\u201cTemos trabalhado para transformar a sa\u00fade p\u00fablica de Ourinhos, investindo em infraestrutura, tecnologia e humaniza\u00e7\u00e3o do atendimento. Esses novos equipamentos s\u00e3o mais uma etapa desse processo, que coloca o cidad\u00e3o no centro das prioridades.\u201d<\/p>\n<\/blockquote>\n\n\n\n<p>Com a sele\u00e7\u00e3o confirmada, o munic\u00edpio agora aguarda o envio dos equipamentos e prepara a log\u00edstica de implanta\u00e7\u00e3o nas unidades que ser\u00e3o definidas como priorit\u00e1rias para o novo modelo de atendimento.<\/p>\n<input type=\"hidden\" id=\"baseurl\" value=\"https:\/\/noticiasregionais.com.br\"><input type=\"hidden\" id=\"audio_nonce\" value=\"533fbb67b1\">","protected":false},"excerpt":{"rendered":"<p>A cidade de Ourinhos acaba de ser contemplada com importantes investimentos por meio do Novo PAC Sele\u00e7\u00f5es \u2013 Sa\u00fade, programa&hellip;<\/p>\n","protected":false},"author":1,"featured_media":5837,"comment_status":"closed","ping_status":"open","sticky":false,"template":"","format":"standard","meta":{"sfsi_plus_gutenberg_text_before_share":"","sfsi_plus_gutenberg_show_text_before_share":"","sfsi_plus_gutenberg_icon_type":"","sfsi_plus_gutenberg_icon_alignemt":"","sfsi_plus_gutenburg_max_per_row":"","footnotes":""},"categories":[10,1,5],"tags":[16],"class_list":["post-5836","post","type-post","status-publish","format-standard","has-post-thumbnail","hentry","category-destaques","category-noticias","category-ourinhos","tag-ourinhos"],"_links":{"self":[{"href":"https:\/\/noticiasregionais.com.br\/index.php?rest_route=\/wp\/v2\/posts\/5836","targetHints":{"allow":["GET"]}}],"collection":[{"href":"https:\/\/noticiasregionais.com.br\/index.php?rest_route=\/wp\/v2\/posts"}],"about":[{"href":"https:\/\/noticiasregionais.com.br\/index.php?rest_route=\/wp\/v2\/types\/post"}],"author":[{"embeddable":true,"href":"https:\/\/noticiasregionais.com.br\/index.php?rest_route=\/wp\/v2\/users\/1"}],"replies":[{"embeddable":true,"href":"https:\/\/noticiasregionais.com.br\/index.php?rest_route=%2Fwp%2Fv2%2Fcomments&post=5836"}],"version-history":[{"count":1,"href":"https:\/\/noticiasregionais.com.br\/index.php?rest_route=\/wp\/v2\/posts\/5836\/revisions"}],"predecessor-version":[{"id":5838,"href":"https:\/\/noticiasregionais.com.br\/index.php?rest_route=\/wp\/v2\/posts\/5836\/revisions\/5838"}],"wp:featuredmedia":[{"embeddable":true,"href":"https:\/\/noticiasregionais.com.br\/index.php?rest_route=\/wp\/v2\/media\/5837"}],"wp:attachment":[{"href":"https:\/\/noticiasregionais.com.br\/index.php?rest_route=%2Fwp%2Fv2%2Fmedia&parent=5836"}],"wp:term":[{"taxonomy":"category","embeddable":true,"href":"https:\/\/noticiasregionais.com.br\/index.php?rest_route=%2Fwp%2Fv2%2Fcategories&post=5836"},{"taxonomy":"post_tag","embeddable":true,"href":"https:\/\/noticiasregionais.com.br\/index.php?rest_route=%2Fwp%2Fv2%2Ftags&post=5836"}],"curies":[{"name":"wp","href":"https:\/\/api.w.org\/{rel}","templated":true}]}}