{"id":5839,"date":"2025-07-22T13:56:29","date_gmt":"2025-07-22T16:56:29","guid":{"rendered":"https:\/\/noticiasregionais.com.br\/?p=5839"},"modified":"2025-07-22T13:56:47","modified_gmt":"2025-07-22T16:56:47","slug":"prf-apreende-mais-de-14-kg-de-pasta-base-de-cocaina-com-dois-bolivianos-em-ourinhos","status":"publish","type":"post","link":"https:\/\/noticiasregionais.com.br\/?p=5839","title":{"rendered":"PRF apreende mais de 14 kg de pasta base de coca\u00edna com dois bolivianos em Ourinhos"},"content":{"rendered":"\n<p>Durante uma abordagem de rotina na madrugada desta ter\u00e7a-feira (22), a Pol\u00edcia Rodovi\u00e1ria Federal prendeu dois cidad\u00e3os bolivianos por tr\u00e1fico de drogas em Ourinhos. A a\u00e7\u00e3o ocorreu no entroncamento da BR-153 com a Rodovia Raposo Tavares (SP-270), quando os agentes pararam um ve\u00edculo Nissan Tiida com placas estrangeiras.<\/p>\n\n\n\n<p>Ao fiscalizar o autom\u00f3vel, os policiais identificaram ind\u00edcios de altera\u00e7\u00f5es estruturais em partes da lataria. Ap\u00f3s uma inspe\u00e7\u00e3o minuciosa, foram encontrados diversos compartimentos ocultos nos batentes das portas, onde estavam escondidos aproximadamente <strong>14,45 kg de pasta base de coca\u00edna<\/strong>. Al\u00e9m disso, os agentes localizaram <strong>mais de 400 gramas de haxixe<\/strong> e <strong>cerca de 200 gramas de folhas de coca<\/strong>.<\/p>\n\n\n\n<p>De acordo com a PRF, os ocupantes do ve\u00edculo \u2014 dois irm\u00e3os bolivianos \u2014 apresentaram comportamento suspeito durante a abordagem. Ambos estavam mastigando folhas de coca, subst\u00e2ncia considerada ilegal no Brasil por ser mat\u00e9ria-prima para produ\u00e7\u00e3o de coca\u00edna. Dois pacotes da planta foram localizados no interior do carro.<\/p>\n\n\n\n<p>Questionado pelos agentes, o motorista admitiu que havia embarcado com os entorpecentes na cidade de Cochabamba, na Bol\u00edvia, com a inten\u00e7\u00e3o de lev\u00e1-los at\u00e9 a capital paulista.<\/p>\n\n\n\n<p>A dupla foi conduzida \u00e0 sede da Pol\u00edcia Federal em Mar\u00edlia, onde foi registrada a ocorr\u00eancia por tr\u00e1fico internacional de drogas. Os dois permanecem presos \u00e0 disposi\u00e7\u00e3o da Justi\u00e7a.<\/p>\n<input type=\"hidden\" id=\"baseurl\" value=\"https:\/\/noticiasregionais.com.br\"><input type=\"hidden\" id=\"audio_nonce\" value=\"533fbb67b1\">","protected":false},"excerpt":{"rendered":"<p>Durante uma abordagem de rotina na madrugada desta ter\u00e7a-feira (22), a Pol\u00edcia Rodovi\u00e1ria Federal prendeu dois cidad\u00e3os bolivianos por tr\u00e1fico&hellip;<\/p>\n","protected":false},"author":1,"featured_media":5840,"comment_status":"closed","ping_status":"open","sticky":false,"template":"","format":"standard","meta":{"sfsi_plus_gutenberg_text_before_share":"","sfsi_plus_gutenberg_show_text_before_share":"","sfsi_plus_gutenberg_icon_type":"","sfsi_plus_gutenberg_icon_alignemt":"","sfsi_plus_gutenburg_max_per_row":"","footnotes":""},"categories":[10,1,5],"tags":[16],"class_list":["post-5839","post","type-post","status-publish","format-standard","has-post-thumbnail","hentry","category-destaques","category-noticias","category-ourinhos","tag-ourinhos"],"_links":{"self":[{"href":"https:\/\/noticiasregionais.com.br\/index.php?rest_route=\/wp\/v2\/posts\/5839","targetHints":{"allow":["GET"]}}],"collection":[{"href":"https:\/\/noticiasregionais.com.br\/index.php?rest_route=\/wp\/v2\/posts"}],"about":[{"href":"https:\/\/noticiasregionais.com.br\/index.php?rest_route=\/wp\/v2\/types\/post"}],"author":[{"embeddable":true,"href":"https:\/\/noticiasregionais.com.br\/index.php?rest_route=\/wp\/v2\/users\/1"}],"replies":[{"embeddable":true,"href":"https:\/\/noticiasregionais.com.br\/index.php?rest_route=%2Fwp%2Fv2%2Fcomments&post=5839"}],"version-history":[{"count":1,"href":"https:\/\/noticiasregionais.com.br\/index.php?rest_route=\/wp\/v2\/posts\/5839\/revisions"}],"predecessor-version":[{"id":5841,"href":"https:\/\/noticiasregionais.com.br\/index.php?rest_route=\/wp\/v2\/posts\/5839\/revisions\/5841"}],"wp:featuredmedia":[{"embeddable":true,"href":"https:\/\/noticiasregionais.com.br\/index.php?rest_route=\/wp\/v2\/media\/5840"}],"wp:attachment":[{"href":"https:\/\/noticiasregionais.com.br\/index.php?rest_route=%2Fwp%2Fv2%2Fmedia&parent=5839"}],"wp:term":[{"taxonomy":"category","embeddable":true,"href":"https:\/\/noticiasregionais.com.br\/index.php?rest_route=%2Fwp%2Fv2%2Fcategories&post=5839"},{"taxonomy":"post_tag","embeddable":true,"href":"https:\/\/noticiasregionais.com.br\/index.php?rest_route=%2Fwp%2Fv2%2Ftags&post=5839"}],"curies":[{"name":"wp","href":"https:\/\/api.w.org\/{rel}","templated":true}]}}