{"id":584,"date":"2023-09-27T08:27:29","date_gmt":"2023-09-27T11:27:29","guid":{"rendered":"https:\/\/noticiasregionais.com.br\/?p=584"},"modified":"2023-09-27T08:27:31","modified_gmt":"2023-09-27T11:27:31","slug":"cmdca-realiza-debate-entre-candidatas-ao-conselho-tutelar-em-ourinhos","status":"publish","type":"post","link":"https:\/\/noticiasregionais.com.br\/?p=584","title":{"rendered":"CMDCA realiza debate entre candidatas ao Conselho Tutelar em Ourinhos"},"content":{"rendered":"\n<p>O Conselho Municipal dos Direitos da Crian\u00e7a e do Adolescente, a&nbsp;Secretaria de Assist\u00eancia Social e&nbsp;a Secretaria de Educa\u00e7\u00e3o realizaram na tarde da \u00faltima quarta-feira&nbsp;um debate entre as candidatas ao Conselho Tutelar de Ourinhos.<\/p>\n\n\n\n<p>O debate aconteceu no CREF e contou com a participa\u00e7\u00e3o de representantes do Poder P\u00fablico e tamb\u00e9m da Sociedade Civil, al\u00e9m do Coordenador da Comiss\u00e3o dos Direitos da Crian\u00e7a e do Adolescente da OAB, Dr. Regis Daniel Luscenti e do vice-prefeito e Secret\u00e1rio Municipal de Educa\u00e7\u00e3o, Lucas Suzuki.<\/p>\n\n\n\n<p>Foram sorteados temas que abordavam a participa\u00e7\u00e3o do Conselho Tutelar em diversas situa\u00e7\u00f5es envolvendo a sa\u00fade e bem-estar da crian\u00e7a e adolescente, onde as candidatas puderam expor o seu ponto de vista, mostrando suas ideias aos presentes que v\u00e3o decidir no domingo, dia 1 de outubro, atrav\u00e9s de vota\u00e7\u00e3o das 8h \u00e0s 17h, quem ser\u00e3o as pr\u00f3ximas conselheiras tutelares.<\/p>\n\n\n\n<p>O debate foi transmitido ao vivo nas p\u00e1ginas da Prefeitura de Ourinhos no Facebook (https:\/\/www.facebook.com\/prefeituradeourinhos\/videos\/833090694961831\/) e no Instagram da Secretaria de Educa\u00e7\u00e3o (https:\/\/www.instagram.com\/p\/CxbO7xDA7dC\/).<\/p>\n\n\n\n<p>Pela primeira vez, a elei\u00e7\u00e3o ser\u00e1 aberta para qualquer pessoa com t\u00edtulo de eleitor regularizado e pertencente ao munic\u00edpio. \u00c9 obrigat\u00f3rio a apresenta\u00e7\u00e3o de documento de identifica\u00e7\u00e3o com foto (f\u00edsico ou digital).<\/p>\n\n\n\n<p>Votam na&nbsp;EMEF GEORGINA LOPES DO AMARAL (CAIC)&nbsp;os eleitores destas escolas:<br>EE DR. ARY CORREA<br>EMEF JARDIM ANCHIETA (CAIC)<br>EMEI VINICIUS DE MORAES<br>EMEF. PROF.\u00aa NILSE DE FREITAS<br>EE PROF. JOSE AUGUSTO DE OLIVEIRA<\/p>\n\n\n\n<p>Votam na&nbsp;EE PROF. JOSEPHA CUBAS DA SILVA&nbsp;os eleitores destas escolas:<br>EMEF PEDAGOGO PAULO FREIRE<br>EE PROF.\u00aa. JOSEPHA CUBAS DA SILVA<br>EMEF PROF.\u00aa EVANI MAIORAL RIBEIRO CARNEIRO<\/p>\n\n\n\n<p>Votam na&nbsp;EE PROF.\u00aa MARIA DO CARMO ARRUDA DA SILVA&nbsp;os eleitores destas escolas:<br>EMEF PROF.\u00aa DOROTHILDES BONONI GONCALVES<br>EMEF PROF.\u00aa JANDIRA LACERDA ZANONI<br>EE PROF\u00aa. MARIA DO CARMO ARRUDA DA SILVA<br>EMEI VIRIATO CORREA<br>ETE JACINTO FERREIRA DE S\u00c1<br>EMEF PROF\u00ba JORGE HERKRATH<br>EE HORACIO SOARES<br>EE PROF. DALTON MORATO VILLAS BOAS<br>FUNDA\u00c7\u00c3O EDUCACIONAL MIGUEL MOFARREJ<br>EE PROF.\u00aa JUSTINA DE OLIVEIRA GONCALVES<\/p>\n\n\n\n<p>Votam na&nbsp;EE DOMINGOS CAMERLINGO CAL\u00d3&nbsp;os eleitores destas escolas:<br>EMEF PROF.\u00aa JOSEFA NAVARRO LEMOS<br>EE PROF. JOSE MARIA PASCHOALICK<br>SESI<br>EMEI CENTRO SOCIAL URBANO<br>EMEF. PROF.\u00aa ADELAIDE PEDROSO RACANELLO<br>EE DOMINGOS CAMERLINGO CALO<br>EE VIRGINIA RAMALHO<br>EMEI DONA JOSEFINA DA SILVA E S\u00c1<br>EMEI ANGELINA PERINO<br>EE. PROF\u00aa. ESMERALDA SOARES FERRAZ<br>COL\u00c9GIO COC JEAN PIAGET<br>EMEF PROF\u00ba. FRANCISCO DIAS NEGR\u00c3O<\/p>\n\n\n\n<p>Endere\u00e7os:<br>EMEF GEORGINA LOPES DO AMARAL (CAIC): Rua Maria Pulcinelli Pelegrino, 590.<br>EE PROF. JOSEPHA CUBAS DA SILVA: Rua Jornalista Francisco de Almeira, 463.<br>EE PROF.\u00aa MARIA DO CARMO ARRUDA DA SILVA: Avenida Domingos Camerlingo Cal\u00f3, 1675.<br>EE DOMINGOS CAMERLINGO CAL\u00d3: Rua Duque de Caxias, 558.<\/p>\n\n\n\n<p><sub>com informa\u00e7\u00f5es da Prefeitura Municipal de Ourinhos<\/sub><\/p>\n<input type=\"hidden\" id=\"baseurl\" value=\"https:\/\/noticiasregionais.com.br\"><input type=\"hidden\" id=\"audio_nonce\" value=\"3cdc555a10\">","protected":false},"excerpt":{"rendered":"<p>O Conselho Municipal dos Direitos da Crian\u00e7a e do Adolescente, a&nbsp;Secretaria de Assist\u00eancia Social e&nbsp;a Secretaria de Educa\u00e7\u00e3o realizaram na&hellip;<\/p>\n","protected":false},"author":1,"featured_media":585,"comment_status":"closed","ping_status":"open","sticky":false,"template":"","format":"standard","meta":{"sfsi_plus_gutenberg_text_before_share":"","sfsi_plus_gutenberg_show_text_before_share":"","sfsi_plus_gutenberg_icon_type":"","sfsi_plus_gutenberg_icon_alignemt":"","sfsi_plus_gutenburg_max_per_row":"","footnotes":""},"categories":[5,10,1],"tags":[],"class_list":["post-584","post","type-post","status-publish","format-standard","has-post-thumbnail","hentry","category-ourinhos","category-destaques","category-noticias"],"_links":{"self":[{"href":"https:\/\/noticiasregionais.com.br\/index.php?rest_route=\/wp\/v2\/posts\/584","targetHints":{"allow":["GET"]}}],"collection":[{"href":"https:\/\/noticiasregionais.com.br\/index.php?rest_route=\/wp\/v2\/posts"}],"about":[{"href":"https:\/\/noticiasregionais.com.br\/index.php?rest_route=\/wp\/v2\/types\/post"}],"author":[{"embeddable":true,"href":"https:\/\/noticiasregionais.com.br\/index.php?rest_route=\/wp\/v2\/users\/1"}],"replies":[{"embeddable":true,"href":"https:\/\/noticiasregionais.com.br\/index.php?rest_route=%2Fwp%2Fv2%2Fcomments&post=584"}],"version-history":[{"count":1,"href":"https:\/\/noticiasregionais.com.br\/index.php?rest_route=\/wp\/v2\/posts\/584\/revisions"}],"predecessor-version":[{"id":586,"href":"https:\/\/noticiasregionais.com.br\/index.php?rest_route=\/wp\/v2\/posts\/584\/revisions\/586"}],"wp:featuredmedia":[{"embeddable":true,"href":"https:\/\/noticiasregionais.com.br\/index.php?rest_route=\/wp\/v2\/media\/585"}],"wp:attachment":[{"href":"https:\/\/noticiasregionais.com.br\/index.php?rest_route=%2Fwp%2Fv2%2Fmedia&parent=584"}],"wp:term":[{"taxonomy":"category","embeddable":true,"href":"https:\/\/noticiasregionais.com.br\/index.php?rest_route=%2Fwp%2Fv2%2Fcategories&post=584"},{"taxonomy":"post_tag","embeddable":true,"href":"https:\/\/noticiasregionais.com.br\/index.php?rest_route=%2Fwp%2Fv2%2Ftags&post=584"}],"curies":[{"name":"wp","href":"https:\/\/api.w.org\/{rel}","templated":true}]}}