{"id":5842,"date":"2025-07-22T14:44:59","date_gmt":"2025-07-22T17:44:59","guid":{"rendered":"https:\/\/noticiasregionais.com.br\/?p=5842"},"modified":"2025-07-22T18:35:04","modified_gmt":"2025-07-22T21:35:04","slug":"dra-janaina-rentschler-representa-ourinhos-no-maior-congresso-de-gatos-do-brasil","status":"publish","type":"post","link":"https:\/\/noticiasregionais.com.br\/?p=5842","title":{"rendered":"Dra. Janaina Rentschler representa Ourinhos no maior congresso de gatos do Brasil"},"content":{"rendered":"\n<p>Quem ama gato sabe: eles s\u00e3o exigentes, sens\u00edveis e merecem um cuidado especial. E \u00e9 exatamente isso que a veterin\u00e1ria ourinhense Dra. Janaina Rentschler tem oferecido com dedica\u00e7\u00e3o \u2014 e agora com ainda mais conhecimento na bagagem! Ela marcou presen\u00e7a no Cat Congress Brazil 2025, o maior congresso de medicina felina do pa\u00eds, realizado entre os dias 11 e 13 de julho em S\u00e3o Paulo.<\/p>\n\n\n\n<p>Dona da \u00fanica cl\u00ednica exclusiva para gatos em Ourinhos, a Dra. Janaina vem se destacando n\u00e3o s\u00f3 pelo carinho com os pacientes de quatro patas, mas tamb\u00e9m pelo empenho constante em se atualizar. E foi por isso que ela fez quest\u00e3o de participar do evento, que reuniu os maiores nomes da medicina felina nacional e internacional, com uma programa\u00e7\u00e3o recheada de palestras t\u00e9cnicas, novidades em nutri\u00e7\u00e3o, comportamento, cirurgia e muito mais.<\/p>\n\n\n\n<p>Sabendo que o Gato \u00e9 uma esp\u00e9cie com necessidades muito pr\u00f3prias, a profissional destaca sempre sua obriga\u00e7\u00e3o de entender isso com profundidade nos anos em que se dedica exclusivamente ao atendimento de felinos.<\/p>\n\n\n\n<p>A cl\u00ednica, que fica no Jardim Matilde, foi idealizada para ser um espa\u00e7o totalmente adaptado ao universo dos gatos: mais silenciosa, com cheiros neutros, ambientes separados e um atendimento que respeita o comportamento dos bichanos. Al\u00e9m dos atendimentos cl\u00ednicos, o local tamb\u00e9m oferece interna\u00e7\u00e3o, vacinas, cirurgias, exames, microchipagem e outros cuidados para pets felinos, presencialmente, 24 horas por dia.<\/p>\n\n\n\n<p>Para a Dra Janaina, participar de um evento do porte do Cat Congress \u00e9 mais do que uma viagem profissional \u2014 \u00e9 uma oportunidade de trazer o que h\u00e1 de mais moderno e eficaz no cuidado com os gatos diretamente para Ourinhos, um investimento feito com muito orgulho e dedicado aos seus pacientes e tutores.<\/p>\n\n\n\n<p>Para quem tem gato e procura um atendimento mais humanizado, acolhedor e especializado, a Dra. Janaina \u00e9 hoje um dos principais nomes da regi\u00e3o. E depois do congresso, ficou ainda mais preparada para oferecer um cuidado que une amor, t\u00e9cnica e muito conhecimento.<\/p>\n\n\n\n<p><a href=\"https:\/\/maps.app.goo.gl\/7H764YcoHM9mLtWF9\" target=\"_blank\" rel=\"noopener\">https:\/\/maps.app.goo.gl\/7H764YcoHM9mLtWF9<\/a><\/p>\n\n\n\n<figure class=\"wp-block-gallery has-nested-images columns-default is-cropped wp-block-gallery-1 is-layout-flex wp-block-gallery-is-layout-flex\">\n<figure class=\"wp-block-image size-large\"><a href=\"https:\/\/noticiasregionais.com.br\/wp-content\/uploads\/2025\/07\/Clinica-Dra-Janaina-02.jpg\"><img decoding=\"async\" width=\"966\" height=\"557\" data-id=\"5845\" src=\"https:\/\/noticiasregionais.com.br\/wp-content\/uploads\/2025\/07\/Clinica-Dra-Janaina-02.jpg\" alt=\"\" class=\"wp-image-5845\" srcset=\"https:\/\/noticiasregionais.com.br\/wp-content\/uploads\/2025\/07\/Clinica-Dra-Janaina-02.jpg 966w, https:\/\/noticiasregionais.com.br\/wp-content\/uploads\/2025\/07\/Clinica-Dra-Janaina-02-300x173.jpg 300w, https:\/\/noticiasregionais.com.br\/wp-content\/uploads\/2025\/07\/Clinica-Dra-Janaina-02-768x443.jpg 768w\" sizes=\"(max-width: 966px) 100vw, 966px\" \/><\/a><\/figure>\n\n\n\n<figure class=\"wp-block-image size-large\"><a href=\"https:\/\/noticiasregionais.com.br\/wp-content\/uploads\/2025\/07\/Cat-Congress.jpg\"><img decoding=\"async\" width=\"1024\" height=\"768\" data-id=\"5844\" src=\"https:\/\/noticiasregionais.com.br\/wp-content\/uploads\/2025\/07\/Cat-Congress-1024x768.jpg\" alt=\"\" class=\"wp-image-5844\" srcset=\"https:\/\/noticiasregionais.com.br\/wp-content\/uploads\/2025\/07\/Cat-Congress-1024x768.jpg 1024w, https:\/\/noticiasregionais.com.br\/wp-content\/uploads\/2025\/07\/Cat-Congress-300x225.jpg 300w, https:\/\/noticiasregionais.com.br\/wp-content\/uploads\/2025\/07\/Cat-Congress-768x576.jpg 768w, https:\/\/noticiasregionais.com.br\/wp-content\/uploads\/2025\/07\/Cat-Congress.jpg 1080w\" sizes=\"(max-width: 1024px) 100vw, 1024px\" \/><\/a><\/figure>\n\n\n\n<figure class=\"wp-block-image size-large\"><a href=\"https:\/\/noticiasregionais.com.br\/wp-content\/uploads\/2025\/07\/Clinica-Dra-Janaina.jpg\"><img decoding=\"async\" width=\"770\" height=\"524\" data-id=\"5846\" src=\"https:\/\/noticiasregionais.com.br\/wp-content\/uploads\/2025\/07\/Clinica-Dra-Janaina.jpg\" alt=\"\" class=\"wp-image-5846\" srcset=\"https:\/\/noticiasregionais.com.br\/wp-content\/uploads\/2025\/07\/Clinica-Dra-Janaina.jpg 770w, https:\/\/noticiasregionais.com.br\/wp-content\/uploads\/2025\/07\/Clinica-Dra-Janaina-300x204.jpg 300w, https:\/\/noticiasregionais.com.br\/wp-content\/uploads\/2025\/07\/Clinica-Dra-Janaina-768x523.jpg 768w\" sizes=\"(max-width: 770px) 100vw, 770px\" \/><\/a><\/figure>\n<\/figure>\n<input type=\"hidden\" id=\"baseurl\" value=\"https:\/\/noticiasregionais.com.br\"><input type=\"hidden\" id=\"audio_nonce\" value=\"533fbb67b1\">","protected":false},"excerpt":{"rendered":"<p>Quem ama gato sabe: eles s\u00e3o exigentes, sens\u00edveis e merecem um cuidado especial. E \u00e9 exatamente isso que a veterin\u00e1ria&hellip;<\/p>\n","protected":false},"author":1,"featured_media":5847,"comment_status":"closed","ping_status":"open","sticky":false,"template":"","format":"standard","meta":{"sfsi_plus_gutenberg_text_before_share":"","sfsi_plus_gutenberg_show_text_before_share":"","sfsi_plus_gutenberg_icon_type":"","sfsi_plus_gutenberg_icon_alignemt":"","sfsi_plus_gutenburg_max_per_row":"","footnotes":""},"categories":[12,1,5,13],"tags":[16],"class_list":["post-5842","post","type-post","status-publish","format-standard","has-post-thumbnail","hentry","category-capa","category-noticias","category-ourinhos","category-parceiros","tag-ourinhos"],"_links":{"self":[{"href":"https:\/\/noticiasregionais.com.br\/index.php?rest_route=\/wp\/v2\/posts\/5842","targetHints":{"allow":["GET"]}}],"collection":[{"href":"https:\/\/noticiasregionais.com.br\/index.php?rest_route=\/wp\/v2\/posts"}],"about":[{"href":"https:\/\/noticiasregionais.com.br\/index.php?rest_route=\/wp\/v2\/types\/post"}],"author":[{"embeddable":true,"href":"https:\/\/noticiasregionais.com.br\/index.php?rest_route=\/wp\/v2\/users\/1"}],"replies":[{"embeddable":true,"href":"https:\/\/noticiasregionais.com.br\/index.php?rest_route=%2Fwp%2Fv2%2Fcomments&post=5842"}],"version-history":[{"count":1,"href":"https:\/\/noticiasregionais.com.br\/index.php?rest_route=\/wp\/v2\/posts\/5842\/revisions"}],"predecessor-version":[{"id":5848,"href":"https:\/\/noticiasregionais.com.br\/index.php?rest_route=\/wp\/v2\/posts\/5842\/revisions\/5848"}],"wp:featuredmedia":[{"embeddable":true,"href":"https:\/\/noticiasregionais.com.br\/index.php?rest_route=\/wp\/v2\/media\/5847"}],"wp:attachment":[{"href":"https:\/\/noticiasregionais.com.br\/index.php?rest_route=%2Fwp%2Fv2%2Fmedia&parent=5842"}],"wp:term":[{"taxonomy":"category","embeddable":true,"href":"https:\/\/noticiasregionais.com.br\/index.php?rest_route=%2Fwp%2Fv2%2Fcategories&post=5842"},{"taxonomy":"post_tag","embeddable":true,"href":"https:\/\/noticiasregionais.com.br\/index.php?rest_route=%2Fwp%2Fv2%2Ftags&post=5842"}],"curies":[{"name":"wp","href":"https:\/\/api.w.org\/{rel}","templated":true}]}}