{"id":5849,"date":"2025-07-24T15:50:42","date_gmt":"2025-07-24T18:50:42","guid":{"rendered":"https:\/\/noticiasregionais.com.br\/?p=5849"},"modified":"2025-07-24T16:08:58","modified_gmt":"2025-07-24T19:08:58","slug":"cidades-do-norte-pioneiro-promovem-caminhada-no-dia-estadual-de-combate-ao-feminicidio","status":"publish","type":"post","link":"https:\/\/noticiasregionais.com.br\/?p=5849","title":{"rendered":"Cidades do Norte Pioneiro promovem caminhada no dia estadual de combate ao Feminic\u00eddio"},"content":{"rendered":"\n<p>Na manh\u00e3 de ter\u00e7a-feira (22), cidades do Norte Pioneiro do Paran\u00e1 se uniram em um ato simb\u00f3lico e de grande relev\u00e2ncia social: a Caminhada do Meio-Dia. Realizada simultaneamente em Siqueira Campos, Jaboti, Carl\u00f3polis, Jacarezinho e Ribeir\u00e3o do Pinhal, a mobiliza\u00e7\u00e3o marcou o Dia Estadual de Combate ao Feminic\u00eddio, conforme institu\u00eddo pela Lei Estadual n\u00ba 21.926\/2024.<\/p>\n\n\n\n<p>O evento reuniu cerca de mil participantes, incluindo representantes das administra\u00e7\u00f5es municipais, for\u00e7as de seguran\u00e7a, lideran\u00e7as comunit\u00e1rias, movimentos sociais e cidad\u00e3os engajados na luta contra a viol\u00eancia de g\u00eanero. Em Siqueira Campos, a programa\u00e7\u00e3o teve in\u00edcio com uma palestra promovida pela Patrulha Maria da Penha do 2\u00ba Batalh\u00e3o de Pol\u00edcia Militar, que abordou o enfrentamento \u00e0 viol\u00eancia dom\u00e9stica e os mecanismos de prote\u00e7\u00e3o \u00e0s v\u00edtimas.<\/p>\n\n\n\n<p>Logo ap\u00f3s, \u00e0s 11h30, os participantes seguiram em caminhada pelas ruas centrais das cidades at\u00e9 as sedes das prefeituras. Com faixas, cartazes e discursos, a manifesta\u00e7\u00e3o pac\u00edfica refor\u00e7ou a import\u00e2ncia da conscientiza\u00e7\u00e3o e da preven\u00e7\u00e3o ao feminic\u00eddio, buscando mobilizar a sociedade em torno da defesa dos direitos das mulheres.<\/p>\n\n\n\n<p>A Pol\u00edcia Militar do Paran\u00e1 acompanhou toda a a\u00e7\u00e3o com equipes e viaturas, garantindo a seguran\u00e7a do trajeto e apoiando a organiza\u00e7\u00e3o do evento. A atua\u00e7\u00e3o da Patrulha Maria da Penha foi destaque, simbolizando o compromisso permanente da corpora\u00e7\u00e3o com a prote\u00e7\u00e3o das mulheres e a promo\u00e7\u00e3o dos direitos humanos.<\/p>\n\n\n\n<p>A Caminhada do Meio-Dia se consolida como um importante instrumento de mobiliza\u00e7\u00e3o regional, mostrando que o combate \u00e0 viol\u00eancia de g\u00eanero precisa ser cont\u00ednuo, coletivo e pautado na educa\u00e7\u00e3o, preven\u00e7\u00e3o e responsabilidade social.<\/p>\n\n\n\n<figure class=\"wp-block-gallery has-nested-images columns-default is-cropped wp-block-gallery-1 is-layout-flex wp-block-gallery-is-layout-flex\">\n<figure class=\"wp-block-image size-large\"><a href=\"https:\/\/noticiasregionais.com.br\/wp-content\/uploads\/2025\/07\/WhatsApp-Image-2025-07-22-at-15.29.411.jpeg\"><img decoding=\"async\" width=\"1024\" height=\"768\" data-id=\"5850\" src=\"https:\/\/noticiasregionais.com.br\/wp-content\/uploads\/2025\/07\/WhatsApp-Image-2025-07-22-at-15.29.411-1024x768.jpeg\" alt=\"\" class=\"wp-image-5850\" srcset=\"https:\/\/noticiasregionais.com.br\/wp-content\/uploads\/2025\/07\/WhatsApp-Image-2025-07-22-at-15.29.411-1024x768.jpeg 1024w, https:\/\/noticiasregionais.com.br\/wp-content\/uploads\/2025\/07\/WhatsApp-Image-2025-07-22-at-15.29.411-300x225.jpeg 300w, https:\/\/noticiasregionais.com.br\/wp-content\/uploads\/2025\/07\/WhatsApp-Image-2025-07-22-at-15.29.411-768x576.jpeg 768w, https:\/\/noticiasregionais.com.br\/wp-content\/uploads\/2025\/07\/WhatsApp-Image-2025-07-22-at-15.29.411-1536x1152.jpeg 1536w, https:\/\/noticiasregionais.com.br\/wp-content\/uploads\/2025\/07\/WhatsApp-Image-2025-07-22-at-15.29.411.jpeg 1600w\" sizes=\"(max-width: 1024px) 100vw, 1024px\" \/><\/a><\/figure>\n\n\n\n<figure class=\"wp-block-image size-large\"><a href=\"https:\/\/noticiasregionais.com.br\/wp-content\/uploads\/2025\/07\/WhatsApp-Image-2025-07-22-at-15.29.412.jpeg\"><img decoding=\"async\" width=\"1024\" height=\"576\" data-id=\"5852\" src=\"https:\/\/noticiasregionais.com.br\/wp-content\/uploads\/2025\/07\/WhatsApp-Image-2025-07-22-at-15.29.412-1024x576.jpeg\" alt=\"\" class=\"wp-image-5852\" srcset=\"https:\/\/noticiasregionais.com.br\/wp-content\/uploads\/2025\/07\/WhatsApp-Image-2025-07-22-at-15.29.412-1024x576.jpeg 1024w, https:\/\/noticiasregionais.com.br\/wp-content\/uploads\/2025\/07\/WhatsApp-Image-2025-07-22-at-15.29.412-300x169.jpeg 300w, https:\/\/noticiasregionais.com.br\/wp-content\/uploads\/2025\/07\/WhatsApp-Image-2025-07-22-at-15.29.412-768x432.jpeg 768w, https:\/\/noticiasregionais.com.br\/wp-content\/uploads\/2025\/07\/WhatsApp-Image-2025-07-22-at-15.29.412-1536x864.jpeg 1536w, https:\/\/noticiasregionais.com.br\/wp-content\/uploads\/2025\/07\/WhatsApp-Image-2025-07-22-at-15.29.412.jpeg 1599w\" sizes=\"(max-width: 1024px) 100vw, 1024px\" \/><\/a><\/figure>\n\n\n\n<figure class=\"wp-block-image size-large\"><a href=\"https:\/\/noticiasregionais.com.br\/wp-content\/uploads\/2025\/07\/WhatsApp-Image-2025-07-22-at-15.29.43.jpeg\"><img decoding=\"async\" width=\"1024\" height=\"768\" data-id=\"5853\" src=\"https:\/\/noticiasregionais.com.br\/wp-content\/uploads\/2025\/07\/WhatsApp-Image-2025-07-22-at-15.29.43-1024x768.jpeg\" alt=\"\" class=\"wp-image-5853\" srcset=\"https:\/\/noticiasregionais.com.br\/wp-content\/uploads\/2025\/07\/WhatsApp-Image-2025-07-22-at-15.29.43-1024x768.jpeg 1024w, https:\/\/noticiasregionais.com.br\/wp-content\/uploads\/2025\/07\/WhatsApp-Image-2025-07-22-at-15.29.43-300x225.jpeg 300w, https:\/\/noticiasregionais.com.br\/wp-content\/uploads\/2025\/07\/WhatsApp-Image-2025-07-22-at-15.29.43-768x576.jpeg 768w, https:\/\/noticiasregionais.com.br\/wp-content\/uploads\/2025\/07\/WhatsApp-Image-2025-07-22-at-15.29.43-1536x1152.jpeg 1536w, https:\/\/noticiasregionais.com.br\/wp-content\/uploads\/2025\/07\/WhatsApp-Image-2025-07-22-at-15.29.43.jpeg 1600w\" sizes=\"(max-width: 1024px) 100vw, 1024px\" \/><\/a><\/figure>\n<\/figure>\n\n\n\n<p><\/p>\n<input type=\"hidden\" id=\"baseurl\" value=\"https:\/\/noticiasregionais.com.br\"><input type=\"hidden\" id=\"audio_nonce\" value=\"533fbb67b1\">","protected":false},"excerpt":{"rendered":"<p>Na manh\u00e3 de ter\u00e7a-feira (22), cidades do Norte Pioneiro do Paran\u00e1 se uniram em um ato simb\u00f3lico e de grande&hellip;<\/p>\n","protected":false},"author":1,"featured_media":5851,"comment_status":"closed","ping_status":"open","sticky":false,"template":"","format":"standard","meta":{"sfsi_plus_gutenberg_text_before_share":"","sfsi_plus_gutenberg_show_text_before_share":"","sfsi_plus_gutenberg_icon_type":"","sfsi_plus_gutenberg_icon_alignemt":"","sfsi_plus_gutenburg_max_per_row":"","footnotes":""},"categories":[10,1,7],"tags":[18],"class_list":["post-5849","post","type-post","status-publish","format-standard","has-post-thumbnail","hentry","category-destaques","category-noticias","category-parana","tag-jacarezinho"],"_links":{"self":[{"href":"https:\/\/noticiasregionais.com.br\/index.php?rest_route=\/wp\/v2\/posts\/5849","targetHints":{"allow":["GET"]}}],"collection":[{"href":"https:\/\/noticiasregionais.com.br\/index.php?rest_route=\/wp\/v2\/posts"}],"about":[{"href":"https:\/\/noticiasregionais.com.br\/index.php?rest_route=\/wp\/v2\/types\/post"}],"author":[{"embeddable":true,"href":"https:\/\/noticiasregionais.com.br\/index.php?rest_route=\/wp\/v2\/users\/1"}],"replies":[{"embeddable":true,"href":"https:\/\/noticiasregionais.com.br\/index.php?rest_route=%2Fwp%2Fv2%2Fcomments&post=5849"}],"version-history":[{"count":1,"href":"https:\/\/noticiasregionais.com.br\/index.php?rest_route=\/wp\/v2\/posts\/5849\/revisions"}],"predecessor-version":[{"id":5854,"href":"https:\/\/noticiasregionais.com.br\/index.php?rest_route=\/wp\/v2\/posts\/5849\/revisions\/5854"}],"wp:featuredmedia":[{"embeddable":true,"href":"https:\/\/noticiasregionais.com.br\/index.php?rest_route=\/wp\/v2\/media\/5851"}],"wp:attachment":[{"href":"https:\/\/noticiasregionais.com.br\/index.php?rest_route=%2Fwp%2Fv2%2Fmedia&parent=5849"}],"wp:term":[{"taxonomy":"category","embeddable":true,"href":"https:\/\/noticiasregionais.com.br\/index.php?rest_route=%2Fwp%2Fv2%2Fcategories&post=5849"},{"taxonomy":"post_tag","embeddable":true,"href":"https:\/\/noticiasregionais.com.br\/index.php?rest_route=%2Fwp%2Fv2%2Ftags&post=5849"}],"curies":[{"name":"wp","href":"https:\/\/api.w.org\/{rel}","templated":true}]}}