{"id":5855,"date":"2025-07-24T15:56:45","date_gmt":"2025-07-24T18:56:45","guid":{"rendered":"https:\/\/noticiasregionais.com.br\/?p=5855"},"modified":"2025-07-24T15:56:49","modified_gmt":"2025-07-24T18:56:49","slug":"receita-federal-libera-consulta-ao-3o-lote-da-restituicao-do-ir-2025","status":"publish","type":"post","link":"https:\/\/noticiasregionais.com.br\/?p=5855","title":{"rendered":"Receita Federal libera consulta ao 3\u00ba lote da restitui\u00e7\u00e3o do IR 2025"},"content":{"rendered":"\n<p>A Receita Federal libera, a partir desta quinta-feira (24), a consulta ao terceiro lote de restitui\u00e7\u00e3o do Imposto de Renda da Pessoa F\u00edsica (IRPF) 2025. Est\u00e3o contempladas 7.219.048 declara\u00e7\u00f5es, que j\u00e1 podem ser verificadas no portal <strong>Meu Imposto de Renda<\/strong> ou no aplicativo da Receita Federal para dispositivos m\u00f3veis.<\/p>\n\n\n\n<h3 class=\"wp-block-heading\">Valores e p\u00fablico contemplado<\/h3>\n\n\n\n<p>Ao todo, ser\u00e3o creditados <strong>R$ 10 bilh\u00f5es<\/strong> em restitui\u00e7\u00f5es, com pagamento previsto para o dia <strong>31 de julho<\/strong>. Desse total, <strong>R$ 557,8 milh\u00f5es<\/strong> ser\u00e3o destinados a contribuintes com prioridade legal:<\/p>\n\n\n\n<ul class=\"wp-block-list\">\n<li>15.988 pessoas com mais de 80 anos;<\/li>\n\n\n\n<li>83.575 contribuintes entre 60 e 79 anos;<\/li>\n\n\n\n<li>11.298 pessoas com defici\u00eancia f\u00edsica, mental ou com doen\u00e7a grave;<\/li>\n\n\n\n<li>35.315 professores cuja principal fonte de renda \u00e9 o magist\u00e9rio.<\/li>\n<\/ul>\n\n\n\n<p>Al\u00e9m disso, o lote inclui <strong>6.316.894 contribuintes n\u00e3o priorit\u00e1rios<\/strong> que optaram por usar a <strong>declara\u00e7\u00e3o pr\u00e9-preenchida<\/strong> e\/ou solicitaram a restitui\u00e7\u00e3o via <strong>Pix<\/strong>, al\u00e9m de <strong>755.978 n\u00e3o priorit\u00e1rios<\/strong> que n\u00e3o escolheram essas op\u00e7\u00f5es.<\/p>\n\n\n\n<h3 class=\"wp-block-heading\">Como consultar e receber<\/h3>\n\n\n\n<p>A consulta pode ser feita de duas formas:<\/p>\n\n\n\n<ol class=\"wp-block-list\">\n<li>No site da Receita Federal, acessando \u201cMeu Imposto de Renda\u201d > \u201cConsultar a Restitui\u00e7\u00e3o\u201d;<\/li>\n\n\n\n<li>Pelo aplicativo da Receita Federal, dispon\u00edvel para smartphones e tablets.<\/li>\n<\/ol>\n\n\n\n<p>O valor ser\u00e1 depositado diretamente na <strong>conta banc\u00e1ria informada na declara\u00e7\u00e3o<\/strong> ou na <strong>chave Pix<\/strong> cadastrada.<\/p>\n\n\n\n<p>Caso o cr\u00e9dito n\u00e3o seja realizado (por conta encerrada ou erro nos dados), o valor ficar\u00e1 dispon\u00edvel por <strong>at\u00e9 um ano<\/strong> no Banco do Brasil. O reagendamento do dep\u00f3sito pode ser feito pelo site do BB ou pela central de atendimento telef\u00f4nico da institui\u00e7\u00e3o.<\/p>\n\n\n\n<p>Ap\u00f3s esse prazo, ser\u00e1 necess\u00e1rio solicitar o resgate pelo <strong>e-CAC<\/strong>, no menu \u201cDeclara\u00e7\u00f5es e Demonstrativos &gt; Meu Imposto de Renda &gt; Solicitar restitui\u00e7\u00e3o n\u00e3o resgatada\u201d.<\/p>\n\n\n\n<h3 class=\"wp-block-heading\">Cronograma de restitui\u00e7\u00f5es 2025<\/h3>\n\n\n\n<p>Confira o calend\u00e1rio completo dos pagamentos:<\/p>\n\n\n\n<figure class=\"wp-block-table\"><table class=\"has-fixed-layout\"><thead><tr><th>Lote<\/th><th>Data de pagamento<\/th><\/tr><\/thead><tbody><tr><td>1\u00ba lote<\/td><td>30 de maio de 2025<\/td><\/tr><tr><td>2\u00ba lote<\/td><td>30 de junho de 2025<\/td><\/tr><tr><td><strong>3\u00ba lote (atual)<\/strong><\/td><td><strong>31 de julho de 2025<\/strong><\/td><\/tr><tr><td>4\u00ba lote<\/td><td>29 de agosto de 2025<\/td><\/tr><tr><td>5\u00ba lote<\/td><td>30 de setembro de 2025<\/td><\/tr><\/tbody><\/table><\/figure>\n\n\n\n<p>O segundo lote, liberado em junho, devolveu R$ 11 bilh\u00f5es a mais de 6,5 milh\u00f5es de contribuintes.<\/p>\n\n\n\n<h3 class=\"wp-block-heading\">Recomenda\u00e7\u00f5es da Receita Federal<\/h3>\n\n\n\n<p>Para garantir que tudo ocorra sem problemas, a Receita orienta os contribuintes a:<\/p>\n\n\n\n<ul class=\"wp-block-list\">\n<li>Verificarem atentamente os <strong>dados banc\u00e1rios<\/strong> antes de enviar a declara\u00e7\u00e3o;<\/li>\n\n\n\n<li>Optarem pela <strong>declara\u00e7\u00e3o pr\u00e9-preenchida<\/strong> e pela <strong>restitui\u00e7\u00e3o via Pix<\/strong>, que podem acelerar o pagamento;<\/li>\n\n\n\n<li>Acessarem regularmente o <strong>e-CAC<\/strong> para conferir pend\u00eancias ou informa\u00e7\u00f5es sobre o processamento da declara\u00e7\u00e3o;<\/li>\n\n\n\n<li>Retificarem a declara\u00e7\u00e3o, se necess\u00e1rio, caso encontrem alguma inconsist\u00eancia.<\/li>\n<\/ul>\n\n\n\n<p>Fonte: <a class=\"\" href=\"https:\/\/brasil61.com\/n\/receita-federal-libera-consulta-ao-3-lote-da-restituicao-do-irpf-2025-nesta-quinta-24-bras2514366\" target=\"_blank\" rel=\"noopener\">Brasil 61<\/a><\/p>\n<input type=\"hidden\" id=\"baseurl\" value=\"https:\/\/noticiasregionais.com.br\"><input type=\"hidden\" id=\"audio_nonce\" value=\"533fbb67b1\">","protected":false},"excerpt":{"rendered":"<p>A Receita Federal libera, a partir desta quinta-feira (24), a consulta ao terceiro lote de restitui\u00e7\u00e3o do Imposto de Renda&hellip;<\/p>\n","protected":false},"author":1,"featured_media":5856,"comment_status":"closed","ping_status":"open","sticky":false,"template":"","format":"standard","meta":{"sfsi_plus_gutenberg_text_before_share":"","sfsi_plus_gutenberg_show_text_before_share":"","sfsi_plus_gutenberg_icon_type":"","sfsi_plus_gutenberg_icon_alignemt":"","sfsi_plus_gutenburg_max_per_row":"","footnotes":""},"categories":[8,10,1],"tags":[],"class_list":["post-5855","post","type-post","status-publish","format-standard","has-post-thumbnail","hentry","category-brasil","category-destaques","category-noticias"],"_links":{"self":[{"href":"https:\/\/noticiasregionais.com.br\/index.php?rest_route=\/wp\/v2\/posts\/5855","targetHints":{"allow":["GET"]}}],"collection":[{"href":"https:\/\/noticiasregionais.com.br\/index.php?rest_route=\/wp\/v2\/posts"}],"about":[{"href":"https:\/\/noticiasregionais.com.br\/index.php?rest_route=\/wp\/v2\/types\/post"}],"author":[{"embeddable":true,"href":"https:\/\/noticiasregionais.com.br\/index.php?rest_route=\/wp\/v2\/users\/1"}],"replies":[{"embeddable":true,"href":"https:\/\/noticiasregionais.com.br\/index.php?rest_route=%2Fwp%2Fv2%2Fcomments&post=5855"}],"version-history":[{"count":1,"href":"https:\/\/noticiasregionais.com.br\/index.php?rest_route=\/wp\/v2\/posts\/5855\/revisions"}],"predecessor-version":[{"id":5857,"href":"https:\/\/noticiasregionais.com.br\/index.php?rest_route=\/wp\/v2\/posts\/5855\/revisions\/5857"}],"wp:featuredmedia":[{"embeddable":true,"href":"https:\/\/noticiasregionais.com.br\/index.php?rest_route=\/wp\/v2\/media\/5856"}],"wp:attachment":[{"href":"https:\/\/noticiasregionais.com.br\/index.php?rest_route=%2Fwp%2Fv2%2Fmedia&parent=5855"}],"wp:term":[{"taxonomy":"category","embeddable":true,"href":"https:\/\/noticiasregionais.com.br\/index.php?rest_route=%2Fwp%2Fv2%2Fcategories&post=5855"},{"taxonomy":"post_tag","embeddable":true,"href":"https:\/\/noticiasregionais.com.br\/index.php?rest_route=%2Fwp%2Fv2%2Ftags&post=5855"}],"curies":[{"name":"wp","href":"https:\/\/api.w.org\/{rel}","templated":true}]}}